{"id":33554,"date":"2021-12-15T23:06:41","date_gmt":"2021-12-15T23:06:41","guid":{"rendered":"https:\/\/puntoapunto.com.ar\/?p=320079"},"modified":"2021-12-15T23:06:41","modified_gmt":"2021-12-15T23:06:41","slug":"schiaretti-se-reunion-con-la-mesa-de-enlace-provincial-para-definir-los-proyectos-2022","status":"publish","type":"post","link":"http:\/\/cordobadirecto.com\/index.php\/2021\/12\/15\/schiaretti-se-reunion-con-la-mesa-de-enlace-provincial-para-definir-los-proyectos-2022\/","title":{"rendered":"Schiaretti se reuni\u00f3n con la Mesa de Enlace provincial para definir los proyectos 2022"},"content":{"rendered":"<div><img src=\"http:\/\/cordobadirecto.com\/wp-content\/uploads\/2021\/12\/schiaretti-se-reunion-con-la-mesa-de-enlace-provincial-para-definir-los-proyectos-2022.jpg\" class=\"ff-og-image-inserted\"><\/div>\n<p>El gobernador <strong>Juan Schiaretti se reuni\u00f3 con las autoridades de la Comisi\u00f3n de Enlace de Entidades Agropecuarias<\/strong> de C\u00f3rdoba para definir los proyectos y objetivos para el 2022.<\/p>\n<p>El mandatario provincial estuvo acompa\u00f1ado por el ministro de Agricultura y Ganader\u00eda, <strong>Sergio Busso<\/strong>; su par de Obras P\u00fablicas, <strong>Ricardo Sosa<\/strong>; el director de Vialidad Provincial, <strong>Mart\u00edn Guti\u00e9rrez; y Franco Mugnaini,<\/strong> subsecretario de Infraestructura Agropecuaria.<\/p>\n<p>Por parte de la Comisi\u00f3n de Enlace participaron<strong> Agust\u00edn Pizzichini<\/strong>, titular de la Federaci\u00f3n Agraria de C\u00f3rdoba (FAA); <strong>Gabriel de Raedemeker<\/strong>, vicepresidente de Confederaciones Rurales Argentinas (CRA); <strong>Javier Rotondo<\/strong>, presidente de la Confederaci\u00f3n de Asociaciones Rurales de la Tercera Zona (Cartez); y<strong> Guillermo Vitteli<\/strong>, vocal de la Sociedad Rural Argentina.<\/p>\n<p>Durante el encuentro, se analiz\u00f3 lo trabajado en conjunto entre el sector productivo y el gobierno provincial en materia de infraestructura vial y seguridad rural. En este sentido,&nbsp;<strong>se realiz\u00f3 un balance de las metas planteadas y se definieron proyectos y objetivos para 2022.<\/strong><\/p>\n<p>Al respecto, el ministro de Agricultura y Ganader\u00eda, Sergio Busso indic\u00f3: \u00abSe habl\u00f3 obviamente de cuestiones que las hemos abordado con mucho protagonismo como <strong>el tema de infraestructura, del fondo de desarrollo agropecuario y de la seguridad rural, principalmente<\/strong>\u00ab.<\/p>\n<p>En materia de seguridad se resalt\u00f3 la adquisici\u00f3n de<strong>&nbsp;35 unidades autom\u00f3viles para patrullas rurales<\/strong>, de las cuales 20 estar\u00e1n a disposici\u00f3n a partir del a\u00f1o que viene. Adem\u00e1s, se tom\u00f3 el compromiso de seguir reforzando la Direcci\u00f3n de Patrulla Rural con tecnolog\u00eda digital, al igual que desarrollar el plan de mantenimiento y reparaciones de camionetas pertenecientes a la fuerza.<\/p>\n<p>Para cerrar, Busso afirm\u00f3 que junto con los representantes de la Comisi\u00f3n de Enlace&nbsp;\u00ab<strong>coincidimos en la apertura total de las exportaciones. Nos parece que ser\u00eda muy bueno empezar el a\u00f1o que viene sin ning\u00fan tipo de restricciones y eliminando las retenciones <\/strong>sobre todo a las exportaciones de carne vacuna si queremos incentivar a la ganader\u00eda. Son cosas que coincidimos, que las venimos trabajando y vamos a seguir<strong> apostando a defender al sector productivo que es defender el ADN de nuestra Provincia<\/strong>\u00ab.<\/p>\n<figure class=\"wp-block-embed aligncenter is-type-rich is-provider-twitter wp-block-embed-twitter\"> <\/figure>\n","protected":false},"excerpt":{"rendered":"<p>El gobernador Juan Schiaretti se reuni\u00f3 con las autoridades de la Comisi\u00f3n de Enlace de Entidades Agropecuarias de C\u00f3rdoba para definir los proyectos y objetivos para el 2022. El mandatario provincial estuvo acompa\u00f1ado por el ministro de Agricultura y Ganader\u00eda, Sergio Busso; su par de Obras P\u00fablicas, Ricardo Sosa; el director de Vialidad Provincial, Mart\u00edn [&hellip;]<\/p>\n","protected":false},"author":1,"featured_media":33555,"comment_status":"closed","ping_status":"closed","sticky":false,"template":"","format":"standard","meta":[],"categories":[25],"tags":[],"_links":{"self":[{"href":"http:\/\/cordobadirecto.com\/index.php\/wp-json\/wp\/v2\/posts\/33554"}],"collection":[{"href":"http:\/\/cordobadirecto.com\/index.php\/wp-json\/wp\/v2\/posts"}],"about":[{"href":"http:\/\/cordobadirecto.com\/index.php\/wp-json\/wp\/v2\/types\/post"}],"author":[{"embeddable":true,"href":"http:\/\/cordobadirecto.com\/index.php\/wp-json\/wp\/v2\/users\/1"}],"replies":[{"embeddable":true,"href":"http:\/\/cordobadirecto.com\/index.php\/wp-json\/wp\/v2\/comments?post=33554"}],"version-history":[{"count":0,"href":"http:\/\/cordobadirecto.com\/index.php\/wp-json\/wp\/v2\/posts\/33554\/revisions"}],"wp:featuredmedia":[{"embeddable":true,"href":"http:\/\/cordobadirecto.com\/index.php\/wp-json\/wp\/v2\/media\/33555"}],"wp:attachment":[{"href":"http:\/\/cordobadirecto.com\/index.php\/wp-json\/wp\/v2\/media?parent=33554"}],"wp:term":[{"taxonomy":"category","embeddable":true,"href":"http:\/\/cordobadirecto.com\/index.php\/wp-json\/wp\/v2\/categories?post=33554"},{"taxonomy":"post_tag","embeddable":true,"href":"http:\/\/cordobadirecto.com\/index.php\/wp-json\/wp\/v2\/tags?post=33554"}],"curies":[{"name":"wp","href":"https:\/\/api.w.org\/{rel}","templated":true}]}}