{"id":33559,"date":"2021-12-15T20:50:51","date_gmt":"2021-12-15T20:50:51","guid":{"rendered":"https:\/\/cordoba.gob.ar\/?p=18473"},"modified":"2021-12-15T20:50:51","modified_gmt":"2021-12-15T20:50:51","slug":"avanzan-las-obras-del-centro-de-atencion-a-personas-migrantes-y-refugiadas","status":"publish","type":"post","link":"http:\/\/cordobadirecto.com\/index.php\/2021\/12\/15\/avanzan-las-obras-del-centro-de-atencion-a-personas-migrantes-y-refugiadas\/","title":{"rendered":"Avanzan las obras del Centro de Atenci\u00f3n a Personas Migrantes y Refugiadas"},"content":{"rendered":"<div><img src=\"http:\/\/cordobadirecto.com\/wp-content\/uploads\/2021\/12\/avanzan-las-obras-del-centro-de-atencion-a-personas-migrantes-y-refugiadas.jpg\" class=\"ff-og-image-inserted\"><\/div>\n<ul>\n<li><strong>Contar\u00e1 con un puesto de informaci\u00f3n sobre la ciudad, derechos, salud, educaci\u00f3n y pol\u00edticas sociales.<\/strong><\/li>\n<li><strong>Funcionar\u00e1 en Caseros 356.<\/strong><\/li>\n<\/ul>\n<hr>\n<p>La Municipalidad de C\u00f3rdoba avanza con las obras para la construcci\u00f3n de lo que ser\u00e1 el futuro Centro de Atenci\u00f3n para Personas Migrantes y Refugiadas (CAPeM), un espacio pensado para garantizar el acceso a la informaci\u00f3n de estas personas.<\/p>\n<p>Este espacio estar\u00e1 ubicado en la Calle Caseros 356 y ser\u00e1 el punto de referencia para las personas migrantes y refugiadas. Contar\u00e1 con un puesto de informaci\u00f3n sobre la ciudad, derechos, salud, educaci\u00f3n y pol\u00edticas sociales.<\/p>\n<p>El CAPeM ser\u00e1 un espacio f\u00edsico para asesorar y atender a la poblaci\u00f3n inmigrante en C\u00f3rdoba y ofrecer\u00e1 6 l\u00edneas de acci\u00f3n:<\/p>\n<p>1. Promoci\u00f3n y Acceso a Derechos<\/p>\n<p>Las personas migrantes y refugiadas que lleguen a la ciudad de C\u00f3rdoba tendr\u00e1n acceso a informaci\u00f3n sobre los derechos que les asisten y a diferentes programas orientados a garantizar su efectividad:<\/p>\n<p>\u2022 Derecho Migratorio<br \/>\u2022 Derechos Humanos<br \/>\u2022 Derecho Laboral<br \/>\u2022 Derecho de G\u00e9nero y Diversidad Sexual<br \/>\u2022 Derecho a la Salud<br \/>\u2022 Derecho a la Educaci\u00f3n<\/p>\n<p>2. Informaci\u00f3n<\/p>\n<p>Otra de las l\u00edneas de acci\u00f3n consistir\u00e1 en brindar acceso a toda aquella informaci\u00f3n necesaria para vivir en la ciudad de C\u00f3rdoba. Para ello el CAPeM tendr\u00e1 disponible personal capacitado y la <a href=\"https:\/\/rrii.cordoba.gob.ar\/migrantes-refugiados\/#guia\">Gu\u00eda para las personas Migrantes<\/a>, en formato digital y papel.<\/p>\n<p>3. Orientaci\u00f3n en Gesti\u00f3n<\/p>\n<p>La orientaci\u00f3n a las personas migrantes en la tramitaci\u00f3n de documentaci\u00f3n ser\u00e1 otra de las l\u00edneas de acci\u00f3n que permitir\u00e1 la regularizaci\u00f3n de las situaciones registrales y el acceso pleno a sus derechos.<\/p>\n<p>4. Capacitaci\u00f3n<\/p>\n<p>A su vez, el CAPeM tendr\u00e1 entre sus funciones la capacitaci\u00f3n de las personas migrantes en aquello que facilite su integraci\u00f3n social y desarrollo personal.<\/p>\n<p>5. Asesoramiento en Asistencia b\u00e1sica<\/p>\n<p>Otra de sus principales l\u00edneas de acci\u00f3n contemplar\u00e1 aquellas situaciones de extrema vulnerabilidad. Se derivar\u00e1 el caso y se har\u00e1n las gestiones pertinentes para que la personas Migrantes puedan acceder a una asistencia b\u00e1sica de sus necesidades.<\/p>\n<p>6. Promoci\u00f3n de la Interculturalidad<\/p>\n<p>Finalmente, el CAPeM, tendr\u00e1 como objetivo ser un espacio intercultural de encuentro para los residentes de la ciudad y los migrantes, con el objeto de promover la sensibilizaci\u00f3n social y la promoci\u00f3n de la sana convivencia entre los ciudadanos de diferentes nacionalidades.<\/p>\n<p>La creaci\u00f3n del CAPeM, se encuentra enmarcada dentro del eje de pol\u00edtica de gesti\u00f3n \u201cCiudad Atractiva y Planificada\u201d. La ciudad de C\u00f3rdoba hist\u00f3ricamente ha sido destino de migrantes provenientes de diferentes lugares del mundo debido a las oportunidades laborales, el acceso a la salud y educaci\u00f3n p\u00fablica y gratuita, y a la acogida que los ciudadanos cordobeses les han brindado. En funci\u00f3n de ello y para dar respuesta a las m\u00faltiples demandas de la poblaci\u00f3n migrante con fuerte incremento en las \u00faltimas d\u00e9cadas, se crear\u00e1 este espacio f\u00edsico para asesorar y atender a la poblaci\u00f3n inmigrante en C\u00f3rdoba.<\/p>\n<p>El CAPeM va a estar a cargo de la Direcci\u00f3n de Acompa\u00f1amiento y Apoyo al Inmigrante de la Secretar\u00eda de Planeamiento, Modernizaci\u00f3n y Relaciones Internacionales.<\/p>\n<p>Alejandra Torres, secretaria de Planeamiento Modernizaci\u00f3n y Relaciones Internacionales, destac\u00f3 que es fundamental generar un espacio donde las personas migrantes y refugiadas que lleguen C\u00f3rdoba Capital y se puedan desarrollar una migraci\u00f3n en \u00f3ptimas condiciones. A su vez remarc\u00f3 que <em>\u201cel CAPeM responde a uno de los ejes de gesti\u00f3n del Intendente Mart\u00edn Llaryora, que busca transformar a C\u00f3rdoba en una ciudad m\u00e1s inclusiva y sostenible para todos sus residentes\u201d.<\/em><\/p>\n","protected":false},"excerpt":{"rendered":"<p>Contar\u00e1 con un puesto de informaci\u00f3n sobre la ciudad, derechos, salud, educaci\u00f3n y pol\u00edticas sociales. Funcionar\u00e1 en Caseros 356. La Municipalidad de C\u00f3rdoba avanza con las obras para la construcci\u00f3n de lo que ser\u00e1 el futuro Centro de Atenci\u00f3n para Personas Migrantes y Refugiadas (CAPeM), un espacio pensado para garantizar el acceso a la informaci\u00f3n [&hellip;]<\/p>\n","protected":false},"author":1,"featured_media":33560,"comment_status":"closed","ping_status":"closed","sticky":false,"template":"","format":"standard","meta":[],"categories":[44],"tags":[],"_links":{"self":[{"href":"http:\/\/cordobadirecto.com\/index.php\/wp-json\/wp\/v2\/posts\/33559"}],"collection":[{"href":"http:\/\/cordobadirecto.com\/index.php\/wp-json\/wp\/v2\/posts"}],"about":[{"href":"http:\/\/cordobadirecto.com\/index.php\/wp-json\/wp\/v2\/types\/post"}],"author":[{"embeddable":true,"href":"http:\/\/cordobadirecto.com\/index.php\/wp-json\/wp\/v2\/users\/1"}],"replies":[{"embeddable":true,"href":"http:\/\/cordobadirecto.com\/index.php\/wp-json\/wp\/v2\/comments?post=33559"}],"version-history":[{"count":0,"href":"http:\/\/cordobadirecto.com\/index.php\/wp-json\/wp\/v2\/posts\/33559\/revisions"}],"wp:featuredmedia":[{"embeddable":true,"href":"http:\/\/cordobadirecto.com\/index.php\/wp-json\/wp\/v2\/media\/33560"}],"wp:attachment":[{"href":"http:\/\/cordobadirecto.com\/index.php\/wp-json\/wp\/v2\/media?parent=33559"}],"wp:term":[{"taxonomy":"category","embeddable":true,"href":"http:\/\/cordobadirecto.com\/index.php\/wp-json\/wp\/v2\/categories?post=33559"},{"taxonomy":"post_tag","embeddable":true,"href":"http:\/\/cordobadirecto.com\/index.php\/wp-json\/wp\/v2\/tags?post=33559"}],"curies":[{"name":"wp","href":"https:\/\/api.w.org\/{rel}","templated":true}]}}