{"id":33643,"date":"2021-12-16T10:28:59","date_gmt":"2021-12-16T10:28:59","guid":{"rendered":"http:\/\/cordobadirecto.com\/index.php\/2021\/12\/16\/bochini-el-kun-se-merece-un-homenaje-por-todo-lo-que-le-dio-a-independiente\/"},"modified":"2021-12-16T10:28:59","modified_gmt":"2021-12-16T10:28:59","slug":"bochini-el-kun-se-merece-un-homenaje-por-todo-lo-que-le-dio-a-independiente","status":"publish","type":"post","link":"http:\/\/cordobadirecto.com\/index.php\/2021\/12\/16\/bochini-el-kun-se-merece-un-homenaje-por-todo-lo-que-le-dio-a-independiente\/","title":{"rendered":"Bochini: &#8220;El Kun se merece un homenaje por todo lo que le dio a Independiente&#8221;"},"content":{"rendered":"<figure class=\"mb-3\"><img loading=\"lazy\" src=\"http:\/\/cordobadirecto.com\/wp-content\/uploads\/2021\/12\/bochini-el-kun-se-merece-un-homenaje-por-todo-lo-que-le-dio-a-independiente.jpg\" width=\"100%\" height=\"100%\" alt=\"El Kun vistiendo la camiseta roja Foto Archivo\"><figcaption> El Kun vistiendo la camiseta roja. Foto: Archivo. <\/figcaption><\/figure>\n<p>Ricardo Bochini, uno de los grandes \u00eddolos de Independiente, asegur\u00f3 que <strong><a href=\"https:\/\/www.telam.com.ar\/notas\/202112\/577914-kun-aguero-se-retira-del-futbol.html\" target=\"_blank\" rel=\"noopener\">Sergio Ag\u00fcero<\/a><\/strong> &#8220;se merece un homenaje&#8221; por su contribuci\u00f3n futbol\u00edstica y econ\u00f3mica al club.<\/p>\n<p>&#8220;El &#8220;Kun&#8221; se merece un homenaje por todo lo que le dio a Independiente a trav\u00e9s de sus ventas. Ayud\u00f3 a que hoy tenga la cancha que tiene&#8221;, afirm\u00f3 Bochini en di\u00e1logo con ESPN.<\/p>\n<p>&#8220;Yo le segu\u00ed toda la carrera en los inicios del &#8220;Kun&#8221; en Independiente. Hac\u00eda goles incre\u00edble, eludiendo cuatro o cinco jugadores. De mitad de cancha, a los 11 a\u00f1os ya se ve\u00eda que pod\u00eda jugar y ser un grande como fue&#8221;, manifest\u00f3 el &#8220;Bocha&#8221;.<\/p>\n<p>Para Bochini, el regreso de Ag\u00fcero al equipo de Avellaneda era &#8220;muy complicado&#8221; por su vigencia en el f\u00fatbol europeo: &#8220;Estaba jugando en clubes importantes y en un momento muy bueno. Despu\u00e9s por como est\u00e1 Independiente hoy. Si el club hubiera estado bien, quiz\u00e1s hubiera sido posible&#8221;. <\/p>\n","protected":false},"excerpt":{"rendered":"<p>El Kun vistiendo la camiseta roja. Foto: Archivo. Ricardo Bochini, uno de los grandes \u00eddolos de Independiente, asegur\u00f3 que Sergio Ag\u00fcero &#8220;se merece un homenaje&#8221; por su contribuci\u00f3n futbol\u00edstica y econ\u00f3mica al club. &#8220;El &#8220;Kun&#8221; se merece un homenaje por todo lo que le dio a Independiente a trav\u00e9s de sus ventas. Ayud\u00f3 a que [&hellip;]<\/p>\n","protected":false},"author":1,"featured_media":33644,"comment_status":"closed","ping_status":"closed","sticky":false,"template":"","format":"standard","meta":[],"categories":[21],"tags":[],"_links":{"self":[{"href":"http:\/\/cordobadirecto.com\/index.php\/wp-json\/wp\/v2\/posts\/33643"}],"collection":[{"href":"http:\/\/cordobadirecto.com\/index.php\/wp-json\/wp\/v2\/posts"}],"about":[{"href":"http:\/\/cordobadirecto.com\/index.php\/wp-json\/wp\/v2\/types\/post"}],"author":[{"embeddable":true,"href":"http:\/\/cordobadirecto.com\/index.php\/wp-json\/wp\/v2\/users\/1"}],"replies":[{"embeddable":true,"href":"http:\/\/cordobadirecto.com\/index.php\/wp-json\/wp\/v2\/comments?post=33643"}],"version-history":[{"count":0,"href":"http:\/\/cordobadirecto.com\/index.php\/wp-json\/wp\/v2\/posts\/33643\/revisions"}],"wp:featuredmedia":[{"embeddable":true,"href":"http:\/\/cordobadirecto.com\/index.php\/wp-json\/wp\/v2\/media\/33644"}],"wp:attachment":[{"href":"http:\/\/cordobadirecto.com\/index.php\/wp-json\/wp\/v2\/media?parent=33643"}],"wp:term":[{"taxonomy":"category","embeddable":true,"href":"http:\/\/cordobadirecto.com\/index.php\/wp-json\/wp\/v2\/categories?post=33643"},{"taxonomy":"post_tag","embeddable":true,"href":"http:\/\/cordobadirecto.com\/index.php\/wp-json\/wp\/v2\/tags?post=33643"}],"curies":[{"name":"wp","href":"https:\/\/api.w.org\/{rel}","templated":true}]}}