{"id":33675,"date":"2021-12-16T10:29:31","date_gmt":"2021-12-16T10:29:31","guid":{"rendered":"http:\/\/cordobadirecto.com\/index.php\/2021\/12\/16\/ciro-y-los-persas-despiden-el-ano-con-un-show-en-el-movistar-arena\/"},"modified":"2021-12-16T10:29:31","modified_gmt":"2021-12-16T10:29:31","slug":"ciro-y-los-persas-despiden-el-ano-con-un-show-en-el-movistar-arena","status":"publish","type":"post","link":"http:\/\/cordobadirecto.com\/index.php\/2021\/12\/16\/ciro-y-los-persas-despiden-el-ano-con-un-show-en-el-movistar-arena\/","title":{"rendered":"Ciro y Los Persas despiden el a\u00f1o con un show en el Movistar Arena"},"content":{"rendered":"<figure class=\"mb-3\"><img loading=\"lazy\" src=\"http:\/\/cordobadirecto.com\/wp-content\/uploads\/2021\/12\/ciro-y-los-persas-despiden-el-ano-con-un-show-en-el-movistar-arena.jpg\" width=\"100%\" height=\"100%\" alt=\"El reconocido grupo tocar el sbado en el Estadio Movistar Arena Foto R Gomez\"><figcaption> El reconocido grupo tocar\u00e1 el s\u00e1bado en el Estadio Movistar Arena. (Foto: R. Gomez) <\/figcaption><\/figure>\n<p>El grupo <strong>Ciro y Los Persas<\/strong> llegar\u00e1 el pr\u00f3ximo s\u00e1bado al <strong>Movistar Arena<\/strong> para despedir el a\u00f1o antes de recibir el 2021 con un show en Mar del Plata y con su participaci\u00f3n en el Cosqu\u00edn Rock.<\/p>\n<p>Despu\u00e9s de \u201cGuerras (Un Viaje en El Tiempo)\u201d, donde repas\u00f3 su historia en formato ac\u00fastico, Ciro Mart\u00ednez viaj\u00f3 para grabar junto a la Orquesta Filarm\u00f3nica de Mendoza la tercera parte de la trilog\u00eda de reversiones.<\/p>\n<p>Es la primera vez que el cantante se involucra en un proyecto sinf\u00f3nico en sus m\u00e1s de treinta a\u00f1os de trayectoria, tanto con Los Piojos como en su actual etapa como Ciro y Los Persas.<\/p>\n<p>El grupo tambi\u00e9n confirm\u00f3 su presentaci\u00f3n del <strong>s\u00e1bado 29 de enero en el Polideportivo Islas Malvinas de Mar del Plata<\/strong>, el primero del 2021 antes de su presentaci\u00f3n en el <strong>Cosqu\u00edn Rock<\/strong> del 12 de febrero, confirmaron a trav\u00e9s de un comunicado de prensa. <\/p>\n","protected":false},"excerpt":{"rendered":"<p>El reconocido grupo tocar\u00e1 el s\u00e1bado en el Estadio Movistar Arena. (Foto: R. Gomez) El grupo Ciro y Los Persas llegar\u00e1 el pr\u00f3ximo s\u00e1bado al Movistar Arena para despedir el a\u00f1o antes de recibir el 2021 con un show en Mar del Plata y con su participaci\u00f3n en el Cosqu\u00edn Rock. Despu\u00e9s de \u201cGuerras (Un [&hellip;]<\/p>\n","protected":false},"author":1,"featured_media":33676,"comment_status":"closed","ping_status":"closed","sticky":false,"template":"","format":"standard","meta":[],"categories":[20],"tags":[],"_links":{"self":[{"href":"http:\/\/cordobadirecto.com\/index.php\/wp-json\/wp\/v2\/posts\/33675"}],"collection":[{"href":"http:\/\/cordobadirecto.com\/index.php\/wp-json\/wp\/v2\/posts"}],"about":[{"href":"http:\/\/cordobadirecto.com\/index.php\/wp-json\/wp\/v2\/types\/post"}],"author":[{"embeddable":true,"href":"http:\/\/cordobadirecto.com\/index.php\/wp-json\/wp\/v2\/users\/1"}],"replies":[{"embeddable":true,"href":"http:\/\/cordobadirecto.com\/index.php\/wp-json\/wp\/v2\/comments?post=33675"}],"version-history":[{"count":0,"href":"http:\/\/cordobadirecto.com\/index.php\/wp-json\/wp\/v2\/posts\/33675\/revisions"}],"wp:featuredmedia":[{"embeddable":true,"href":"http:\/\/cordobadirecto.com\/index.php\/wp-json\/wp\/v2\/media\/33676"}],"wp:attachment":[{"href":"http:\/\/cordobadirecto.com\/index.php\/wp-json\/wp\/v2\/media?parent=33675"}],"wp:term":[{"taxonomy":"category","embeddable":true,"href":"http:\/\/cordobadirecto.com\/index.php\/wp-json\/wp\/v2\/categories?post=33675"},{"taxonomy":"post_tag","embeddable":true,"href":"http:\/\/cordobadirecto.com\/index.php\/wp-json\/wp\/v2\/tags?post=33675"}],"curies":[{"name":"wp","href":"https:\/\/api.w.org\/{rel}","templated":true}]}}