{"id":33685,"date":"2021-12-16T10:30:02","date_gmt":"2021-12-16T10:30:02","guid":{"rendered":"https:\/\/www.ole.com.ar\/futbol-ascenso\/herrera-arbitro-final-quilmes-barracas_0_mlflQNOhe.html"},"modified":"2021-12-16T10:30:02","modified_gmt":"2021-12-16T10:30:02","slug":"dario-herrera-el-arbitro-de-la-final-por-el-ascenso-a-primera","status":"publish","type":"post","link":"http:\/\/cordobadirecto.com\/index.php\/2021\/12\/16\/dario-herrera-el-arbitro-de-la-final-por-el-ascenso-a-primera\/","title":{"rendered":"Dar\u00edo Herrera, el \u00e1rbitro de la final por el ascenso a Primera"},"content":{"rendered":"<p>La final por el segundo Ascenso a Primera Divisi\u00f3n ya tiene \u00e1rbitro. La AFA design\u00f3 a <strong><a alt=\"dario-herrera\" class=\"slug\" href=\"https:\/\/www.ole.com.ar\/tema\/dario-herrera.html\" target=\"_blank\" title=\"dario-herrera\" rel=\"noopener\">Dar\u00edo Herrera<\/a><\/strong>, juez internacional que <a href=\"https:\/\/www.ole.com.ar\/copa-argentina\/boca-talleres-arbitro-copa-argentina_0_SlIAd6qpw.html\" target=\"_blank\" rel=\"noopener\"><strong>viene de dirigir la final de la Copa Argentina entre Boca y Talleres.<\/strong><\/a> El neuquino de 36 a\u00f1os ser\u00e1 el encargado de impartir justicia en el partido entre Quilmes y Barracas Central, el pr\u00f3ximo martes a las 20.10 en la cancha de Racing.<\/p>\n<h2><strong>Partido caliente<\/strong><\/h2>\n<p>Ser\u00e1 otro desaf\u00edo bravo para Herrera, que estar\u00e1 en el foco de todo el mundo futbol\u00edstico tras los horrores arbitrales que se produjeron en el Ascenso del f\u00fatbol argentino durante toda esta \u00faltima temporada, sobre todo. <a data-cke-saved-href=\"https:\/\/www.ole.com.ar\/futbol-ascenso\/b-nacional\/quilmes-barracas-penales-final-ascenso_0_yo2YR7JPP.html\" target=\"_blank\" href=\"https:\/\/www.ole.com.ar\/futbol-ascenso\/b-nacional\/quilmes-barracas-penales-final-ascenso_0_yo2YR7JPP.html\" rel=\"noopener\"><strong>En la final se encontrar\u00e1n los dos equipos que m\u00e1s penales a favor recibieron<\/strong><\/a> y que llegan envueltos en cr\u00edticas y sospechas. De un lado, Barracas. El club del actual presidente de la AFA, Chiqui Tapia, que tuvo varios fallos arbitrales que lo favorecieron en este campeonato. Del otro, Quilmes. <a data-cke-saved-href=\"https:\/\/www.ole.com.ar\/futbol-ascenso\/quilmes-ferro-lamolina-primera-nacional_0_WVtF2bHfK.html\" target=\"_blank\" href=\"https:\/\/www.ole.com.ar\/futbol-ascenso\/quilmes-ferro-lamolina-primera-nacional_0_WVtF2bHfK.html\" rel=\"noopener\"><strong>El club del Sur que viene de eliminar a Ferro en la semifinal con un penal mal cobrado por Nicol\u00e1s Lamolina.<\/strong><\/a><\/p>\n<div class=\"sp__SM\">\n<div class=\"content-new \">\n<span class=\"tit-mobile\">Mir\u00e1 tambi\u00e9n<\/span><\/p>\n<div class=\"mg\">\n<div class=\"wrap-figure\">\n<picture>\n<a href=\"https:\/\/www.ole.com.ar\/futbol-ascenso\/nicolas-lamolina-penal-quilmes-ferro_0_B97r-57V-.html\" target=\"_self\" rel=\"noopener\"><br \/>\n<img class=\"img-responsive\" alt=\"Lamolina, post penal que no fue: &quot;Hubo foul de Anselmo&quot; y las disculpas\" src=\"http:\/\/cordobadirecto.com\/wp-content\/uploads\/2021\/12\/dario-herrera-el-arbitro-de-la-final-por-el-ascenso-a-primera.jpg\" loading=\"lazy\"> <\/a>\n<\/picture>\n<\/div>\n<\/div><\/div>\n<\/div>\n<p>En un torneo bajo sospecha, Herrera deber\u00e1 dirigir esta segunda final para saber qui\u00e9n acompa\u00f1a a Tigre a Primera Divisi\u00f3n. <strong>El club de Victoria hab\u00eda vencido en la primera final a Barracas para conseguir el retorno a la m\u00e1xima categor\u00eda.<\/strong> Si el martes en el Cilindro de Avellaneda hay igualdad en los 90 minutos, el ascenso se definir\u00e1 por penales.<\/p>\n<div class=\"sp__SM\">\n<div class=\"content-new \">\n<span class=\"tit-mobile\">Mir\u00e1 tambi\u00e9n<\/span><\/p>\n<div class=\"mg\">\n<div class=\"wrap-figure\">\n<picture>\n<a href=\"https:\/\/www.ole.com.ar\/futbol-ascenso\/primera-b\/lamolina-orsi-ferro-quilmes_0_a4y1eJXhd.html\" target=\"_self\" rel=\"noopener\"><br \/>\n<img class=\"img-responsive\" alt=\"El di\u00e1logo entre Lamolina y el DT de Ferro\" src=\"http:\/\/cordobadirecto.com\/wp-content\/uploads\/2021\/12\/dario-herrera-el-arbitro-de-la-final-por-el-ascenso-a-primera-1.jpg\" loading=\"lazy\"><br \/>\n<\/a>\n<\/picture>\n<\/div>\n<\/div><\/div>\n<\/div>\n<p>Herrera, que <strong>este a\u00f1o dirigi\u00f3 tambi\u00e9n &#8220;otra final&#8221; entre Talleres y River,<\/strong> partido que fue decisivo para el campeonato, estar\u00e1 acompa\u00f1ado por Cristian Navarro y Gerardo Carretero como asistentes. Hern\u00e1n Mastr\u00e1ngelo y Sebasti\u00e1n Raineri ser\u00e1n cuarto y quinto \u00e1rbitro, respectivamente.<\/p>\n<div class=\"sp__SM\">\n<div class=\"content-new \">\n<span class=\"tit-mobile\">Mir\u00e1 tambi\u00e9n<\/span><\/p>\n<div class=\"mg\">\n<div class=\"wrap-figure\">\n<picture>\n<a href=\"https:\/\/www.ole.com.ar\/futbol-ascenso\/beligoy-lamolina-error-penal_0_1hdmvHi17.html\" target=\"_self\" rel=\"noopener\"><br \/>\n<img class=\"img-responsive\" alt=\"\u00bfQu\u00e9 dijo Beligoy tras el error de Lamolina?\" src=\"http:\/\/cordobadirecto.com\/wp-content\/uploads\/2021\/12\/dario-herrera-el-arbitro-de-la-final-por-el-ascenso-a-primera-2.jpg\" loading=\"lazy\"><br \/>\n<\/a>\n<\/picture>\n<\/div>\n<\/div><\/div>\n<\/div>\n<div class=\"entry-tags\">\n<h2>TEMAS QUE APARECEN EN ESTA NOTA<\/h2>\n<\/p><\/div>\n","protected":false},"excerpt":{"rendered":"<p>La final por el segundo Ascenso a Primera Divisi\u00f3n ya tiene \u00e1rbitro. La AFA design\u00f3 a Dar\u00edo Herrera, juez internacional que viene de dirigir la final de la Copa Argentina entre Boca y Talleres. El neuquino de 36 a\u00f1os ser\u00e1 el encargado de impartir justicia en el partido entre Quilmes y Barracas Central, el pr\u00f3ximo [&hellip;]<\/p>\n","protected":false},"author":1,"featured_media":33686,"comment_status":"closed","ping_status":"closed","sticky":false,"template":"","format":"standard","meta":[],"categories":[21],"tags":[],"_links":{"self":[{"href":"http:\/\/cordobadirecto.com\/index.php\/wp-json\/wp\/v2\/posts\/33685"}],"collection":[{"href":"http:\/\/cordobadirecto.com\/index.php\/wp-json\/wp\/v2\/posts"}],"about":[{"href":"http:\/\/cordobadirecto.com\/index.php\/wp-json\/wp\/v2\/types\/post"}],"author":[{"embeddable":true,"href":"http:\/\/cordobadirecto.com\/index.php\/wp-json\/wp\/v2\/users\/1"}],"replies":[{"embeddable":true,"href":"http:\/\/cordobadirecto.com\/index.php\/wp-json\/wp\/v2\/comments?post=33685"}],"version-history":[{"count":0,"href":"http:\/\/cordobadirecto.com\/index.php\/wp-json\/wp\/v2\/posts\/33685\/revisions"}],"wp:featuredmedia":[{"embeddable":true,"href":"http:\/\/cordobadirecto.com\/index.php\/wp-json\/wp\/v2\/media\/33686"}],"wp:attachment":[{"href":"http:\/\/cordobadirecto.com\/index.php\/wp-json\/wp\/v2\/media?parent=33685"}],"wp:term":[{"taxonomy":"category","embeddable":true,"href":"http:\/\/cordobadirecto.com\/index.php\/wp-json\/wp\/v2\/categories?post=33685"},{"taxonomy":"post_tag","embeddable":true,"href":"http:\/\/cordobadirecto.com\/index.php\/wp-json\/wp\/v2\/tags?post=33685"}],"curies":[{"name":"wp","href":"https:\/\/api.w.org\/{rel}","templated":true}]}}