{"id":33734,"date":"2021-12-16T10:33:06","date_gmt":"2021-12-16T10:33:06","guid":{"rendered":"https:\/\/www.bbc.com\/mundo\/noticias-59674597"},"modified":"2021-12-16T10:33:06","modified_gmt":"2021-12-16T10:33:06","slug":"covid-que-ha-pasado-con-la-inmunidad-de-rebano-a-2-anos-del-inicio-de-la-pandemia-y-como-afectan-las-nuevas-variantes","status":"publish","type":"post","link":"http:\/\/cordobadirecto.com\/index.php\/2021\/12\/16\/covid-que-ha-pasado-con-la-inmunidad-de-rebano-a-2-anos-del-inicio-de-la-pandemia-y-como-afectan-las-nuevas-variantes\/","title":{"rendered":"Covid: qu\u00e9 ha pasado con la inmunidad de reba\u00f1o a 2 a\u00f1os del inicio de la pandemia (y c\u00f3mo afectan las nuevas variantes)"},"content":{"rendered":"<div dir=\"ltr\" class=\"e1j2237y5 bbc-q4ibpr e57qer20\">\n<div class=\"bbc-1atl7vu e1c9i7u14\">\n<ul role=\"list\" class=\"bbc-k0l9bd e1c9i7u12\">\n<li role=\"listitem\" class=\"bbc-1a3w4ok e1c9i7u11\">Carlos Serrano (@carliserrano)<\/li>\n<li role=\"listitem\" class=\"bbc-1p92jtu e1c9i7u10\">BBC News Mundo<\/li>\n<\/ul>\n<\/div>\n<\/div>\n<p><time datetime=\"2021-12-16\" class=\"bbc-14xtggo e4zesg50\">15 minutos<\/time><\/p>\n<div dir=\"ltr\" class=\"bbc-1ka88fa e57qer20\">\n<figure class=\"bbc-1qdcvv9 e6bmn90\">\n<div dir=\"ltr\" class=\"bbc-172p16q e57qer20\">\n<div dir=\"ltr\" class=\"bbc-189y18v e57qer20\" readability=\"6.5\">\n<div data-e2e=\"image-placeholder\" class=\"bbc-997y1y e1whu0\" readability=\"8\"><img loading=\"lazy\" srcset=\"http:\/\/cordobadirecto.com\/wp-content\/uploads\/2021\/12\/covid-que-ha-pasado-con-la-inmunidad-de-rebano-a-2-anos-del-inicio-de-la-pandemia-y-como-afectan-las-nuevas-variantes-14.jpg 240w, http:\/\/cordobadirecto.com\/wp-content\/uploads\/2021\/12\/covid-que-ha-pasado-con-la-inmunidad-de-rebano-a-2-anos-del-inicio-de-la-pandemia-y-como-afectan-las-nuevas-variantes-15.jpg 320w, http:\/\/cordobadirecto.com\/wp-content\/uploads\/2021\/12\/covid-que-ha-pasado-con-la-inmunidad-de-rebano-a-2-anos-del-inicio-de-la-pandemia-y-como-afectan-las-nuevas-variantes-16.jpg 480w, http:\/\/cordobadirecto.com\/wp-content\/uploads\/2021\/12\/covid-que-ha-pasado-con-la-inmunidad-de-rebano-a-2-anos-del-inicio-de-la-pandemia-y-como-afectan-las-nuevas-variantes-17.jpg 624w, http:\/\/cordobadirecto.com\/wp-content\/uploads\/2021\/12\/covid-que-ha-pasado-con-la-inmunidad-de-rebano-a-2-anos-del-inicio-de-la-pandemia-y-como-afectan-las-nuevas-variantes-18.jpg 800w\" alt=\"Mujer\" src=\"http:\/\/cordobadirecto.com\/wp-content\/uploads\/2021\/12\/covid-que-ha-pasado-con-la-inmunidad-de-rebano-a-2-anos-del-inicio-de-la-pandemia-y-como-afectan-las-nuevas-variantes.jpg\" sizes=\"(min-width: 1008px) 645px, 100vw\" width=\"976\" height=\"549\" class=\"eehpdyc0 bbc-100dhyn e1enwo3v0\"><\/p>\n<p role=\"text\" class=\"bbc-1s1cxbv etq3yw90\"><span class=\"bbc-1gnhmg2 e1yt7oin0\">Fuente de la imagen, <\/span><span lang=\"en-GB\">Getty<\/span><\/p>\n<\/div>\n<\/div>\n<\/div>\n<\/figure>\n<\/div>\n<div dir=\"ltr\" class=\"bbc-19j92fr e57qer20\" readability=\"10\">\n<p dir=\"ltr\" class=\"bbc-bm53ic e1cc2ql70\"><b>En 2020, durante los primeros meses de la pandemia, se populariz\u00f3 un concepto que sonaba esperanzador: la inmunidad de reba\u00f1o. <\/b><\/p>\n<\/div>\n<div dir=\"ltr\" class=\"bbc-19j92fr e57qer20\" readability=\"10\">\n<p dir=\"ltr\" class=\"bbc-bm53ic e1cc2ql70\">El t\u00e9rmino se refiere a que cuando una gran parte de la poblaci\u00f3n se vuelve inmune a una enfermedad, en este caso la covid-19, es poco probable que esa enfermedad se siga <b>transmitiendo. <\/b><\/p>\n<\/div>\n<div dir=\"ltr\" class=\"bbc-19j92fr e57qer20\" readability=\"9\">\n<p dir=\"ltr\" class=\"bbc-bm53ic e1cc2ql70\">De esa manera, toda la poblaci\u00f3n queda protegida, incluso los que <b>no son inmunes<\/b> a la enfermedad. <\/p>\n<\/div>\n<div dir=\"ltr\" class=\"bbc-19j92fr e57qer20\" readability=\"9\">\n<p dir=\"ltr\" class=\"bbc-bm53ic e1cc2ql70\">La inmunidad de reba\u00f1o se puede lograr luego de que suficiente cantidad de personas hayan tenido la enfermedad y desarrollen <b>anticuerpos<\/b>, o que gran porcentaje de la poblaci\u00f3n se haya vacunado. <\/p>\n<\/div>\n<div dir=\"ltr\" class=\"bbc-19j92fr e57qer20\" readability=\"10\">\n<p dir=\"ltr\" class=\"bbc-bm53ic e1cc2ql70\">Tras dos a\u00f1os de pandemia, sin embargo, la <b>complejidad<\/b> del SARS-CoV-2 ha impedido que ocurra alguno de esos dos escenarios. <\/p>\n<\/div>\n<div dir=\"ltr\" class=\"bbc-1ka88fa e57qer20\">\n<figure class=\"bbc-1qdcvv9 e6bmn90\">\n<div dir=\"ltr\" class=\"bbc-172p16q e57qer20\">\n<div dir=\"ltr\" class=\"bbc-189y18v e57qer20\" readability=\"6.5\">\n<div data-e2e=\"image-placeholder\" class=\"bbc-997y1y e1whu0\" readability=\"8\"><noscript><img loading=\"lazy\" srcset=\"http:\/\/cordobadirecto.com\/wp-content\/uploads\/2021\/12\/covid-que-ha-pasado-con-la-inmunidad-de-rebano-a-2-anos-del-inicio-de-la-pandemia-y-como-afectan-las-nuevas-variantes-19.jpg 240w, http:\/\/cordobadirecto.com\/wp-content\/uploads\/2021\/12\/covid-que-ha-pasado-con-la-inmunidad-de-rebano-a-2-anos-del-inicio-de-la-pandemia-y-como-afectan-las-nuevas-variantes-20.jpg 320w, http:\/\/cordobadirecto.com\/wp-content\/uploads\/2021\/12\/covid-que-ha-pasado-con-la-inmunidad-de-rebano-a-2-anos-del-inicio-de-la-pandemia-y-como-afectan-las-nuevas-variantes-21.jpg 480w, http:\/\/cordobadirecto.com\/wp-content\/uploads\/2021\/12\/covid-que-ha-pasado-con-la-inmunidad-de-rebano-a-2-anos-del-inicio-de-la-pandemia-y-como-afectan-las-nuevas-variantes-22.jpg 624w, http:\/\/cordobadirecto.com\/wp-content\/uploads\/2021\/12\/covid-que-ha-pasado-con-la-inmunidad-de-rebano-a-2-anos-del-inicio-de-la-pandemia-y-como-afectan-las-nuevas-variantes-23.jpg 800w\" alt=\"Virus\" src=\"http:\/\/cordobadirecto.com\/wp-content\/uploads\/2021\/12\/covid-que-ha-pasado-con-la-inmunidad-de-rebano-a-2-anos-del-inicio-de-la-pandemia-y-como-afectan-las-nuevas-variantes-1.jpg\" sizes=\"(min-width: 1008px) 645px, 100vw\" width=\"976\" height=\"549\" class=\"eehpdyc0 bbc-100dhyn e1enwo3v0\"><\/noscript><\/p>\n<p role=\"text\" class=\"bbc-1s1cxbv etq3yw90\"><span class=\"bbc-1gnhmg2 e1yt7oin0\">Fuente de la imagen, <\/span><span lang=\"en-GB\">Radoslav Zilinsky<\/span><\/p>\n<\/div>\n<\/div>\n<\/div>\n<\/figure>\n<\/div>\n<div dir=\"ltr\" class=\"bbc-19j92fr e57qer20\" readability=\"13\">\n<p dir=\"ltr\" class=\"bbc-bm53ic e1cc2ql70\">Seg\u00fan expertos consultados por BBC Mundo, hay varios factores que hacen que sea poco probable que se logre una inmunidad de reba\u00f1o contra la covid-19, y que por eso, los esfuerzos deben encaminarse hacia mantener la <b>pandemia bajo control<\/b>, no necesariamente eliminarla. <\/p>\n<\/div>\n<div dir=\"ltr\" class=\"bbc-19j92fr e57qer20\" readability=\"11\">\n<p dir=\"ltr\" class=\"bbc-bm53ic e1cc2ql70\">El comportamiento de las vacunas y su distribuci\u00f3n desigual, y la aparici\u00f3n de nuevas variantes, son algunas de las principales razones que hacen ver la inmunidad de reba\u00f1o como una <b>meta <\/b><b>poco realista.<\/b><\/p>\n<\/div>\n<div dir=\"ltr\" class=\"bbc-19j92fr e57qer20\" readability=\"11\">\n<p dir=\"ltr\" class=\"bbc-bm53ic e1cc2ql70\">Existe, sin embargo, la posibilidad de lograr una <b>&#8220;inmunidad de reba\u00f1o en la pr\u00e1ctica&#8221;<\/b>, que podr\u00eda ofrecer ciertos niveles de normalidad en la vida diaria. <\/p>\n<\/div>\n<div dir=\"ltr\" class=\"bbc-19j92fr e57qer20\" readability=\"9\">\n<p dir=\"ltr\" class=\"bbc-bm53ic e1cc2ql70\">M\u00e1s all\u00e1 de cual sea el escenario futuro, los expertos insisten en que la <b>vacunaci\u00f3n<\/b> y las medidas de cuidado siguen siendo herramientas poderosas para avanzar en la lucha contra la covid-19. <\/p>\n<\/div>\n<div dir=\"ltr\" class=\"bbc-1ka88fa e57qer20\">\n<figure class=\"bbc-1qdcvv9 e6bmn90\">\n<div dir=\"ltr\" class=\"bbc-172p16q e57qer20\">\n<div dir=\"ltr\" class=\"bbc-189y18v e57qer20\" readability=\"6.5\">\n<div data-e2e=\"image-placeholder\" class=\"bbc-997y1y e1whu0\" readability=\"8\"><noscript><img loading=\"lazy\" srcset=\"http:\/\/cordobadirecto.com\/wp-content\/uploads\/2021\/12\/covid-que-ha-pasado-con-la-inmunidad-de-rebano-a-2-anos-del-inicio-de-la-pandemia-y-como-afectan-las-nuevas-variantes-24.jpg 240w, http:\/\/cordobadirecto.com\/wp-content\/uploads\/2021\/12\/covid-que-ha-pasado-con-la-inmunidad-de-rebano-a-2-anos-del-inicio-de-la-pandemia-y-como-afectan-las-nuevas-variantes-25.jpg 320w, http:\/\/cordobadirecto.com\/wp-content\/uploads\/2021\/12\/covid-que-ha-pasado-con-la-inmunidad-de-rebano-a-2-anos-del-inicio-de-la-pandemia-y-como-afectan-las-nuevas-variantes-26.jpg 480w, http:\/\/cordobadirecto.com\/wp-content\/uploads\/2021\/12\/covid-que-ha-pasado-con-la-inmunidad-de-rebano-a-2-anos-del-inicio-de-la-pandemia-y-como-afectan-las-nuevas-variantes-27.jpg 624w, http:\/\/cordobadirecto.com\/wp-content\/uploads\/2021\/12\/covid-que-ha-pasado-con-la-inmunidad-de-rebano-a-2-anos-del-inicio-de-la-pandemia-y-como-afectan-las-nuevas-variantes-28.jpg 800w\" alt=\"vacuna\" src=\"http:\/\/cordobadirecto.com\/wp-content\/uploads\/2021\/12\/covid-que-ha-pasado-con-la-inmunidad-de-rebano-a-2-anos-del-inicio-de-la-pandemia-y-como-afectan-las-nuevas-variantes-2.jpg\" sizes=\"(min-width: 1008px) 645px, 100vw\" width=\"976\" height=\"549\" class=\"eehpdyc0 bbc-100dhyn e1enwo3v0\"><\/noscript><\/p>\n<p role=\"text\" class=\"bbc-1s1cxbv etq3yw90\"><span class=\"bbc-1gnhmg2 e1yt7oin0\">Fuente de la imagen, <\/span><span lang=\"en-GB\">Getty<\/span><\/p>\n<\/div>\n<\/div>\n<\/div>\n<\/figure>\n<\/div>\n<p><h2 id=\"La-evoluci\u00f3n-del-virus\" tabindex=\"-1\" class=\"bbc-l3e97o e14hemmw0\">La evoluci\u00f3n del virus<\/h2>\n<\/p>\n<div dir=\"ltr\" class=\"bbc-19j92fr e57qer20\" readability=\"10\">\n<p dir=\"ltr\" class=\"bbc-bm53ic e1cc2ql70\">En los dos a\u00f1os de pandemia el SARS-CoV-2 ha evolucionado en variantes que, en algunos casos, le han permitido ser <b>m\u00e1s contagioso<\/b> y ser un poco m\u00e1s resistente al efecto de las vacunas. <\/p>\n<\/div>\n<div dir=\"ltr\" class=\"bbc-19j92fr e57qer20\" readability=\"9\">\n<p dir=\"ltr\" class=\"bbc-bm53ic e1cc2ql70\">El ejemplo m\u00e1s claro es la variante <b>delta<\/b>, que ha mostrado ser al menos dos veces m\u00e1s transmisible que el virus original. <\/p>\n<\/div>\n<div dir=\"ltr\" class=\"bbc-19j92fr e57qer20\" readability=\"9\">\n<p dir=\"ltr\" class=\"bbc-bm53ic e1cc2ql70\">Y en cuanto a \u00f3micron, los primeros estudios sugieren que parece tener mayor capacidad de escapar la inmunizaci\u00f3n.<\/p>\n<\/div>\n<div dir=\"ltr\" class=\"bbc-19j92fr e57qer20\" readability=\"9\">\n<p dir=\"ltr\" class=\"bbc-bm53ic e1cc2ql70\">No obstante, las vacunas contra la covid-19 han demostrado ser efectivas para reducir significativamente el riesgo de desarrollar una enfermedad grave o <b>morir.<\/b><\/p>\n<\/div>\n<div dir=\"ltr\" class=\"bbc-1ka88fa e57qer20\">\n<figure class=\"bbc-1qdcvv9 e6bmn90\">\n<div dir=\"ltr\" class=\"bbc-172p16q e57qer20\">\n<div dir=\"ltr\" class=\"bbc-189y18v e57qer20\" readability=\"6.5\">\n<div data-e2e=\"image-placeholder\" class=\"bbc-997y1y e1whu0\" readability=\"8\"><noscript><img loading=\"lazy\" srcset=\"http:\/\/cordobadirecto.com\/wp-content\/uploads\/2021\/12\/covid-que-ha-pasado-con-la-inmunidad-de-rebano-a-2-anos-del-inicio-de-la-pandemia-y-como-afectan-las-nuevas-variantes-29.jpg 240w, http:\/\/cordobadirecto.com\/wp-content\/uploads\/2021\/12\/covid-que-ha-pasado-con-la-inmunidad-de-rebano-a-2-anos-del-inicio-de-la-pandemia-y-como-afectan-las-nuevas-variantes-30.jpg 320w, http:\/\/cordobadirecto.com\/wp-content\/uploads\/2021\/12\/covid-que-ha-pasado-con-la-inmunidad-de-rebano-a-2-anos-del-inicio-de-la-pandemia-y-como-afectan-las-nuevas-variantes-31.jpg 480w, http:\/\/cordobadirecto.com\/wp-content\/uploads\/2021\/12\/covid-que-ha-pasado-con-la-inmunidad-de-rebano-a-2-anos-del-inicio-de-la-pandemia-y-como-afectan-las-nuevas-variantes-32.jpg 624w, http:\/\/cordobadirecto.com\/wp-content\/uploads\/2021\/12\/covid-que-ha-pasado-con-la-inmunidad-de-rebano-a-2-anos-del-inicio-de-la-pandemia-y-como-afectan-las-nuevas-variantes-33.jpg 800w\" alt=\"vacuna\" src=\"http:\/\/cordobadirecto.com\/wp-content\/uploads\/2021\/12\/covid-que-ha-pasado-con-la-inmunidad-de-rebano-a-2-anos-del-inicio-de-la-pandemia-y-como-afectan-las-nuevas-variantes-3.jpg\" sizes=\"(min-width: 1008px) 645px, 100vw\" width=\"976\" height=\"549\" class=\"eehpdyc0 bbc-100dhyn e1enwo3v0\"><\/noscript><\/p>\n<p role=\"text\" class=\"bbc-1s1cxbv etq3yw90\"><span class=\"bbc-1gnhmg2 e1yt7oin0\">Fuente de la imagen, <\/span><span lang=\"en-GB\">Getty<\/span><\/p>\n<\/div>\n<\/div>\n<\/div>\n<\/figure>\n<\/div>\n<div dir=\"ltr\" class=\"bbc-19j92fr e57qer20\" readability=\"11\">\n<p dir=\"ltr\" class=\"bbc-bm53ic e1cc2ql70\">Las personas vacunadas, sin embargo, <b>pueden contagiarse<\/b> y contagiar a otros, aunque en menor medida que los no vacunados.<\/p>\n<\/div>\n<div dir=\"ltr\" class=\"bbc-19j92fr e57qer20\" readability=\"7\">\n<p dir=\"ltr\" class=\"bbc-bm53ic e1cc2ql70\">Eso es un primer factor de complicaci\u00f3n.<\/p>\n<\/div>\n<div dir=\"ltr\" class=\"bbc-19j92fr e57qer20\" readability=\"16\">\n<p dir=\"ltr\" class=\"bbc-bm53ic e1cc2ql70\">&#8220;Con las vacunas que tenemos, aunque reduzcan la transmisi\u00f3n, el concepto de<b> inmunidad de reba\u00f1o no tiene sentido<\/b>&#8220;, le dice a BBC Mundo Salvador Peir\u00f3, m\u00e9dico especialista en salud p\u00fablica e investigador en farmacoepidemiolog\u00eda de FISABIO, una fundaci\u00f3n de investigaci\u00f3n biom\u00e9dica dependiente de la Generalitat Valenciana, en Espa\u00f1a.<\/p>\n<\/div>\n<div dir=\"ltr\" class=\"bbc-19j92fr e57qer20\" readability=\"8\">\n<p dir=\"ltr\" class=\"bbc-bm53ic e1cc2ql70\">Y a\u00f1ade que con las tasas de transmisi\u00f3n que se est\u00e1n viendo con <b>\u00f3micron<\/b> probablemente tenga a\u00fan menos sentido.<\/p>\n<\/div>\n<div dir=\"ltr\" class=\"bbc-19j92fr e57qer20\" readability=\"9\">\n<p dir=\"ltr\" class=\"bbc-bm53ic e1cc2ql70\">Entonces, aunque las vacunas salven vidas, no pueden <b>evitar<\/b> que el virus siga avanzando.<\/p>\n<\/div>\n<div dir=\"ltr\" class=\"bbc-1ka88fa e57qer20\">\n<figure class=\"bbc-1qdcvv9 e6bmn90\">\n<div dir=\"ltr\" class=\"bbc-172p16q e57qer20\">\n<div dir=\"ltr\" class=\"bbc-189y18v e57qer20\" readability=\"6.5\">\n<div data-e2e=\"image-placeholder\" class=\"bbc-997y1y e1whu0\" readability=\"8\"><noscript><img loading=\"lazy\" srcset=\"http:\/\/cordobadirecto.com\/wp-content\/uploads\/2021\/12\/covid-que-ha-pasado-con-la-inmunidad-de-rebano-a-2-anos-del-inicio-de-la-pandemia-y-como-afectan-las-nuevas-variantes-34.jpg 240w, http:\/\/cordobadirecto.com\/wp-content\/uploads\/2021\/12\/covid-que-ha-pasado-con-la-inmunidad-de-rebano-a-2-anos-del-inicio-de-la-pandemia-y-como-afectan-las-nuevas-variantes-35.jpg 320w, http:\/\/cordobadirecto.com\/wp-content\/uploads\/2021\/12\/covid-que-ha-pasado-con-la-inmunidad-de-rebano-a-2-anos-del-inicio-de-la-pandemia-y-como-afectan-las-nuevas-variantes-36.jpg 480w, http:\/\/cordobadirecto.com\/wp-content\/uploads\/2021\/12\/covid-que-ha-pasado-con-la-inmunidad-de-rebano-a-2-anos-del-inicio-de-la-pandemia-y-como-afectan-las-nuevas-variantes-37.jpg 624w, http:\/\/cordobadirecto.com\/wp-content\/uploads\/2021\/12\/covid-que-ha-pasado-con-la-inmunidad-de-rebano-a-2-anos-del-inicio-de-la-pandemia-y-como-afectan-las-nuevas-variantes-38.jpg 800w\" alt=\"Personas\" src=\"http:\/\/cordobadirecto.com\/wp-content\/uploads\/2021\/12\/covid-que-ha-pasado-con-la-inmunidad-de-rebano-a-2-anos-del-inicio-de-la-pandemia-y-como-afectan-las-nuevas-variantes-4.jpg\" sizes=\"(min-width: 1008px) 645px, 100vw\" width=\"976\" height=\"549\" class=\"eehpdyc0 bbc-100dhyn e1enwo3v0\"><\/noscript><\/p>\n<p role=\"text\" class=\"bbc-1s1cxbv etq3yw90\"><span class=\"bbc-1gnhmg2 e1yt7oin0\">Fuente de la imagen, <\/span><span lang=\"en-GB\">Getty<\/span><\/p>\n<\/div>\n<\/div>\n<\/div>\n<\/figure>\n<\/div>\n<div dir=\"ltr\" class=\"bbc-19j92fr e57qer20\" readability=\"12\">\n<p dir=\"ltr\" class=\"bbc-bm53ic e1cc2ql70\">Y el hecho de que el virus siga circulando genera una segunda complicaci\u00f3n, y es que mientras el virus se siga transmitiendo, existe la posibilidad de que aparezcan <b>nuevas variantes<\/b> que sean m\u00e1s contagiosas, produzcan s\u00edntomas m\u00e1s severos o evadan el efecto de las vacunas.<\/p>\n<\/div>\n<div dir=\"ltr\" class=\"bbc-19j92fr e57qer20\" readability=\"14\">\n<p dir=\"ltr\" class=\"bbc-bm53ic e1cc2ql70\">&#8220;Cualquier parte con grandes n\u00fameros de infecciones, ya sea en vacunados o no vacunados, es una potencial <b>fuente de nuevas variantes<\/b>&#8220;, le dice a BBC Mundo Caroline Colijn, investigadora en epidemiolog\u00eda y evoluci\u00f3n de pat\u00f3genos en la Universidad Simon Fraser en Vancouver, Canad\u00e1.<\/p>\n<\/div>\n<div dir=\"ltr\" class=\"bbc-19j92fr e57qer20\" readability=\"11\">\n<p dir=\"ltr\" class=\"bbc-bm53ic e1cc2ql70\">Y Colijn a\u00f1ade otro elemento, y es que el SARS-CoV-2 tambi\u00e9n <b>contagia a los animales<\/b>, con lo cual otras especies pueden actuar como una &#8220;reserva&#8221; del virus desde la cual puede volver a introducirse en los humanos.<\/p>\n<\/div>\n<div dir=\"ltr\" class=\"bbc-1ka88fa e57qer20\">\n<figure class=\"bbc-1qdcvv9 e6bmn90\">\n<div dir=\"ltr\" class=\"bbc-172p16q e57qer20\">\n<div dir=\"ltr\" class=\"bbc-189y18v e57qer20\" readability=\"6.5\">\n<div data-e2e=\"image-placeholder\" class=\"bbc-997y1y e1whu0\" readability=\"8\"><noscript><img loading=\"lazy\" srcset=\"http:\/\/cordobadirecto.com\/wp-content\/uploads\/2021\/12\/covid-que-ha-pasado-con-la-inmunidad-de-rebano-a-2-anos-del-inicio-de-la-pandemia-y-como-afectan-las-nuevas-variantes-39.jpg 240w, http:\/\/cordobadirecto.com\/wp-content\/uploads\/2021\/12\/covid-que-ha-pasado-con-la-inmunidad-de-rebano-a-2-anos-del-inicio-de-la-pandemia-y-como-afectan-las-nuevas-variantes-40.jpg 320w, http:\/\/cordobadirecto.com\/wp-content\/uploads\/2021\/12\/covid-que-ha-pasado-con-la-inmunidad-de-rebano-a-2-anos-del-inicio-de-la-pandemia-y-como-afectan-las-nuevas-variantes-41.jpg 480w, http:\/\/cordobadirecto.com\/wp-content\/uploads\/2021\/12\/covid-que-ha-pasado-con-la-inmunidad-de-rebano-a-2-anos-del-inicio-de-la-pandemia-y-como-afectan-las-nuevas-variantes-42.jpg 624w, http:\/\/cordobadirecto.com\/wp-content\/uploads\/2021\/12\/covid-que-ha-pasado-con-la-inmunidad-de-rebano-a-2-anos-del-inicio-de-la-pandemia-y-como-afectan-las-nuevas-variantes-43.jpg 800w\" alt=\"Gente\" src=\"http:\/\/cordobadirecto.com\/wp-content\/uploads\/2021\/12\/covid-que-ha-pasado-con-la-inmunidad-de-rebano-a-2-anos-del-inicio-de-la-pandemia-y-como-afectan-las-nuevas-variantes-5.jpg\" sizes=\"(min-width: 1008px) 645px, 100vw\" width=\"976\" height=\"549\" class=\"eehpdyc0 bbc-100dhyn e1enwo3v0\"><\/noscript><\/p>\n<p role=\"text\" class=\"bbc-1s1cxbv etq3yw90\"><span class=\"bbc-1gnhmg2 e1yt7oin0\">Fuente de la imagen, <\/span><span lang=\"en-GB\">Getty<\/span><\/p>\n<\/div>\n<\/div>\n<\/div>\n<\/figure>\n<\/div>\n<p><h2 id=\"Protecci\u00f3n-menguante\" tabindex=\"-1\" class=\"bbc-l3e97o e14hemmw0\">Protecci\u00f3n menguante<\/h2>\n<\/p>\n<div dir=\"ltr\" class=\"bbc-19j92fr e57qer20\" readability=\"10\">\n<p dir=\"ltr\" class=\"bbc-bm53ic e1cc2ql70\">Un tercer factor es que la inmunidad que logra una persona luego de vacunarse o tras recuperarse de la covid-19 puede <b>disminuir con el tiempo<\/b>, como lo indican los Centros para el Control de Enfermedades de Estados Unidos.<\/p>\n<\/div>\n<div dir=\"ltr\" class=\"bbc-19j92fr e57qer20\" readability=\"12\">\n<p dir=\"ltr\" class=\"bbc-bm53ic e1cc2ql70\">Seg\u00fan Shabir A. Madhi, decano de la facultad de Ciencias de la Salud y profesor de vacunaci\u00f3n en la Universidad de Witwatersrand, Sud\u00e1frica, la respuesta inmunitaria tras la infecci\u00f3n o la vacuna dura aproximadamente entre <b>seis a nueve meses.<\/b><\/p>\n<\/div>\n<div dir=\"ltr\" class=\"bbc-19j92fr e57qer20\" readability=\"10\">\n<p dir=\"ltr\" class=\"bbc-bm53ic e1cc2ql70\">Pero eso puede cambiar frente a la aparici\u00f3n de nuevas variantes, por lo que ya se est\u00e1n aplicando <b>dosis de refuerzo<\/b> que aumentan y fortalecen los anticuerpos tras varios meses de haber recibido la vacuna o haber padecido la enfermedad.<\/p>\n<\/div>\n<div dir=\"ltr\" class=\"bbc-1ka88fa e57qer20\">\n<figure class=\"bbc-1qdcvv9 e6bmn90\">\n<div dir=\"ltr\" class=\"bbc-172p16q e57qer20\">\n<div dir=\"ltr\" class=\"bbc-189y18v e57qer20\" readability=\"6.5\">\n<div data-e2e=\"image-placeholder\" class=\"bbc-997y1y e1whu0\" readability=\"8\"><noscript><img loading=\"lazy\" srcset=\"http:\/\/cordobadirecto.com\/wp-content\/uploads\/2021\/12\/covid-que-ha-pasado-con-la-inmunidad-de-rebano-a-2-anos-del-inicio-de-la-pandemia-y-como-afectan-las-nuevas-variantes-44.jpg 240w, http:\/\/cordobadirecto.com\/wp-content\/uploads\/2021\/12\/covid-que-ha-pasado-con-la-inmunidad-de-rebano-a-2-anos-del-inicio-de-la-pandemia-y-como-afectan-las-nuevas-variantes-45.jpg 320w, http:\/\/cordobadirecto.com\/wp-content\/uploads\/2021\/12\/covid-que-ha-pasado-con-la-inmunidad-de-rebano-a-2-anos-del-inicio-de-la-pandemia-y-como-afectan-las-nuevas-variantes-46.jpg 480w, http:\/\/cordobadirecto.com\/wp-content\/uploads\/2021\/12\/covid-que-ha-pasado-con-la-inmunidad-de-rebano-a-2-anos-del-inicio-de-la-pandemia-y-como-afectan-las-nuevas-variantes-47.jpg 624w, http:\/\/cordobadirecto.com\/wp-content\/uploads\/2021\/12\/covid-que-ha-pasado-con-la-inmunidad-de-rebano-a-2-anos-del-inicio-de-la-pandemia-y-como-afectan-las-nuevas-variantes-48.jpg 800w\" alt=\"Vacuna\" src=\"http:\/\/cordobadirecto.com\/wp-content\/uploads\/2021\/12\/covid-que-ha-pasado-con-la-inmunidad-de-rebano-a-2-anos-del-inicio-de-la-pandemia-y-como-afectan-las-nuevas-variantes-6.jpg\" sizes=\"(min-width: 1008px) 645px, 100vw\" width=\"976\" height=\"549\" class=\"eehpdyc0 bbc-100dhyn e1enwo3v0\"><\/noscript><\/p>\n<p role=\"text\" class=\"bbc-1s1cxbv etq3yw90\"><span class=\"bbc-1gnhmg2 e1yt7oin0\">Fuente de la imagen, <\/span><span lang=\"en-GB\">Getty<\/span><\/p>\n<\/div>\n<\/div>\n<\/div>\n<\/figure>\n<\/div>\n<p><h2 id=\"Vacunaci\u00f3n-desigual\" tabindex=\"-1\" class=\"bbc-l3e97o e14hemmw0\">Vacunaci\u00f3n desigual<\/h2>\n<\/p>\n<div dir=\"ltr\" class=\"bbc-19j92fr e57qer20\" readability=\"7\">\n<p dir=\"ltr\" class=\"bbc-bm53ic e1cc2ql70\">Un cuarto factor es la <b>distribuci\u00f3n inequitativa<\/b> de las vacunas.<\/p>\n<\/div>\n<div dir=\"ltr\" class=\"bbc-19j92fr e57qer20\" readability=\"9\">\n<p dir=\"ltr\" class=\"bbc-bm53ic e1cc2ql70\">En pa\u00edses como Estados Unidos y Reino Unido, cerca del 70% de la poblaci\u00f3n ya est\u00e1 vacunada con dos dosis.<\/p>\n<\/div>\n<div dir=\"ltr\" class=\"bbc-19j92fr e57qer20\" readability=\"8\">\n<p dir=\"ltr\" class=\"bbc-bm53ic e1cc2ql70\">Pero a nivel mundial, poco m\u00e1s de la mitad de la poblaci\u00f3n ha recibido al menos <b>una <\/b><b>dosis.<\/b><\/p>\n<\/div>\n<div dir=\"ltr\" class=\"bbc-19j92fr e57qer20\" readability=\"10\">\n<p dir=\"ltr\" class=\"bbc-bm53ic e1cc2ql70\">Y en los pa\u00edses de m\u00e1s bajos ingresos solo el <b>6,3%<\/b> ha recibido una dosis, seg\u00fan datos de Our World in Data.<\/p>\n<\/div>\n<div dir=\"ltr\" class=\"bbc-19j92fr e57qer20\" readability=\"8\">\n<p dir=\"ltr\" class=\"bbc-bm53ic e1cc2ql70\">Eso hace que en muchas partes del mundo aumente el riesgo de que el virus se siga propagando y que surjan nuevas variantes <b>potencialmente peligrosas.<\/b><\/p>\n<\/div>\n<div dir=\"ltr\" class=\"bbc-1ka88fa e57qer20\">\n<figure class=\"bbc-1qdcvv9 e6bmn90\">\n<div dir=\"ltr\" class=\"bbc-172p16q e57qer20\">\n<div dir=\"ltr\" class=\"bbc-189y18v e57qer20\" readability=\"6.5\">\n<div data-e2e=\"image-placeholder\" class=\"bbc-997y1y e1whu0\" readability=\"8\"><noscript><img loading=\"lazy\" srcset=\"http:\/\/cordobadirecto.com\/wp-content\/uploads\/2021\/12\/covid-que-ha-pasado-con-la-inmunidad-de-rebano-a-2-anos-del-inicio-de-la-pandemia-y-como-afectan-las-nuevas-variantes-49.jpg 240w, http:\/\/cordobadirecto.com\/wp-content\/uploads\/2021\/12\/covid-que-ha-pasado-con-la-inmunidad-de-rebano-a-2-anos-del-inicio-de-la-pandemia-y-como-afectan-las-nuevas-variantes-50.jpg 320w, http:\/\/cordobadirecto.com\/wp-content\/uploads\/2021\/12\/covid-que-ha-pasado-con-la-inmunidad-de-rebano-a-2-anos-del-inicio-de-la-pandemia-y-como-afectan-las-nuevas-variantes-51.jpg 480w, http:\/\/cordobadirecto.com\/wp-content\/uploads\/2021\/12\/covid-que-ha-pasado-con-la-inmunidad-de-rebano-a-2-anos-del-inicio-de-la-pandemia-y-como-afectan-las-nuevas-variantes-52.jpg 624w, http:\/\/cordobadirecto.com\/wp-content\/uploads\/2021\/12\/covid-que-ha-pasado-con-la-inmunidad-de-rebano-a-2-anos-del-inicio-de-la-pandemia-y-como-afectan-las-nuevas-variantes-53.jpg 800w\" alt=\"mapa\" src=\"http:\/\/cordobadirecto.com\/wp-content\/uploads\/2021\/12\/covid-que-ha-pasado-con-la-inmunidad-de-rebano-a-2-anos-del-inicio-de-la-pandemia-y-como-afectan-las-nuevas-variantes-7.jpg\" sizes=\"(min-width: 1008px) 645px, 100vw\" width=\"976\" height=\"549\" class=\"eehpdyc0 bbc-100dhyn e1enwo3v0\"><\/noscript><\/p>\n<p role=\"text\" class=\"bbc-1s1cxbv etq3yw90\"><span class=\"bbc-1gnhmg2 e1yt7oin0\">Fuente de la imagen, <\/span><span lang=\"en-GB\">Getty<\/span><\/p>\n<\/div>\n<\/div>\n<\/div>\n<\/figure>\n<\/div>\n<div dir=\"ltr\" class=\"bbc-19j92fr e57qer20\" readability=\"8\">\n<p dir=\"ltr\" class=\"bbc-bm53ic e1cc2ql70\">&#8220;No vamos a ganar esto vacunando a los <b>pa\u00edses ricos<\/b> cada 6 meses&#8221;, dice Colijn. <\/p>\n<\/div>\n<div dir=\"ltr\" class=\"bbc-19j92fr e57qer20\" readability=\"8\">\n<p dir=\"ltr\" class=\"bbc-bm53ic e1cc2ql70\">&#8220;Es de extrema importancia tener una <b>mirada global<\/b> y asegurarse de que las vacunas est\u00e9n disponibles y se usen en todas partes del mundo&#8221;.<\/p>\n<\/div>\n<div dir=\"ltr\" class=\"bbc-19j92fr e57qer20\" readability=\"10\">\n<p dir=\"ltr\" class=\"bbc-bm53ic e1cc2ql70\">En esencia, de nada sirve que un pa\u00eds est\u00e9 completamente protegido mientras otras regiones del mundo sigan siendo vulnerables, porque el virus <b>no conoce fronteras.<\/b><\/p>\n<\/div>\n<p><h2 id=\"Utop\u00eda\" tabindex=\"-1\" class=\"bbc-l3e97o e14hemmw0\">Utop\u00eda<\/h2>\n<\/p>\n<div dir=\"ltr\" class=\"bbc-19j92fr e57qer20\" readability=\"11\">\n<p dir=\"ltr\" class=\"bbc-bm53ic e1cc2ql70\">&#8220;La inmunidad de reba\u00f1o para covid-19 es una utop\u00eda&#8221;, le dice a BBC Mundo el doctor Mauricio Rodr\u00edguez, profesor de la Facultad de Medicina de la Universidad Nacional Aut\u00f3noma de M\u00e9xico (UNAM) y vocero de la comisi\u00f3n de dicho centro para temas relacionados con el coronavirus.<\/p>\n<\/div>\n<div dir=\"ltr\" class=\"bbc-1ka88fa e57qer20\">\n<figure class=\"bbc-1qdcvv9 e6bmn90\">\n<div dir=\"ltr\" class=\"bbc-172p16q e57qer20\">\n<div dir=\"ltr\" class=\"bbc-189y18v e57qer20\" readability=\"6.5\">\n<div data-e2e=\"image-placeholder\" class=\"bbc-997y1y e1whu0\" readability=\"8\"><noscript><img loading=\"lazy\" srcset=\"http:\/\/cordobadirecto.com\/wp-content\/uploads\/2021\/12\/covid-que-ha-pasado-con-la-inmunidad-de-rebano-a-2-anos-del-inicio-de-la-pandemia-y-como-afectan-las-nuevas-variantes-54.jpg 240w, http:\/\/cordobadirecto.com\/wp-content\/uploads\/2021\/12\/covid-que-ha-pasado-con-la-inmunidad-de-rebano-a-2-anos-del-inicio-de-la-pandemia-y-como-afectan-las-nuevas-variantes-55.jpg 320w, http:\/\/cordobadirecto.com\/wp-content\/uploads\/2021\/12\/covid-que-ha-pasado-con-la-inmunidad-de-rebano-a-2-anos-del-inicio-de-la-pandemia-y-como-afectan-las-nuevas-variantes-56.jpg 480w, http:\/\/cordobadirecto.com\/wp-content\/uploads\/2021\/12\/covid-que-ha-pasado-con-la-inmunidad-de-rebano-a-2-anos-del-inicio-de-la-pandemia-y-como-afectan-las-nuevas-variantes-57.jpg 624w, http:\/\/cordobadirecto.com\/wp-content\/uploads\/2021\/12\/covid-que-ha-pasado-con-la-inmunidad-de-rebano-a-2-anos-del-inicio-de-la-pandemia-y-como-afectan-las-nuevas-variantes-58.jpg 800w\" alt=\"mujer\" src=\"http:\/\/cordobadirecto.com\/wp-content\/uploads\/2021\/12\/covid-que-ha-pasado-con-la-inmunidad-de-rebano-a-2-anos-del-inicio-de-la-pandemia-y-como-afectan-las-nuevas-variantes-8.jpg\" sizes=\"(min-width: 1008px) 645px, 100vw\" width=\"976\" height=\"549\" class=\"eehpdyc0 bbc-100dhyn e1enwo3v0\"><\/noscript><\/p>\n<p role=\"text\" class=\"bbc-1s1cxbv etq3yw90\"><span class=\"bbc-1gnhmg2 e1yt7oin0\">Fuente de la imagen, <\/span><span lang=\"en-GB\">Getty<\/span><\/p>\n<\/div>\n<\/div>\n<\/div>\n<\/figure>\n<\/div>\n<div dir=\"ltr\" class=\"bbc-19j92fr e57qer20\" readability=\"8\">\n<p dir=\"ltr\" class=\"bbc-bm53ic e1cc2ql70\">Seg\u00fan Rodr\u00edguez, la inmunidad de reba\u00f1o aplica muy bien para <b>grupos peque\u00f1os<\/b> o delimitados.<\/p>\n<\/div>\n<div dir=\"ltr\" class=\"bbc-19j92fr e57qer20\" readability=\"12\">\n<p dir=\"ltr\" class=\"bbc-bm53ic e1cc2ql70\">&#8220;El problema con el covid es que tiene presencia en todos los grupos de edad, en todas las poblaciones, en todos lados, todo el tiempo&#8221;, dice el experto.<\/p>\n<\/div>\n<div dir=\"ltr\" class=\"bbc-19j92fr e57qer20\" readability=\"7\">\n<p dir=\"ltr\" class=\"bbc-bm53ic e1cc2ql70\">&#8220;Es pr\u00e1cticamente <b>imposible<\/b> lograr la inmunidad de reba\u00f1o con el covid&#8221;.<\/p>\n<\/div>\n<div dir=\"ltr\" class=\"bbc-1ka88fa e57qer20\">\n<figure class=\"bbc-1qdcvv9 e6bmn90\">\n<div dir=\"ltr\" class=\"bbc-172p16q e57qer20\">\n<div dir=\"ltr\" class=\"bbc-189y18v e57qer20\" readability=\"6.5\">\n<div data-e2e=\"image-placeholder\" class=\"bbc-997y1y e1whu0\" readability=\"8\"><noscript><img loading=\"lazy\" srcset=\"http:\/\/cordobadirecto.com\/wp-content\/uploads\/2021\/12\/covid-que-ha-pasado-con-la-inmunidad-de-rebano-a-2-anos-del-inicio-de-la-pandemia-y-como-afectan-las-nuevas-variantes-59.jpg 240w, http:\/\/cordobadirecto.com\/wp-content\/uploads\/2021\/12\/covid-que-ha-pasado-con-la-inmunidad-de-rebano-a-2-anos-del-inicio-de-la-pandemia-y-como-afectan-las-nuevas-variantes-60.jpg 320w, http:\/\/cordobadirecto.com\/wp-content\/uploads\/2021\/12\/covid-que-ha-pasado-con-la-inmunidad-de-rebano-a-2-anos-del-inicio-de-la-pandemia-y-como-afectan-las-nuevas-variantes-61.jpg 480w, http:\/\/cordobadirecto.com\/wp-content\/uploads\/2021\/12\/covid-que-ha-pasado-con-la-inmunidad-de-rebano-a-2-anos-del-inicio-de-la-pandemia-y-como-afectan-las-nuevas-variantes-62.jpg 624w, http:\/\/cordobadirecto.com\/wp-content\/uploads\/2021\/12\/covid-que-ha-pasado-con-la-inmunidad-de-rebano-a-2-anos-del-inicio-de-la-pandemia-y-como-afectan-las-nuevas-variantes-63.jpg 800w\" alt=\"Personas\" src=\"http:\/\/cordobadirecto.com\/wp-content\/uploads\/2021\/12\/covid-que-ha-pasado-con-la-inmunidad-de-rebano-a-2-anos-del-inicio-de-la-pandemia-y-como-afectan-las-nuevas-variantes-9.jpg\" sizes=\"(min-width: 1008px) 645px, 100vw\" width=\"976\" height=\"549\" class=\"eehpdyc0 bbc-100dhyn e1enwo3v0\"><\/noscript><\/p>\n<p role=\"text\" class=\"bbc-1s1cxbv etq3yw90\"><span class=\"bbc-1gnhmg2 e1yt7oin0\">Fuente de la imagen, <\/span><span lang=\"en-GB\">Getty <\/span><\/p>\n<\/div>\n<\/div>\n<\/div>\n<\/figure>\n<\/div>\n<div dir=\"ltr\" class=\"bbc-19j92fr e57qer20\" readability=\"10\">\n<p dir=\"ltr\" class=\"bbc-bm53ic e1cc2ql70\">Rodr\u00edguez indica que quiz\u00e1s a lo que se puede aspirar es lograr la <b>inmunidad en ciertos<\/b><b> grupos<\/b>, como las personas mayores de 60 a\u00f1os o que tengan alguna condici\u00f3n que las haga m\u00e1s vulnerables ante el virus.<\/p>\n<\/div>\n<p><h2 id=\"Cu\u00e1l-es-la-salida\" tabindex=\"-1\" class=\"bbc-l3e97o e14hemmw0\">\u00bfCu\u00e1l es la salida?<\/h2>\n<\/p>\n<div dir=\"ltr\" class=\"bbc-19j92fr e57qer20\" readability=\"12\">\n<p dir=\"ltr\" class=\"bbc-bm53ic e1cc2ql70\">Seg\u00fan los expertos consultados por BBC Mundo, en vez de aspirar a suprimir el virus por completo, los esfuerzos deben encaminarse a acostumbrarnos a <b>vivir con el virus<\/b>, pero sin que represente una grave amenaza para la humanidad.<\/p>\n<\/div>\n<div dir=\"ltr\" class=\"bbc-19j92fr e57qer20\" readability=\"10\">\n<p dir=\"ltr\" class=\"bbc-bm53ic e1cc2ql70\">La meta es que se vuelva un <b>virus end\u00e9mico<\/b>, es decir, que sigue circulando entre la poblaci\u00f3n pero a un nivel manejable.<\/p>\n<\/div>\n<div dir=\"ltr\" class=\"bbc-19j92fr e57qer20\" readability=\"7\">\n<p dir=\"ltr\" class=\"bbc-bm53ic e1cc2ql70\">Llegar a ese punto es a lo que Peir\u00f3 llama &#8220;tener un <b>control funcional<\/b> de la pandemia&#8221;.<\/p>\n<\/div>\n<div dir=\"ltr\" class=\"bbc-19j92fr e57qer20\" readability=\"10\">\n<p dir=\"ltr\" class=\"bbc-bm53ic e1cc2ql70\">&#8220;No se trata de eliminar todos los casos, lo que esperamos es tener una situaci\u00f3n inmunitaria con muy <b>pocos casos graves<\/b>&#8220;, dice el experto.<\/p>\n<\/div>\n<div dir=\"ltr\" class=\"bbc-1ka88fa e57qer20\">\n<figure class=\"bbc-1qdcvv9 e6bmn90\">\n<div dir=\"ltr\" class=\"bbc-172p16q e57qer20\">\n<div dir=\"ltr\" class=\"bbc-189y18v e57qer20\" readability=\"6.5\">\n<div data-e2e=\"image-placeholder\" class=\"bbc-997y1y e1whu0\" readability=\"8\"><noscript><img loading=\"lazy\" srcset=\"http:\/\/cordobadirecto.com\/wp-content\/uploads\/2021\/12\/covid-que-ha-pasado-con-la-inmunidad-de-rebano-a-2-anos-del-inicio-de-la-pandemia-y-como-afectan-las-nuevas-variantes-64.jpg 240w, http:\/\/cordobadirecto.com\/wp-content\/uploads\/2021\/12\/covid-que-ha-pasado-con-la-inmunidad-de-rebano-a-2-anos-del-inicio-de-la-pandemia-y-como-afectan-las-nuevas-variantes-65.jpg 320w, http:\/\/cordobadirecto.com\/wp-content\/uploads\/2021\/12\/covid-que-ha-pasado-con-la-inmunidad-de-rebano-a-2-anos-del-inicio-de-la-pandemia-y-como-afectan-las-nuevas-variantes-66.jpg 480w, http:\/\/cordobadirecto.com\/wp-content\/uploads\/2021\/12\/covid-que-ha-pasado-con-la-inmunidad-de-rebano-a-2-anos-del-inicio-de-la-pandemia-y-como-afectan-las-nuevas-variantes-67.jpg 624w, http:\/\/cordobadirecto.com\/wp-content\/uploads\/2021\/12\/covid-que-ha-pasado-con-la-inmunidad-de-rebano-a-2-anos-del-inicio-de-la-pandemia-y-como-afectan-las-nuevas-variantes-68.jpg 800w\" alt=\"Personas\" src=\"http:\/\/cordobadirecto.com\/wp-content\/uploads\/2021\/12\/covid-que-ha-pasado-con-la-inmunidad-de-rebano-a-2-anos-del-inicio-de-la-pandemia-y-como-afectan-las-nuevas-variantes-10.jpg\" sizes=\"(min-width: 1008px) 645px, 100vw\" width=\"976\" height=\"549\" class=\"eehpdyc0 bbc-100dhyn e1enwo3v0\"><\/noscript><\/p>\n<p role=\"text\" class=\"bbc-1s1cxbv etq3yw90\"><span class=\"bbc-1gnhmg2 e1yt7oin0\">Fuente de la imagen, <\/span><span lang=\"en-GB\">Getty<\/span><\/p>\n<\/div>\n<\/div>\n<\/div>\n<\/figure>\n<\/div>\n<div dir=\"ltr\" class=\"bbc-19j92fr e57qer20\" readability=\"8\">\n<p dir=\"ltr\" class=\"bbc-bm53ic e1cc2ql70\">&#8220;No es que la gente no se infecte, es <b>que no se nos llenen los hospitales<\/b> de casos graves&#8221;. <\/p>\n<\/div>\n<div dir=\"ltr\" class=\"bbc-19j92fr e57qer20\" readability=\"7\">\n<p dir=\"ltr\" class=\"bbc-bm53ic e1cc2ql70\">Peir\u00f3 sostiene que la idea es que la covid se parezca cada vez m\u00e1s a un resfriado. <\/p>\n<\/div>\n<div dir=\"ltr\" class=\"bbc-19j92fr e57qer20\" readability=\"8\">\n<p dir=\"ltr\" class=\"bbc-bm53ic e1cc2ql70\">&#8220;El \u00e9xito de la pandemia es ver a los hospitales vac\u00edos de casos de covid&#8221;, dice.<\/p>\n<\/div>\n<p><h2 id=\"Inmunidad-en-la-pr\u00e1ctica\" tabindex=\"-1\" class=\"bbc-l3e97o e14hemmw0\">Inmunidad en la pr\u00e1ctica<\/h2>\n<\/p>\n<div dir=\"ltr\" class=\"bbc-19j92fr e57qer20\" readability=\"9\">\n<p dir=\"ltr\" class=\"bbc-bm53ic e1cc2ql70\">Colijn sostiene que es poco probable lograr una inmunidad de reba\u00f1o, pero que s\u00ed es posible lograr una<b> &#8220;inmunidad de reba\u00f1o en la pr\u00e1ctica&#8221;.<\/b><\/p>\n<\/div>\n<div dir=\"ltr\" class=\"bbc-1ka88fa e57qer20\">\n<figure class=\"bbc-1qdcvv9 e6bmn90\">\n<div dir=\"ltr\" class=\"bbc-172p16q e57qer20\">\n<div dir=\"ltr\" class=\"bbc-189y18v e57qer20\" readability=\"6.5\">\n<div data-e2e=\"image-placeholder\" class=\"bbc-997y1y e1whu0\" readability=\"8\"><noscript><img loading=\"lazy\" srcset=\"http:\/\/cordobadirecto.com\/wp-content\/uploads\/2021\/12\/covid-que-ha-pasado-con-la-inmunidad-de-rebano-a-2-anos-del-inicio-de-la-pandemia-y-como-afectan-las-nuevas-variantes-69.jpg 240w, http:\/\/cordobadirecto.com\/wp-content\/uploads\/2021\/12\/covid-que-ha-pasado-con-la-inmunidad-de-rebano-a-2-anos-del-inicio-de-la-pandemia-y-como-afectan-las-nuevas-variantes-70.jpg 320w, http:\/\/cordobadirecto.com\/wp-content\/uploads\/2021\/12\/covid-que-ha-pasado-con-la-inmunidad-de-rebano-a-2-anos-del-inicio-de-la-pandemia-y-como-afectan-las-nuevas-variantes-71.jpg 480w, http:\/\/cordobadirecto.com\/wp-content\/uploads\/2021\/12\/covid-que-ha-pasado-con-la-inmunidad-de-rebano-a-2-anos-del-inicio-de-la-pandemia-y-como-afectan-las-nuevas-variantes-72.jpg 624w, http:\/\/cordobadirecto.com\/wp-content\/uploads\/2021\/12\/covid-que-ha-pasado-con-la-inmunidad-de-rebano-a-2-anos-del-inicio-de-la-pandemia-y-como-afectan-las-nuevas-variantes-73.jpg 800w\" alt=\"oficina\" src=\"http:\/\/cordobadirecto.com\/wp-content\/uploads\/2021\/12\/covid-que-ha-pasado-con-la-inmunidad-de-rebano-a-2-anos-del-inicio-de-la-pandemia-y-como-afectan-las-nuevas-variantes-11.jpg\" sizes=\"(min-width: 1008px) 645px, 100vw\" width=\"976\" height=\"549\" class=\"eehpdyc0 bbc-100dhyn e1enwo3v0\"><\/noscript><\/p>\n<p role=\"text\" class=\"bbc-1s1cxbv etq3yw90\"><span class=\"bbc-1gnhmg2 e1yt7oin0\">Fuente de la imagen, <\/span><span lang=\"en-GB\">Getty<\/span><\/p>\n<\/div>\n<\/div>\n<\/div>\n<\/figure>\n<\/div>\n<div dir=\"ltr\" class=\"bbc-19j92fr e57qer20\" readability=\"9\">\n<p dir=\"ltr\" class=\"bbc-bm53ic e1cc2ql70\">Eso significa que si se aplican las vacunas de manera masiva y equitativa se pueden lograr niveles casi normales de actividad, sin necesidad de medidas m\u00e1s radicales como los <b>confinamientos.<\/b><\/p>\n<\/div>\n<div dir=\"ltr\" class=\"bbc-19j92fr e57qer20\" readability=\"10\">\n<p dir=\"ltr\" class=\"bbc-bm53ic e1cc2ql70\">&#8220;Tenemos que pensar en qu\u00e9 medidas estamos dispuestos a mantener por siempre, quiz\u00e1s algunas de esas medidas son el uso de mascarillas, o los tests r\u00e1pidos&#8221;; dice la experta.<\/p>\n<\/div>\n<div dir=\"ltr\" class=\"bbc-19j92fr e57qer20\" readability=\"9\">\n<p dir=\"ltr\" class=\"bbc-bm53ic e1cc2ql70\">&#8220;Dejar de ver a nuestros amigos o familiares probablemente no sea una de esas medidas, no podemos hacer eso por siempre&#8221;.<\/p>\n<\/div>\n<div dir=\"ltr\" class=\"bbc-19j92fr e57qer20\" readability=\"10\">\n<p dir=\"ltr\" class=\"bbc-bm53ic e1cc2ql70\">Para lograr esa &#8220;inmunidad de reba\u00f1o en la pr\u00e1ctica&#8221; y el &#8220;control funcional de la pandemia&#8221;, los expertos coinciden en que es importante <b>priorizar<\/b> a los grupos m\u00e1s vulnerables en las campa\u00f1as de vacunaci\u00f3n.<\/p>\n<\/div>\n<div dir=\"ltr\" class=\"bbc-1ka88fa e57qer20\">\n<figure class=\"bbc-1qdcvv9 e6bmn90\">\n<div dir=\"ltr\" class=\"bbc-172p16q e57qer20\">\n<div dir=\"ltr\" class=\"bbc-189y18v e57qer20\" readability=\"6.5\">\n<div data-e2e=\"image-placeholder\" class=\"bbc-997y1y e1whu0\" readability=\"8\"><noscript><img loading=\"lazy\" srcset=\"http:\/\/cordobadirecto.com\/wp-content\/uploads\/2021\/12\/covid-que-ha-pasado-con-la-inmunidad-de-rebano-a-2-anos-del-inicio-de-la-pandemia-y-como-afectan-las-nuevas-variantes-74.jpg 240w, http:\/\/cordobadirecto.com\/wp-content\/uploads\/2021\/12\/covid-que-ha-pasado-con-la-inmunidad-de-rebano-a-2-anos-del-inicio-de-la-pandemia-y-como-afectan-las-nuevas-variantes-75.jpg 320w, http:\/\/cordobadirecto.com\/wp-content\/uploads\/2021\/12\/covid-que-ha-pasado-con-la-inmunidad-de-rebano-a-2-anos-del-inicio-de-la-pandemia-y-como-afectan-las-nuevas-variantes-76.jpg 480w, http:\/\/cordobadirecto.com\/wp-content\/uploads\/2021\/12\/covid-que-ha-pasado-con-la-inmunidad-de-rebano-a-2-anos-del-inicio-de-la-pandemia-y-como-afectan-las-nuevas-variantes-77.jpg 624w, http:\/\/cordobadirecto.com\/wp-content\/uploads\/2021\/12\/covid-que-ha-pasado-con-la-inmunidad-de-rebano-a-2-anos-del-inicio-de-la-pandemia-y-como-afectan-las-nuevas-variantes-78.jpg 800w\" alt=\"test de covid\" src=\"http:\/\/cordobadirecto.com\/wp-content\/uploads\/2021\/12\/covid-que-ha-pasado-con-la-inmunidad-de-rebano-a-2-anos-del-inicio-de-la-pandemia-y-como-afectan-las-nuevas-variantes-12.jpg\" sizes=\"(min-width: 1008px) 645px, 100vw\" width=\"976\" height=\"549\" class=\"eehpdyc0 bbc-100dhyn e1enwo3v0\"><\/noscript><\/p>\n<p role=\"text\" class=\"bbc-1s1cxbv etq3yw90\"><span class=\"bbc-1gnhmg2 e1yt7oin0\">Fuente de la imagen, <\/span><span lang=\"en-GB\">Getty<\/span><\/p>\n<\/div>\n<\/div>\n<\/div>\n<\/figure>\n<\/div>\n<div dir=\"ltr\" class=\"bbc-19j92fr e57qer20\" readability=\"7\">\n<p dir=\"ltr\" class=\"bbc-bm53ic e1cc2ql70\">La idea es lograr que la mayor cantidad de gente est\u00e9 protegida contra la enfermedad grave.<\/p>\n<\/div>\n<div dir=\"ltr\" class=\"bbc-19j92fr e57qer20\" readability=\"8\">\n<p dir=\"ltr\" class=\"bbc-bm53ic e1cc2ql70\">&#8220;Las vacunas han logrado que podamos combatir la pandemia casi <b>sin restricciones<\/b>&#8220;, dice Peir\u00f3.<\/p>\n<\/div>\n<div dir=\"ltr\" class=\"bbc-19j92fr e57qer20\" readability=\"11\">\n<p dir=\"ltr\" class=\"bbc-bm53ic e1cc2ql70\">&#8220;En otras circunstancias estar\u00edamos todos encerrados, con m\u00e1s muertos y m\u00e1s hospitalizados, pero hemos tratado a delta con <b>todo abierto<\/b>, esto es gracias a las vacunas&#8221;.<\/p>\n<\/div>\n<div dir=\"ltr\" class=\"bbc-19j92fr e57qer20\" readability=\"10\">\n<p dir=\"ltr\" class=\"bbc-bm53ic e1cc2ql70\">Ese escenario, en el que la combinaci\u00f3n de la vacunaci\u00f3n masiva e igualitaria, junto con medidas de cuidado se parece m\u00e1s a la etapa en la que estamos entrando. <\/p>\n<\/div>\n<div dir=\"ltr\" class=\"bbc-19j92fr e57qer20\" readability=\"12\">\n<p dir=\"ltr\" class=\"bbc-bm53ic e1cc2ql70\">&#8220;Estamos en una <b>etapa de transici\u00f3n,<\/b> pasando de una etapa de emergencia para luego estar en una etapa de endemia, que es cuando ya el virus va a estar circulando de forma m\u00e1s regular&#8221;, dice Rodr\u00edguez.<\/p>\n<\/div>\n<div dir=\"ltr\" class=\"bbc-19j92fr e57qer20\" readability=\"9\">\n<p dir=\"ltr\" class=\"bbc-bm53ic e1cc2ql70\">&#8220;No hay que asustarse, tenemos que aprender a vivir con el virus&#8221;, concluye el experto.<\/p>\n<\/div>\n<div dir=\"ltr\" class=\"bbc-1ka88fa e57qer20\">\n<figure class=\"bbc-1qdcvv9 e6bmn90\">\n<div dir=\"ltr\" class=\"bbc-172p16q e57qer20\">\n<div dir=\"ltr\" class=\"bbc-189y18v e57qer20\">\n<div data-e2e=\"image-placeholder\" class=\"bbc-997y1y e1whu0\"><noscript><img loading=\"lazy\" srcset=\"http:\/\/cordobadirecto.com\/wp-content\/uploads\/2021\/12\/covid-que-ha-pasado-con-la-inmunidad-de-rebano-a-2-anos-del-inicio-de-la-pandemia-y-como-afectan-las-nuevas-variantes-79.jpg 240w, http:\/\/cordobadirecto.com\/wp-content\/uploads\/2021\/12\/covid-que-ha-pasado-con-la-inmunidad-de-rebano-a-2-anos-del-inicio-de-la-pandemia-y-como-afectan-las-nuevas-variantes-80.jpg 320w, http:\/\/cordobadirecto.com\/wp-content\/uploads\/2021\/12\/covid-que-ha-pasado-con-la-inmunidad-de-rebano-a-2-anos-del-inicio-de-la-pandemia-y-como-afectan-las-nuevas-variantes-81.jpg 464w\" alt=\"L\u00ednea\" src=\"http:\/\/cordobadirecto.com\/wp-content\/uploads\/2021\/12\/covid-que-ha-pasado-con-la-inmunidad-de-rebano-a-2-anos-del-inicio-de-la-pandemia-y-como-afectan-las-nuevas-variantes-13.jpg\" sizes=\"(min-width: 1008px) 645px, 100vw\" width=\"464\" height=\"2\" class=\"eehpdyc0 bbc-100dhyn e1enwo3v0\"><\/noscript><\/div>\n<\/div>\n<\/div>\n<\/figure>\n<\/div>\n<div dir=\"ltr\" class=\"bbc-19j92fr e57qer20\" readability=\"8\">\n<p dir=\"ltr\" class=\"bbc-bm53ic e1cc2ql70\"><i class=\"bbc-h1y5j7 ewc4zcb0\">Ahora puedes recibir notificaciones de BBC Mundo. Descarga la nueva versi\u00f3n de nuestra app y act\u00edvalas para no perderte nuestro mejor contenido.<\/i><\/p>\n<\/div>\n","protected":false},"excerpt":{"rendered":"<p>Carlos Serrano (@carliserrano) BBC News Mundo 15 minutos Fuente de la imagen, Getty En 2020, durante los primeros meses de la pandemia, se populariz\u00f3 un concepto que sonaba esperanzador: la inmunidad de reba\u00f1o. El t\u00e9rmino se refiere a que cuando una gran parte de la poblaci\u00f3n se vuelve inmune a una enfermedad, en este caso [&hellip;]<\/p>\n","protected":false},"author":1,"featured_media":33735,"comment_status":"closed","ping_status":"closed","sticky":false,"template":"","format":"standard","meta":[],"categories":[24],"tags":[],"_links":{"self":[{"href":"http:\/\/cordobadirecto.com\/index.php\/wp-json\/wp\/v2\/posts\/33734"}],"collection":[{"href":"http:\/\/cordobadirecto.com\/index.php\/wp-json\/wp\/v2\/posts"}],"about":[{"href":"http:\/\/cordobadirecto.com\/index.php\/wp-json\/wp\/v2\/types\/post"}],"author":[{"embeddable":true,"href":"http:\/\/cordobadirecto.com\/index.php\/wp-json\/wp\/v2\/users\/1"}],"replies":[{"embeddable":true,"href":"http:\/\/cordobadirecto.com\/index.php\/wp-json\/wp\/v2\/comments?post=33734"}],"version-history":[{"count":0,"href":"http:\/\/cordobadirecto.com\/index.php\/wp-json\/wp\/v2\/posts\/33734\/revisions"}],"wp:featuredmedia":[{"embeddable":true,"href":"http:\/\/cordobadirecto.com\/index.php\/wp-json\/wp\/v2\/media\/33735"}],"wp:attachment":[{"href":"http:\/\/cordobadirecto.com\/index.php\/wp-json\/wp\/v2\/media?parent=33734"}],"wp:term":[{"taxonomy":"category","embeddable":true,"href":"http:\/\/cordobadirecto.com\/index.php\/wp-json\/wp\/v2\/categories?post=33734"},{"taxonomy":"post_tag","embeddable":true,"href":"http:\/\/cordobadirecto.com\/index.php\/wp-json\/wp\/v2\/tags?post=33734"}],"curies":[{"name":"wp","href":"https:\/\/api.w.org\/{rel}","templated":true}]}}