{"id":33746,"date":"2021-12-16T11:49:12","date_gmt":"2021-12-16T11:49:12","guid":{"rendered":"https:\/\/es.digitaltrends.com\/?p=901482"},"modified":"2021-12-16T11:49:12","modified_gmt":"2021-12-16T11:49:12","slug":"ted-lasso-vuelve-con-un-simpatico-corto-animado-navideno","status":"publish","type":"post","link":"http:\/\/cordobadirecto.com\/index.php\/2021\/12\/16\/ted-lasso-vuelve-con-un-simpatico-corto-animado-navideno\/","title":{"rendered":"Ted Lasso vuelve con un simp\u00e1tico corto animado navide\u00f1o"},"content":{"rendered":"<p>La segunda temporada de <a href=\"https:\/\/es.digitaltrends.com\/entretenimiento\/ganadores-globos-oro-2021\/\">Ted Lasso<\/a> se convirti\u00f3 en uno de los mejores estrenos de este a\u00f1o, por lo menos en el g\u00e9nero de comedia.<\/p>\n<p>De esta forma, la producci\u00f3n de Apple TV+ asoma con opciones para llevarse un premio en los <a href=\"https:\/\/es.digitaltrends.com\/entretenimiento\/directores-cineastas-hispanos-latinos\/\">Globos de Oro<\/a>, cuya ceremonia se llevar\u00e1 a cabo el 9 de marzo.<\/p>\n<p>Una de las ense\u00f1anzas que nos ha dejado la \u00faltima etapa de Ted Lasso, es que se trata de una <a href=\"https:\/\/es.digitaltrends.com\/entretenimiento\/las-mejores-series-en-netflix\/\">serie<\/a> mucho m\u00e1s compleja de lo que se piensa; de hecho, pese a ser comedia, en los cap\u00edtulos finales se abord\u00f3 el tema de la salud mental en el deporte.<\/p>\n<p>Ahora, la serie ha regresado pero a trav\u00e9s de un simp\u00e1tico corto animado navide\u00f1o. Apple TV+ ha compartido un video que muestra una animaci\u00f3n de Ted Lasso acompa\u00f1ado de algunos de los otros protagonistas de la ficci\u00f3n.<\/p>\n<figure id=\"attachment_901484\" aria-describedby=\"caption-attachment-901484\" class=\"wp-caption aligncenter\"><img src=\"http:\/\/cordobadirecto.com\/wp-content\/uploads\/2021\/12\/ted-lasso-vuelve-con-un-simpatico-corto-animado-navideno.gif\" data-dt-lazy-src=\"https:\/\/icdn.dtcn.com\/image\/digitaltrends_es\/screen_shot_2021_12_15_at_2-38-11_pm-1200x628.jpg\" onerror=\"dti_load_error(this)\" class=\" size-full wp-image-901484 dt-lazy-load dt-lazy-pending\" alt><figcaption id=\"caption-attachment-901484\" class=\"wp-caption-text\"><span class=\"credit\">Apple TV+<\/span><\/figcaption><\/figure>\n<p>De hecho, adem\u00e1s del actor principal Jason Sudeikis, aparecen Hannah Waddingham, Brendan Hunt, Jeremy Swift, Juno Temple, Brett Goldstein, Phil Dunster y Nick Mohammed, quienes tambi\u00e9n ponen sus voces en el corto.<\/p>\n<p>El video dura cerca de cuatro minutos y fue realizado bajo la t\u00e9cnica del stop motion. Lleva el t\u00edtulo de <em>The Missing Christmas Mustache<\/em> (El bigote de Navidad perdido).<\/p>\n<p>La historia gira en torno al equipo que trabaja para el AFC Richmond y en c\u00f3mo se unen para ayudar a Ted a buscar un objeto perdido. Al final, esta b\u00fasqueda ayuda al simp\u00e1tico entrenador a darse cuenta de cu\u00e1l es el verdadero sentido de la temporada navide\u00f1a.<\/p>\n<p>La buena noticia es que el corto animado est\u00e1 disponible para todo el p\u00fablico, y no es necesario estar suscrito a la plataforma de streaming de Apple para acceder a \u00e9l.<br \/><iframe title=\"YouTube video player\" src=\"https:\/\/www.youtube.com\/embed\/UW_qXIHtmTk\" width=\"560\" height=\"315\" frameborder=\"0\" allowfullscreen=\"allowfullscreen\">[embedded content]<\/iframe><\/p>\n<h4 class=\"h-editors-recs-title\"> Recomendaciones del editor\t<\/h4>\n<p> <span id=\"publisher-md\" itemprop=\"publisher\" itemscope itemtype=\"https:\/\/schema.org\/Organization\"> <span itemprop=\"url\" itemtype=\"https:\/\/schema.org\/Url\" content=\"https:\/\/es.digitaltrends.com\"> <span itemprop=\"logo\" itemscope itemtype=\"https:\/\/schema.org\/ImageObject\"> <meta itemprop=\"url\" content=\"https:\/\/cdn.dtcn.com\/dt\/dt-logo-small.png\"> <meta itemprop=\"width\" content=\"0\"> <meta itemprop=\"height\" content=\"0\"> <\/span> <meta itemprop=\"name\" content=\"Digital Trends Espa\u00f1ol\"> <\/span> <span itemprop=\"image\" itemscope itemtype=\"https:\/\/schema.org\/ImageObject\"> <meta itemprop=\"url\" content=\"https:\/\/icdn.dtcn.com\/image\/digitaltrends_es\/screen_shot_2021_12_15_at_2-38-11_pm.jpg\"> <\/span> <\/span><\/p>\n","protected":false},"excerpt":{"rendered":"<p>La segunda temporada de Ted Lasso se convirti\u00f3 en uno de los mejores estrenos de este a\u00f1o, por lo menos en el g\u00e9nero de comedia. De esta forma, la producci\u00f3n de Apple TV+ asoma con opciones para llevarse un premio en los Globos de Oro, cuya ceremonia se llevar\u00e1 a cabo el 9 de marzo. [&hellip;]<\/p>\n","protected":false},"author":1,"featured_media":33747,"comment_status":"closed","ping_status":"closed","sticky":false,"template":"","format":"standard","meta":[],"categories":[18],"tags":[],"_links":{"self":[{"href":"http:\/\/cordobadirecto.com\/index.php\/wp-json\/wp\/v2\/posts\/33746"}],"collection":[{"href":"http:\/\/cordobadirecto.com\/index.php\/wp-json\/wp\/v2\/posts"}],"about":[{"href":"http:\/\/cordobadirecto.com\/index.php\/wp-json\/wp\/v2\/types\/post"}],"author":[{"embeddable":true,"href":"http:\/\/cordobadirecto.com\/index.php\/wp-json\/wp\/v2\/users\/1"}],"replies":[{"embeddable":true,"href":"http:\/\/cordobadirecto.com\/index.php\/wp-json\/wp\/v2\/comments?post=33746"}],"version-history":[{"count":0,"href":"http:\/\/cordobadirecto.com\/index.php\/wp-json\/wp\/v2\/posts\/33746\/revisions"}],"wp:featuredmedia":[{"embeddable":true,"href":"http:\/\/cordobadirecto.com\/index.php\/wp-json\/wp\/v2\/media\/33747"}],"wp:attachment":[{"href":"http:\/\/cordobadirecto.com\/index.php\/wp-json\/wp\/v2\/media?parent=33746"}],"wp:term":[{"taxonomy":"category","embeddable":true,"href":"http:\/\/cordobadirecto.com\/index.php\/wp-json\/wp\/v2\/categories?post=33746"},{"taxonomy":"post_tag","embeddable":true,"href":"http:\/\/cordobadirecto.com\/index.php\/wp-json\/wp\/v2\/tags?post=33746"}],"curies":[{"name":"wp","href":"https:\/\/api.w.org\/{rel}","templated":true}]}}