{"id":33750,"date":"2021-12-16T00:21:00","date_gmt":"2021-12-16T00:21:00","guid":{"rendered":"http:\/\/cordobadirecto.com\/index.php\/2021\/12\/16\/a-dias-de-las-elecciones-atacaron-y-ocuparon-sedes-del-gobierno-en-libia\/"},"modified":"2021-12-16T00:21:00","modified_gmt":"2021-12-16T00:21:00","slug":"a-dias-de-las-elecciones-atacaron-y-ocuparon-sedes-del-gobierno-en-libia","status":"publish","type":"post","link":"http:\/\/cordobadirecto.com\/index.php\/2021\/12\/16\/a-dias-de-las-elecciones-atacaron-y-ocuparon-sedes-del-gobierno-en-libia\/","title":{"rendered":"A d\u00edas de las elecciones, atacaron y ocuparon sedes del Gobierno en Libia"},"content":{"rendered":"<figure class=\"mb-3\"><img loading=\"lazy\" src=\"http:\/\/cordobadirecto.com\/wp-content\/uploads\/2021\/12\/a-dias-de-las-elecciones-atacaron-y-ocuparon-sedes-del-gobierno-en-libia.jpg\" width=\"100%\" height=\"100%\" alt=\"Atacaron y ocuparon sedes del Gobierno libio foto Archivo\"><figcaption> Atacaron y ocuparon sedes del Gobierno libio. foto: Archivo <\/figcaption><\/figure>\n<p><strong>Hombres armados ocuparon este mi\u00e9rcoles las sedes del Gobierno de Unidad Nacional y del Ministerio de Defensa en Libia,<\/strong> mientras algunas zonas de Tr\u00edpoli quedaron sin energ\u00eda el\u00e9ctrica.<\/p>\n<p>As\u00ed lo inform\u00f3 la agencia de noticias Al Jamahiriya, citada por Sputnik, y ninguna detall\u00f3 si los atacantes son de alguno de los grupos armados que operan en la zona.<\/p>\n<p><strong>La toma de los edificios gubernamentales se produce a apenas ocho d\u00edas de las elecciones generales y presidenciales<\/strong> convocadas para el 24.<\/p>\n<blockquote class=\"twitter-tweet\" readability=\"7.4615384615385\">\n<p lang=\"es\" dir=\"ltr\">Salah Badi, l\u00edder de la milicia Brigada Al-Samoud, promete que no habr\u00e1 elecciones presidenciales en Libia y ordena a sus hombres asediar las sedes gubernamentales en Tr\u00edpoli<\/p>\n<p><a href=\"https:\/\/t.co\/sI7e2HlUsZ\">pic.twitter.com\/sI7e2HlUsZ<\/a> <a href=\"https:\/\/t.co\/Chl3YMxi0A\">https:\/\/t.co\/Chl3YMxi0A<\/a><\/p>\n<p>\u2014 6w (@6w_es) <a href=\"https:\/\/twitter.com\/6w_es\/status\/1471248112006144006?ref_src=twsrc%5Etfw\">December 15, 2021<\/a><\/p><\/blockquote>\n<p>El pa\u00eds africano qued\u00f3 dividido tras el derrocamiento del Gobierno de Muammar Kaddafi, en 2011, y durante una d\u00e9cada vivi\u00f3 violentos enfrentamientos entre las facciones rivales, que crearon estructuras del poder paralelas en el oeste y el este.<\/p>\n<p><strong>El 10 de marzo de 2021 se estableci\u00f3 un Gobierno de Unidad Nacional<\/strong>, liderado por Abdul Hamid Mohammed Dbeibah, cuya misi\u00f3n es poner fin a la prolongada dualidad de poderes y<strong> dirigir el proceso de transici\u00f3n hasta los comicios.<\/strong><\/p>\n<blockquote class=\"twitter-tweet\" readability=\"3.5815602836879\">\n<p lang=\"es\" dir=\"ltr\">Milicias armadas rodean la sede del primer ministro en Libia <a href=\"https:\/\/t.co\/9ZXOq41TIU\">https:\/\/t.co\/9ZXOq41TIU<\/a><\/p>\n<p>\u2014 EP Internacional (@EPinternacional) <a href=\"https:\/\/twitter.com\/EPinternacional\/status\/1471271644140298244?ref_src=twsrc%5Etfw\">December 16, 2021<\/a><\/p><\/blockquote>\n","protected":false},"excerpt":{"rendered":"<p>Atacaron y ocuparon sedes del Gobierno libio. foto: Archivo Hombres armados ocuparon este mi\u00e9rcoles las sedes del Gobierno de Unidad Nacional y del Ministerio de Defensa en Libia, mientras algunas zonas de Tr\u00edpoli quedaron sin energ\u00eda el\u00e9ctrica. As\u00ed lo inform\u00f3 la agencia de noticias Al Jamahiriya, citada por Sputnik, y ninguna detall\u00f3 si los atacantes [&hellip;]<\/p>\n","protected":false},"author":1,"featured_media":33751,"comment_status":"closed","ping_status":"closed","sticky":false,"template":"","format":"standard","meta":[],"categories":[24],"tags":[],"_links":{"self":[{"href":"http:\/\/cordobadirecto.com\/index.php\/wp-json\/wp\/v2\/posts\/33750"}],"collection":[{"href":"http:\/\/cordobadirecto.com\/index.php\/wp-json\/wp\/v2\/posts"}],"about":[{"href":"http:\/\/cordobadirecto.com\/index.php\/wp-json\/wp\/v2\/types\/post"}],"author":[{"embeddable":true,"href":"http:\/\/cordobadirecto.com\/index.php\/wp-json\/wp\/v2\/users\/1"}],"replies":[{"embeddable":true,"href":"http:\/\/cordobadirecto.com\/index.php\/wp-json\/wp\/v2\/comments?post=33750"}],"version-history":[{"count":0,"href":"http:\/\/cordobadirecto.com\/index.php\/wp-json\/wp\/v2\/posts\/33750\/revisions"}],"wp:featuredmedia":[{"embeddable":true,"href":"http:\/\/cordobadirecto.com\/index.php\/wp-json\/wp\/v2\/media\/33751"}],"wp:attachment":[{"href":"http:\/\/cordobadirecto.com\/index.php\/wp-json\/wp\/v2\/media?parent=33750"}],"wp:term":[{"taxonomy":"category","embeddable":true,"href":"http:\/\/cordobadirecto.com\/index.php\/wp-json\/wp\/v2\/categories?post=33750"},{"taxonomy":"post_tag","embeddable":true,"href":"http:\/\/cordobadirecto.com\/index.php\/wp-json\/wp\/v2\/tags?post=33750"}],"curies":[{"name":"wp","href":"https:\/\/api.w.org\/{rel}","templated":true}]}}