{"id":33752,"date":"2021-12-16T15:37:18","date_gmt":"2021-12-16T15:37:18","guid":{"rendered":"https:\/\/www.cordoba.gob.ar\/?p=18589"},"modified":"2021-12-16T15:37:18","modified_gmt":"2021-12-16T15:37:18","slug":"barrio-villa-allende-parque-avanzan-las-remodelaciones-en-la-plaza-alfonsina-storni","status":"publish","type":"post","link":"http:\/\/cordobadirecto.com\/index.php\/2021\/12\/16\/barrio-villa-allende-parque-avanzan-las-remodelaciones-en-la-plaza-alfonsina-storni\/","title":{"rendered":"Barrio Villa Allende Parque: avanzan las remodelaciones en la plaza Alfonsina Storni"},"content":{"rendered":"<div><img src=\"http:\/\/cordobadirecto.com\/wp-content\/uploads\/2021\/12\/barrio-villa-allende-parque-avanzan-las-remodelaciones-en-la-plaza-alfonsina-storni.jpg\" class=\"ff-og-image-inserted\"><\/div>\n<ul>\n<li><strong><em>Entre las intervenciones realizadas, el espacio verde tendr\u00e1 riego por aspersi\u00f3n y nuevas veredas. Tambi\u00e9n se colocar\u00e1n mesas y sillas de dise\u00f1o.<\/em><\/strong><\/li>\n<li><strong><em>Adem\u00e1s contar\u00e1 con un \u201cPatio de las Infancias\u201d, una zona con juegos infantiles e inclusivos de vanguardia sobre un piso antigolpes.<\/em><\/strong><\/li>\n<\/ul>\n<p>En barrio Villa Allende Parque contin\u00faan las tareas de transformaci\u00f3n de la plaza Alfonsina Storni, en el marco del plan de puesta en valor que lleva a cabo la Direcci\u00f3n de Espacios Verdes, dependiente de la Secretar\u00eda de Gesti\u00f3n Ambiental y Sostenibilidad municipal.<\/p>\n<p>Se trata de un espacio verde circular de 8.000 m\u00b2, ubicado en el extremo noroeste de la ciudad, donde confluyen las calles Linco, Lanc\u00fan y Mait\u00e9n.<\/p>\n<p>La plaza denominada Alfonsina Storni, pero conocida por los vecinos como Eva Per\u00f3n o de la Amistad, llevaba a\u00f1os sin mantenimiento, por lo que en primera instancia se realizaron tareas de limpieza, desmalezado, poda y nivelaci\u00f3n del terreno, junto a la reparaci\u00f3n y pintura de los juegos infantiles, bancos y mesas.<\/p>\n<p>El espacio contar\u00e1 con un nuevo \u201cPatio de las Infancias\u201d, es decir, un \u00e1rea de juegos de vanguardia e inclusivos, como un trepador, tobog\u00e1n, espiral, tambores, hamacas entre otros. La zona tendr\u00e1 un piso antigolpes reciclado a partir de neum\u00e1ticos fuera de uso y una reja perimetral de seguridad.<\/p>\n<p>Cabe destacar que dentro de las intervenciones m\u00e1s novedosas que tendr\u00e1 la plaza es la instalaci\u00f3n de un sistema de riego por aspersi\u00f3n, fundamentales para mantener y mejorar la parquizaci\u00f3n con c\u00e9sped, las arbustivas y gram\u00edneas que se efectuar\u00e1 en la plaza.<\/p>\n<p>A su vez, se est\u00e1 trabajando para incorporar un \u201cBosque de Bolsillo\u201d, un lugar que recrea el bosque nativo con vegetaci\u00f3n de los espacios verdes de la ciudad.<\/p>\n<p>La colocaci\u00f3n de nuevas mesas y sillas de dise\u00f1o, bancos de hormig\u00f3n, bicicleteros, cestos de basura y bebederos permitir\u00e1n mayores comodidades para disfrutar el espacio verde. A la par, se construyen solados de adoquines rojos y senderos de hormig\u00f3n para mejorar la circulaci\u00f3n interna por el predio.<\/p>\n<p>Adem\u00e1s, se instalar\u00e1n 3 postas gimn\u00e1sticas sobre solado de c\u00e9sped sint\u00e9tico en el \u00e1rea de recreaci\u00f3n y deporte.<\/p>\n<p><strong>Sobre \u201cLa plaza de tu barrio\u201d<\/strong><\/p>\n<p>Cada una de estas acciones forman parte del Programa \u201cLa Plaza de tu Barrio\u201d, que actualmente se encuentra recuperando 12 plazas de la ciudad a trav\u00e9s de la Direcci\u00f3n de Espacios Verdes de la Secretar\u00eda de Gesti\u00f3n Ambiental del municipio.<\/p>\n<p>Tiene como objetivo dotar de instalaciones y espacio de alta calidad para el disfrute de los vecinos, especialmente en los barrios alejados del centro.<\/p>\n<p>La primera etapa del programa alcanzar\u00e1 a m\u00e1s de 60 plazas, con una inversi\u00f3n superior a los $ 1.100 millones en 2021 y otros $ 2.000 millones proyectados para 2022.<\/p>\n<p>Existen 12 plazas en recuperaci\u00f3n simult\u00e1nea, entre ellas: plaza Rivadavia (Alta C\u00f3rdoba); Evita (Villa Allende Parque); plaza Jer\u00f3nimo del Barco (Alto Alberdi); plaza Gregoria Matorras (Gral. Bustos); ex basural (Patricios); plaza Los Naranjos (Los Naranjos); Terminal de \u00d3mnibus (Nueva C\u00f3rdoba); plaza 12 de Octubre (Escobar); la plaza Col\u00f3n (Alberdi); la plaza Alem (Pueyrred\u00f3n); la plaza del Cementerio San Jer\u00f3nimo (Alberdi).<\/p>\n<p>Hasta el momento ya se inauguraron seis plazas bajo el programa: Elvira Ceballos (Alberdi); Abuelas de Plaza de Mayo (Comercial); Villa Rivadavia; Trulala (Ampliaci\u00f3n Pueyrred\u00f3n); Eva Per\u00f3n (Las Violetas); Inaudi.<\/p>\n","protected":false},"excerpt":{"rendered":"<p>Entre las intervenciones realizadas, el espacio verde tendr\u00e1 riego por aspersi\u00f3n y nuevas veredas. Tambi\u00e9n se colocar\u00e1n mesas y sillas de dise\u00f1o. Adem\u00e1s contar\u00e1 con un \u201cPatio de las Infancias\u201d, una zona con juegos infantiles e inclusivos de vanguardia sobre un piso antigolpes. En barrio Villa Allende Parque contin\u00faan las tareas de transformaci\u00f3n de la [&hellip;]<\/p>\n","protected":false},"author":1,"featured_media":33753,"comment_status":"closed","ping_status":"closed","sticky":false,"template":"","format":"standard","meta":[],"categories":[44],"tags":[],"_links":{"self":[{"href":"http:\/\/cordobadirecto.com\/index.php\/wp-json\/wp\/v2\/posts\/33752"}],"collection":[{"href":"http:\/\/cordobadirecto.com\/index.php\/wp-json\/wp\/v2\/posts"}],"about":[{"href":"http:\/\/cordobadirecto.com\/index.php\/wp-json\/wp\/v2\/types\/post"}],"author":[{"embeddable":true,"href":"http:\/\/cordobadirecto.com\/index.php\/wp-json\/wp\/v2\/users\/1"}],"replies":[{"embeddable":true,"href":"http:\/\/cordobadirecto.com\/index.php\/wp-json\/wp\/v2\/comments?post=33752"}],"version-history":[{"count":0,"href":"http:\/\/cordobadirecto.com\/index.php\/wp-json\/wp\/v2\/posts\/33752\/revisions"}],"wp:featuredmedia":[{"embeddable":true,"href":"http:\/\/cordobadirecto.com\/index.php\/wp-json\/wp\/v2\/media\/33753"}],"wp:attachment":[{"href":"http:\/\/cordobadirecto.com\/index.php\/wp-json\/wp\/v2\/media?parent=33752"}],"wp:term":[{"taxonomy":"category","embeddable":true,"href":"http:\/\/cordobadirecto.com\/index.php\/wp-json\/wp\/v2\/categories?post=33752"},{"taxonomy":"post_tag","embeddable":true,"href":"http:\/\/cordobadirecto.com\/index.php\/wp-json\/wp\/v2\/tags?post=33752"}],"curies":[{"name":"wp","href":"https:\/\/api.w.org\/{rel}","templated":true}]}}