{"id":33761,"date":"2021-12-17T00:01:30","date_gmt":"2021-12-17T00:01:30","guid":{"rendered":"http:\/\/cordobadirecto.com\/index.php\/2021\/12\/17\/llaryora-asistio-al-cierre-del-periodo-2021-de-adec-municipalidad-de-cordoba\/"},"modified":"2021-12-17T00:01:30","modified_gmt":"2021-12-17T00:01:30","slug":"llaryora-asistio-al-cierre-del-periodo-2021-de-adec-municipalidad-de-cordoba","status":"publish","type":"post","link":"http:\/\/cordobadirecto.com\/index.php\/2021\/12\/17\/llaryora-asistio-al-cierre-del-periodo-2021-de-adec-municipalidad-de-cordoba\/","title":{"rendered":"Llaryora asisti\u00f3 al cierre del per\u00edodo 2021 de ADEC &#8211; Municipalidad de C\u00f3rdoba"},"content":{"rendered":"<p>Acompa\u00f1ado por representantes del sector productivo de la ciudad y socios de la Agencia para el Desarrollo <b>Econ\u00f3mico<\/b> de la Ciudad de <b>C\u00f3rdoba<\/b>&nbsp;&#8230; <\/p>\n","protected":false},"excerpt":{"rendered":"<p>Acompa\u00f1ado por representantes del sector productivo de la ciudad y socios de la Agencia para el Desarrollo Econ\u00f3mico de la Ciudad de C\u00f3rdoba&nbsp;&#8230;<\/p>\n","protected":false},"author":1,"featured_media":0,"comment_status":"closed","ping_status":"closed","sticky":false,"template":"","format":"standard","meta":[],"categories":[40],"tags":[],"_links":{"self":[{"href":"http:\/\/cordobadirecto.com\/index.php\/wp-json\/wp\/v2\/posts\/33761"}],"collection":[{"href":"http:\/\/cordobadirecto.com\/index.php\/wp-json\/wp\/v2\/posts"}],"about":[{"href":"http:\/\/cordobadirecto.com\/index.php\/wp-json\/wp\/v2\/types\/post"}],"author":[{"embeddable":true,"href":"http:\/\/cordobadirecto.com\/index.php\/wp-json\/wp\/v2\/users\/1"}],"replies":[{"embeddable":true,"href":"http:\/\/cordobadirecto.com\/index.php\/wp-json\/wp\/v2\/comments?post=33761"}],"version-history":[{"count":0,"href":"http:\/\/cordobadirecto.com\/index.php\/wp-json\/wp\/v2\/posts\/33761\/revisions"}],"wp:attachment":[{"href":"http:\/\/cordobadirecto.com\/index.php\/wp-json\/wp\/v2\/media?parent=33761"}],"wp:term":[{"taxonomy":"category","embeddable":true,"href":"http:\/\/cordobadirecto.com\/index.php\/wp-json\/wp\/v2\/categories?post=33761"},{"taxonomy":"post_tag","embeddable":true,"href":"http:\/\/cordobadirecto.com\/index.php\/wp-json\/wp\/v2\/tags?post=33761"}],"curies":[{"name":"wp","href":"https:\/\/api.w.org\/{rel}","templated":true}]}}