{"id":33762,"date":"2021-12-16T23:59:57","date_gmt":"2021-12-16T23:59:57","guid":{"rendered":"https:\/\/cordoba.gob.ar\/?p=18628"},"modified":"2021-12-16T23:59:57","modified_gmt":"2021-12-16T23:59:57","slug":"llaryora-asistio-al-cierre-del-periodo-2021-de-adec","status":"publish","type":"post","link":"http:\/\/cordobadirecto.com\/index.php\/2021\/12\/16\/llaryora-asistio-al-cierre-del-periodo-2021-de-adec\/","title":{"rendered":"Llaryora asisti\u00f3 al cierre del per\u00edodo 2021 de ADEC"},"content":{"rendered":"<div><img src=\"http:\/\/cordobadirecto.com\/wp-content\/uploads\/2021\/12\/llaryora-asistio-al-cierre-del-periodo-2021-de-adec.jpg\" class=\"ff-og-image-inserted\"><\/div>\n<p>Acompa\u00f1ado por representantes del sector productivo de la ciudad y socios de la Agencia para el Desarrollo Econ\u00f3mico de la Ciudad de C\u00f3rdoba (ADEC), el intendente Llaryora dio cierre a las actividades llevadas a cabo por la instituci\u00f3n durante el per\u00edodo 2021.<\/p>\n<p>Esta agencia tiene gran relevancia para nuestra ciudad en cuanto a la planificaci\u00f3n y validaci\u00f3n de pol\u00edticas p\u00fablicas. Motivo por el cual, desde los inicios de la gesti\u00f3n, la municipalidad trabaj\u00f3 de forma mancomunada en distintos ejes estrat\u00e9gicos imprescindibles que fueron cobrando importancia gracias al valioso aporte de ADEC en su conjunto.<\/p>\n<p>Ejemplo de esto, es la innovaci\u00f3n llevada adelante de lo que fue la ventanilla \u00fanica municipal, hoy Habilitaci\u00f3n Online de Negocios, la cual cambi\u00f3 la forma en que los emprendedores, comerciantes y empresarios habilitan su negocio. Del mismo modo, fue la participaci\u00f3n de los funcionarios municipales en la Planificaci\u00f3n Estrat\u00e9gica basada en actores de ADEC, generando un intercambio fruct\u00edfero para la elaboraci\u00f3n de futuros planes y programas para el gobierno municipal.<\/p>\n<p><em>\u201cDesde que asumimos en el municipio, tambi\u00e9n asumimos el compromiso de acompa\u00f1ar a ADEC en cada una de las acciones planificadas con anterioridad, porque estamos convencidos de que las buenas pol\u00edticas deben continuar m\u00e1s all\u00e1 de las gestiones\u201d<\/em> manifest\u00f3 el intendente LLaryora.<\/p>\n<p>El intendente aprovech\u00f3 la ocasi\u00f3n para felicitar a los integrantes de ADEC por la organizaci\u00f3n del V Foro Mundial de Desarrollo Econ\u00f3mico Local, que permiti\u00f3 mostrar a C\u00f3rdoba al mundo durante 5 d\u00edas, con m\u00e1s de 175.000 reproducciones en vivo a m\u00e1s de 40 pa\u00edses, destacando la obtenci\u00f3n del premio EIKOM a la excelencia en la comunicaci\u00f3n, ya que, sin duda, marc\u00f3 un antes y un despu\u00e9s en la realizaci\u00f3n de eventos virtuales en el mundo.<\/p>\n<p>ADEC, cumple un rol fundamental, financiando proyectos a las entidades socias a trav\u00e9s del fondo de competitividad que, desde sus comienzos, lleva financiado m\u00e1s de 270 proyectos por un valor de USD 4.950.000 aportado por el fondo y un total de USD 12.900.000 tomando la contratarte del proyecto.<\/p>\n<p>Por esta importancia, es que el intendente Mart\u00edn Llaryora solicit\u00f3 al \u00e1rea econ\u00f3mica del municipio que ordenara sus cuentas con la instituci\u00f3n, saldando deudas de aportes de gestiones anteriores para que esta importante herramienta que ofrece ADEC siga su misi\u00f3n promoviendo el desarrollo econ\u00f3mico local.<\/p>\n<p>El 2022, ser\u00e1 un a\u00f1o importante para ADEC, no solo por los 25 a\u00f1os de existencia, sino, porque adem\u00e1s se llevar\u00e1 a cabo en nuestra ciudad la III Bienal de Dise\u00f1o 2022, por la que el municipio pondr\u00e1 a disposici\u00f3n todas las herramientas necesarias para que ese evento ayude a posicionar a C\u00f3rdoba como \u201cCiudad del dise\u00f1o\u201d dentro de las econom\u00edas creativas que deseamos fomentar.<\/p>\n<p>SOBRE ADEC<\/p>\n<p>En el a\u00f1o 1997, se crea la Agencia para el Desarrollo Econ\u00f3mico de la Ciudad de C\u00f3rdoba (ADEC) que surge del Plan Estrat\u00e9gico que C\u00f3rdoba inici\u00f3 en el a\u00f1o 1994 durante la gesti\u00f3n de Rub\u00e9n Am\u00e9rico Mart\u00ed, quien busc\u00f3 construir una ciudad moderna, ambientalmente sustentable, competitiva, solidaria, afirmando su identidad cultural y ampliando su calidad de vida.<\/p>\n<p>Dentro del Plan se plantearon las dimensiones territorial, social, econ\u00f3mica y ambiental de forma integral y din\u00e1mica. Desde el eje econ\u00f3mico, nace un proyecto de institucionalidad para el desarrollo de la ciudad, denominado ADEC.<\/p>\n<p>Entendiendo que en el contraste de perspectivas y diversidades existe el potencial del consenso, en ADEC, se priorizo el inter\u00e9s com\u00fan por sobre el individual y sectorial, teniendo en cuenta que la participaci\u00f3n desde el intervenir, acceder, conocer, aprehender y decidir es de suma importancia para el desarrollo.<\/p>\n<p>La construcci\u00f3n del capital social, en pos de objetivos comunes, potencia la habilidad para intervenir y tomar decisiones, que junto con instituciones y redes de relaciones formales e informales (dotadas de operatividad, transparencia y credibilidad) conforman la base para la sinergia de otros capitales.<\/p>\n<p>La n\u00f3mina de autoridades de ADEC est\u00e1 compuesta de la siguiente manera: Presidente Mart\u00edn Llaryora, Municipalidad de C\u00f3rdoba, Vicepresidente 1\u00ba Javier Basanta Chao CACIEP \u2013 C\u00e1mara Cordobesa de Instituciones Educativas privadas, Vicepresidente 2\u00ba Manuel San Pedro, Municipalidad de C\u00f3rdoba, Secretario Hern\u00e1n Soneyro UIC \u2013 Uni\u00f3n Industrial de C\u00f3rdoba, Pro-Secretario Marta Beatriz Bederi\u00e1n, CAMMEC \u2013 C\u00e1mara de la Madera, Mueble y Equipamiento de C\u00f3rdoba, Tesorero Marcela Prone, CAMARCO \u2013 C\u00e1mara Argentina de la Construcci\u00f3n, Consejero Titular Norberto Delfino CACEC \u2013 C\u00e1mara de Comercio Exterior de C\u00f3rdoba. El Consejo de Fiscalizaci\u00f3n lo componen: Marta Botti de ACAV \u2013 Asociaci\u00f3n Cordobesa de Agencias de Viaje-Marcelo Bechara de CACC \u2013 C\u00e1mara Argentina de Centros de Contacto, Daniel Ricci de CAPC \u2013 Colegio de Arquitectos de la Provincia de C\u00f3rdoba y dem\u00e1s consejeros suplentes.<\/p>\n","protected":false},"excerpt":{"rendered":"<p>Acompa\u00f1ado por representantes del sector productivo de la ciudad y socios de la Agencia para el Desarrollo Econ\u00f3mico de la Ciudad de C\u00f3rdoba (ADEC), el intendente Llaryora dio cierre a las actividades llevadas a cabo por la instituci\u00f3n durante el per\u00edodo 2021. Esta agencia tiene gran relevancia para nuestra ciudad en cuanto a la planificaci\u00f3n [&hellip;]<\/p>\n","protected":false},"author":1,"featured_media":33763,"comment_status":"closed","ping_status":"closed","sticky":false,"template":"","format":"standard","meta":[],"categories":[44],"tags":[],"_links":{"self":[{"href":"http:\/\/cordobadirecto.com\/index.php\/wp-json\/wp\/v2\/posts\/33762"}],"collection":[{"href":"http:\/\/cordobadirecto.com\/index.php\/wp-json\/wp\/v2\/posts"}],"about":[{"href":"http:\/\/cordobadirecto.com\/index.php\/wp-json\/wp\/v2\/types\/post"}],"author":[{"embeddable":true,"href":"http:\/\/cordobadirecto.com\/index.php\/wp-json\/wp\/v2\/users\/1"}],"replies":[{"embeddable":true,"href":"http:\/\/cordobadirecto.com\/index.php\/wp-json\/wp\/v2\/comments?post=33762"}],"version-history":[{"count":0,"href":"http:\/\/cordobadirecto.com\/index.php\/wp-json\/wp\/v2\/posts\/33762\/revisions"}],"wp:featuredmedia":[{"embeddable":true,"href":"http:\/\/cordobadirecto.com\/index.php\/wp-json\/wp\/v2\/media\/33763"}],"wp:attachment":[{"href":"http:\/\/cordobadirecto.com\/index.php\/wp-json\/wp\/v2\/media?parent=33762"}],"wp:term":[{"taxonomy":"category","embeddable":true,"href":"http:\/\/cordobadirecto.com\/index.php\/wp-json\/wp\/v2\/categories?post=33762"},{"taxonomy":"post_tag","embeddable":true,"href":"http:\/\/cordobadirecto.com\/index.php\/wp-json\/wp\/v2\/tags?post=33762"}],"curies":[{"name":"wp","href":"https:\/\/api.w.org\/{rel}","templated":true}]}}