{"id":33764,"date":"2021-12-16T20:16:04","date_gmt":"2021-12-16T20:16:04","guid":{"rendered":"https:\/\/cordoba.gob.ar\/?p=18624"},"modified":"2021-12-16T20:16:04","modified_gmt":"2021-12-16T20:16:04","slug":"la-tienda-creativa-se-suma-a-la-feria-del-regalo","status":"publish","type":"post","link":"http:\/\/cordobadirecto.com\/index.php\/2021\/12\/16\/la-tienda-creativa-se-suma-a-la-feria-del-regalo\/","title":{"rendered":"La Tienda Creativa se suma a la Feria del Regalo"},"content":{"rendered":"<div><img src=\"http:\/\/cordobadirecto.com\/wp-content\/uploads\/2021\/12\/la-tienda-creativa-se-suma-a-la-feria-del-regalo.jpg\" class=\"ff-og-image-inserted\"><\/div>\n<ul>\n<li><strong>La Tienda Creativa de la Ciudad, dependiente de la Subsecretar\u00eda de Cultura, ser\u00e1 parte de la gran Feria del Regalo.<\/strong><\/li>\n<li><strong>El evento que comienza el 17 de diciembre y se desarrollar\u00e1 hasta el 23 pr\u00f3ximo en el Complejo Forja (Mauricio Yadarola 1699), es con entrada libre y gratuita.<\/strong><\/li>\n<\/ul>\n<hr>\n<p>De esta manera, la producci\u00f3n de dise\u00f1adoras\/es y creadoras\/es de la Tienda se incorpora a la oferta de esta Feria programada con las opciones m\u00e1s variadas para regalar en estas \ufb01estas. El stand de la Tienda (n\u00ba 269) resumir\u00e1 numerosas alternativas de dise\u00f1o local a lo largo de 20 m2, de acceso gratuito para que el sector ampl\u00ede su llegada, visibilizando y comercializando sus productos y servicios.<\/p>\n<p>La Feria del Regalo re\u00fane a mayoristas, minoristas y vendedores de distintos rubros, todos en un mismo sitio con motivo de las compras de fin de a\u00f1o. Se puede visitar del 17 al 23 de diciembre, de 15 a 21.<\/p>\n<p>El stand de la Tienda contar\u00e1 con productos de Jaime Koch (papeler\u00eda), Garibaldi (hogar y deco), Pin Arte (cer\u00e1mica), Mapia (papeler\u00eda), PisoNueve (peques), Cuqui\u2019s (mobiliario infantil), Conciencia Dominio (indumentaria), Capital de Ideas (bolsos materos), Trufa Dolls (mu\u00f1ecos y juguetes de tela), La Vicu\u00f1ita (ni\u00f1as\/os juguetes), Dekia (billeteras, ri\u00f1oneras y mochilas), Manolas (calzado), El Taller de Lula ( papeler\u00eda y did\u00e1cticos), Cantarutti Bentstrumentos (instrumentos musicales hechos con juguetes y descartables reciclados), Brisa Urbana carteras (marroquiner\u00eda y complementos en cuero), Estudio Minimal (deco textil), Efe Cer\u00e1mica (cer\u00e1micas), Dinoboard (juguetes ecol\u00f3gicos).<\/p>\n<p><strong>Qu\u00e9 es la Tienda Creativa<\/strong><\/p>\n<p>Ubicada en la Recova del Cabildo de C\u00f3rdoba, la Tienda es un espacio f\u00edsico de funcionamiento permanente destinado a difundir, visibilizar y comercializar las creaciones de los distintos sectores creativos de la ciudad de C\u00f3rdoba, que van desde el mundo de las artesan\u00edas al dise\u00f1o, pasando por las artes esc\u00e9nicas, las artes visuales, las audiovisuales, la literatura, la gastronom\u00eda y la m\u00fasica.<\/p>\n<p>Ofrece productos de referentes locales de artesan\u00edas, artes visuales, artes audiovisuales, dise\u00f1o, editorial y m\u00fasica. A trav\u00e9s de una convocatoria abierta y p\u00fablica, estos productos\/servicios fueron seleccionados por una comisi\u00f3n espec\u00edfica, integrada por personas a cargo de las distintas \u00e1reas art\u00edsticas y creativas.<\/p>\n<p>Los trabajos fueron analizados de acuerdo a criterios de identidad, sostenibilidad, innovaci\u00f3n, calidad, incidencia social, concepto, aspectos formales, mercado y comunicaci\u00f3n y normativas, entre otras.<\/p>\n","protected":false},"excerpt":{"rendered":"<p>La Tienda Creativa de la Ciudad, dependiente de la Subsecretar\u00eda de Cultura, ser\u00e1 parte de la gran Feria del Regalo. El evento que comienza el 17 de diciembre y se desarrollar\u00e1 hasta el 23 pr\u00f3ximo en el Complejo Forja (Mauricio Yadarola 1699), es con entrada libre y gratuita. De esta manera, la producci\u00f3n de dise\u00f1adoras\/es [&hellip;]<\/p>\n","protected":false},"author":1,"featured_media":33765,"comment_status":"closed","ping_status":"closed","sticky":false,"template":"","format":"standard","meta":[],"categories":[44],"tags":[],"_links":{"self":[{"href":"http:\/\/cordobadirecto.com\/index.php\/wp-json\/wp\/v2\/posts\/33764"}],"collection":[{"href":"http:\/\/cordobadirecto.com\/index.php\/wp-json\/wp\/v2\/posts"}],"about":[{"href":"http:\/\/cordobadirecto.com\/index.php\/wp-json\/wp\/v2\/types\/post"}],"author":[{"embeddable":true,"href":"http:\/\/cordobadirecto.com\/index.php\/wp-json\/wp\/v2\/users\/1"}],"replies":[{"embeddable":true,"href":"http:\/\/cordobadirecto.com\/index.php\/wp-json\/wp\/v2\/comments?post=33764"}],"version-history":[{"count":0,"href":"http:\/\/cordobadirecto.com\/index.php\/wp-json\/wp\/v2\/posts\/33764\/revisions"}],"wp:featuredmedia":[{"embeddable":true,"href":"http:\/\/cordobadirecto.com\/index.php\/wp-json\/wp\/v2\/media\/33765"}],"wp:attachment":[{"href":"http:\/\/cordobadirecto.com\/index.php\/wp-json\/wp\/v2\/media?parent=33764"}],"wp:term":[{"taxonomy":"category","embeddable":true,"href":"http:\/\/cordobadirecto.com\/index.php\/wp-json\/wp\/v2\/categories?post=33764"},{"taxonomy":"post_tag","embeddable":true,"href":"http:\/\/cordobadirecto.com\/index.php\/wp-json\/wp\/v2\/tags?post=33764"}],"curies":[{"name":"wp","href":"https:\/\/api.w.org\/{rel}","templated":true}]}}