{"id":33768,"date":"2021-12-17T01:33:00","date_gmt":"2021-12-17T01:33:00","guid":{"rendered":"http:\/\/cordobadirecto.com\/index.php\/2021\/12\/17\/biden-dijo-que-omicron-se-propagara-mucho-mas-rapidamente\/"},"modified":"2021-12-17T01:33:00","modified_gmt":"2021-12-17T01:33:00","slug":"biden-dijo-que-omicron-se-propagara-mucho-mas-rapidamente","status":"publish","type":"post","link":"http:\/\/cordobadirecto.com\/index.php\/2021\/12\/17\/biden-dijo-que-omicron-se-propagara-mucho-mas-rapidamente\/","title":{"rendered":"Biden dijo que \u00d3micron se propagar\u00e1 \u201cmucho m\u00e1s r\u00e1pidamente\u201d"},"content":{"rendered":"<figure class=\"mb-3\"><img loading=\"lazy\" src=\"http:\/\/cordobadirecto.com\/wp-content\/uploads\/2021\/12\/biden-dijo-que-omicron-se-propagara-mucho-mas-rapidamente.jpg\" width=\"100%\" height=\"100%\" alt=\"Para Biden micron se propagar muy rpido en su pas Foto archivo\"><figcaption> Para Biden, \u00d3micron se propagar\u00e1 muy r\u00e1pido en su pa\u00eds. Foto: archivo. <\/figcaption><\/figure>\n<p>El presidente de Estados Unidos, Joe Biden, advirti\u00f3 que la variante \u00d3micron de coronavirus <strong>\u201cse va a propagar mucho m\u00e1s r\u00e1pidamente\u201d en el pa\u00eds<\/strong> y exhort\u00f3 nuevamente a sus conciudadanos a vacunarse.<\/p>\n<p><strong>\u201cLa \u00fanica protecci\u00f3n real es recibir la inyecci\u00f3n\u201d,<\/strong> afirm\u00f3 el mandatario, quien vaticin\u00f3 \u201cun invierno de enfermedad grave y muerte\u201d para quienes no se hayan inmunizado.<\/p>\n<p>Biden hizo esas declaraciones a periodistas, tras una reuni\u00f3n con funcionarios y asesores acerca del combate a la pandemia, seg\u00fan la agencia de noticias AFP.<\/p>\n<div class=\"video_repositive\"> <a class=\"video_sticky\" href=\"javascript:void();\" onclick=\"removeStuckVideo(true);\"><i class=\"far fa-window-close\"><\/i><\/a> <\/p>\n<div id=\"yiAvkbGUpcs\" class=\"video_telam\" readability=\"6\">\n<div class=\"feature_article_inner\" readability=\"32\">\n<p><h2 class=\"text-center\">Biden dijo que \u00d3micron se propagar\u00e1 mucho m\u00e1s r\u00e1pidamente y volvi\u00f3 a recomendar la vacuna<\/h2>\n<\/p><\/div>\n<p>VER VIDEO <i class=\"fas fa-play\"><\/i><\/p>\n<\/p><\/div><\/div>\n<p>M\u00e1s temprano, la vocera adjunta de la Casa Blanca, Karine Jean-Pierre, hab\u00eda sugerido que el gobierno no ten\u00eda previsto disponer restricciones por ahora sino que centrar\u00e1 su estrategia en la vacunaci\u00f3n.<\/p>\n<p><strong>\u201cLas herramientas que tenemos, sabemos que est\u00e1n funcionando; simplemente vamos a seguir avanzando para vacunar y poner refuerzos a los estadounidenses\u201d, dijo Jean-Pierre.<\/strong><\/p>\n<p>Paralelamente, los ministros de Salud de los miembros del Grupo de los Siete pa\u00edses m\u00e1s desarrollados (G7), del que forma parte Estados Unidos, llamaron hoy a la cooperaci\u00f3n internacional ante \u00d3micron, a la que juzgaron \u201cla mayor amenaza actual para la salud p\u00fablica mundial\u201d.<\/p>\n<p>Estados Unidos, el pa\u00eds con m\u00e1s contagios y muertes por coronavirus acumulados desde el comienzo de la pandemia, tiene actualmente un promedio de 1.150 muertes diarias, seg\u00fan la red estatal de Centros para el Control y la Prevenci\u00f3n de Enfermedades (CDC). <\/p>\n","protected":false},"excerpt":{"rendered":"<p>Para Biden, \u00d3micron se propagar\u00e1 muy r\u00e1pido en su pa\u00eds. Foto: archivo. El presidente de Estados Unidos, Joe Biden, advirti\u00f3 que la variante \u00d3micron de coronavirus \u201cse va a propagar mucho m\u00e1s r\u00e1pidamente\u201d en el pa\u00eds y exhort\u00f3 nuevamente a sus conciudadanos a vacunarse. \u201cLa \u00fanica protecci\u00f3n real es recibir la inyecci\u00f3n\u201d, afirm\u00f3 el mandatario, [&hellip;]<\/p>\n","protected":false},"author":1,"featured_media":33769,"comment_status":"closed","ping_status":"closed","sticky":false,"template":"","format":"standard","meta":[],"categories":[24],"tags":[],"_links":{"self":[{"href":"http:\/\/cordobadirecto.com\/index.php\/wp-json\/wp\/v2\/posts\/33768"}],"collection":[{"href":"http:\/\/cordobadirecto.com\/index.php\/wp-json\/wp\/v2\/posts"}],"about":[{"href":"http:\/\/cordobadirecto.com\/index.php\/wp-json\/wp\/v2\/types\/post"}],"author":[{"embeddable":true,"href":"http:\/\/cordobadirecto.com\/index.php\/wp-json\/wp\/v2\/users\/1"}],"replies":[{"embeddable":true,"href":"http:\/\/cordobadirecto.com\/index.php\/wp-json\/wp\/v2\/comments?post=33768"}],"version-history":[{"count":0,"href":"http:\/\/cordobadirecto.com\/index.php\/wp-json\/wp\/v2\/posts\/33768\/revisions"}],"wp:featuredmedia":[{"embeddable":true,"href":"http:\/\/cordobadirecto.com\/index.php\/wp-json\/wp\/v2\/media\/33769"}],"wp:attachment":[{"href":"http:\/\/cordobadirecto.com\/index.php\/wp-json\/wp\/v2\/media?parent=33768"}],"wp:term":[{"taxonomy":"category","embeddable":true,"href":"http:\/\/cordobadirecto.com\/index.php\/wp-json\/wp\/v2\/categories?post=33768"},{"taxonomy":"post_tag","embeddable":true,"href":"http:\/\/cordobadirecto.com\/index.php\/wp-json\/wp\/v2\/tags?post=33768"}],"curies":[{"name":"wp","href":"https:\/\/api.w.org\/{rel}","templated":true}]}}