{"id":33770,"date":"2021-12-16T23:45:00","date_gmt":"2021-12-16T23:45:00","guid":{"rendered":"http:\/\/cordobadirecto.com\/index.php\/2021\/12\/16\/el-g7-pidio-cooperar-frente-a-omicron-la-mayor-amenaza-para-la-salud-mundial\/"},"modified":"2021-12-16T23:45:00","modified_gmt":"2021-12-16T23:45:00","slug":"el-g7-pidio-cooperar-frente-a-omicron-la-mayor-amenaza-para-la-salud-mundial","status":"publish","type":"post","link":"http:\/\/cordobadirecto.com\/index.php\/2021\/12\/16\/el-g7-pidio-cooperar-frente-a-omicron-la-mayor-amenaza-para-la-salud-mundial\/","title":{"rendered":"El G7 pidi\u00f3 cooperar frente a \u00d3micron, la &#8220;mayor amenaza para la salud mundial&#8221;"},"content":{"rendered":"<figure class=\"mb-3\"><img loading=\"lazy\" src=\"http:\/\/cordobadirecto.com\/wp-content\/uploads\/2021\/12\/el-g7-pidio-cooperar-frente-a-omicron-la-mayor-amenaza-para-la-salud-mundial.jpg\" width=\"100%\" height=\"100%\" alt=\"trabajar juntos es crucial frente a la ola de micron que crece rpidamente dijeron los ministros de Salud del G7 Foto Archivo\"><figcaption> &#8220;trabajar juntos es crucial frente a la ola de \u00d3micron que crece r\u00e1pidamente&#8221;, dijeron los ministros de Salud del G7. Foto: Archivo <\/figcaption><\/figure>\n<p>Los ministros de Salud de los pa\u00edses del Grupo de los Siete (G7) instaron este jueves a la cooperaci\u00f3n contra la variante \u00d3micron de coronavirus, que calificaron como la &#8220;mayor amenaza actual para la salud p\u00fablica mundial&#8221; y a su vez destacaron la importancia de un acceso equitativo a las vacunas.<\/p>\n<p>Tras su \u00faltima reuni\u00f3n bajo la presidencia brit\u00e1nica del <strong>G7, se mostraron &#8220;profundamente preocupados por el aumento del n\u00famero de casos&#8221; de la nueva cepa y consideraron &#8220;m\u00e1s importante que nunca cooperar estrechamente&#8221;, as\u00ed como &#8220;vigilar y compartir datos&#8221;.<\/strong><\/p>\n<p><strong>&#8220;Esto ser\u00e1 clave frente a una situaci\u00f3n que avanza r\u00e1pidamente&#8221;<\/strong>, plantearon.<\/p>\n<p>Los ministros de Salud de las grandes potencias del<strong> <\/strong>G7<strong> &#8220;reiteraron su compromiso&#8221; frente a las promesas del G7 y del G20 para &#8220;luchar contra la pandemia en curso y construir las defensas para el futuro&#8221;.<\/strong><\/p>\n<blockquote class=\"twitter-tweet\" readability=\"10.116197183099\">\n<p lang=\"fr\" dir=\"ltr\"><a href=\"https:\/\/twitter.com\/hashtag\/Covid_19?src=hash&amp;ref_src=twsrc%5Etfw\">#Covid_19<\/a><br \/>Le variant <a href=\"https:\/\/twitter.com\/hashtag\/Omicron?src=hash&amp;ref_src=twsrc%5Etfw\">#Omicron<\/a> est la &#8220;plus grande menace actuelle pour la sant\u00e9 publique mondiale&#8221;, ont averti jeudi les ministres de la sant\u00e9 du <a href=\"https:\/\/twitter.com\/hashtag\/G7?src=hash&amp;ref_src=twsrc%5Etfw\">#G7<\/a> (Royaume-Uni, USA, France, Canada, Allemagne, Italie et Japon) <a href=\"https:\/\/t.co\/r2BmVR7M2N\">pic.twitter.com\/r2BmVR7M2N<\/a><\/p>\n<p>\u2014 2M.ma (@2MInteractive) <a href=\"https:\/\/twitter.com\/2MInteractive\/status\/1471609279127953409?ref_src=twsrc%5Etfw\">December 16, 2021<\/a><\/p><\/blockquote>\n<p>Subrayaron que<strong> &#8220;trabajar juntos es crucial frente a la ola de \u00d3micron que crece r\u00e1pidamente&#8221; y destacaron la importancia de un &#8220;acceso equitativo a los diagn\u00f3sticos, a la secuenciaci\u00f3n del genoma, y a las vacunas y los tratamientos&#8221;.<\/strong><\/p>\n<p>Respecto a las vacunas, insistieron en la importancia de las campa\u00f1as de refuerzo, las &#8220;pruebas regulares&#8221; y las medidas &#8220;no farmac\u00e9uticas&#8221;, rese\u00f1\u00f3 la agencia de noticias AFP.<\/p>\n<p>La mutaci\u00f3n \u00d3micron, detectada primeramente en Sud\u00e1frica, ya est\u00e1 haciendo estragos en casi todo el mundo y si bien es al parecer mucho menos letal que su antecesora Delta, presenta una supers\u00f3nica capacidad de propagaci\u00f3n y es de alta contagiosidad, seg\u00fan advirti\u00f3 la Organizaci\u00f3n Mundial de la Salud en sus \u00faltimos informes.<\/p>\n<p>El 29 de noviembre,<strong> el G7 ya hab\u00eda alertado que \u00d3micron es &#8220;altamente transmisible&#8221; y pidi\u00f3 una &#8220;acci\u00f3n urgente&#8221; para contrarrestarla.<\/strong><\/p>\n<p>Se denomina G7 al grupo de pa\u00edses cuyo peso pol\u00edtico, econ\u00f3mico y militar es considerado relevante a escala global, y est\u00e1 conformado por Estados Unidos, Alemania, Reino Unido, Francia, Canad\u00e1, Italia y Jap\u00f3n. <\/p>\n","protected":false},"excerpt":{"rendered":"<p>&#8220;trabajar juntos es crucial frente a la ola de \u00d3micron que crece r\u00e1pidamente&#8221;, dijeron los ministros de Salud del G7. Foto: Archivo Los ministros de Salud de los pa\u00edses del Grupo de los Siete (G7) instaron este jueves a la cooperaci\u00f3n contra la variante \u00d3micron de coronavirus, que calificaron como la &#8220;mayor amenaza actual para [&hellip;]<\/p>\n","protected":false},"author":1,"featured_media":33771,"comment_status":"closed","ping_status":"closed","sticky":false,"template":"","format":"standard","meta":[],"categories":[24],"tags":[],"_links":{"self":[{"href":"http:\/\/cordobadirecto.com\/index.php\/wp-json\/wp\/v2\/posts\/33770"}],"collection":[{"href":"http:\/\/cordobadirecto.com\/index.php\/wp-json\/wp\/v2\/posts"}],"about":[{"href":"http:\/\/cordobadirecto.com\/index.php\/wp-json\/wp\/v2\/types\/post"}],"author":[{"embeddable":true,"href":"http:\/\/cordobadirecto.com\/index.php\/wp-json\/wp\/v2\/users\/1"}],"replies":[{"embeddable":true,"href":"http:\/\/cordobadirecto.com\/index.php\/wp-json\/wp\/v2\/comments?post=33770"}],"version-history":[{"count":0,"href":"http:\/\/cordobadirecto.com\/index.php\/wp-json\/wp\/v2\/posts\/33770\/revisions"}],"wp:featuredmedia":[{"embeddable":true,"href":"http:\/\/cordobadirecto.com\/index.php\/wp-json\/wp\/v2\/media\/33771"}],"wp:attachment":[{"href":"http:\/\/cordobadirecto.com\/index.php\/wp-json\/wp\/v2\/media?parent=33770"}],"wp:term":[{"taxonomy":"category","embeddable":true,"href":"http:\/\/cordobadirecto.com\/index.php\/wp-json\/wp\/v2\/categories?post=33770"},{"taxonomy":"post_tag","embeddable":true,"href":"http:\/\/cordobadirecto.com\/index.php\/wp-json\/wp\/v2\/tags?post=33770"}],"curies":[{"name":"wp","href":"https:\/\/api.w.org\/{rel}","templated":true}]}}