{"id":33866,"date":"2021-12-16T18:10:03","date_gmt":"2021-12-16T18:10:03","guid":{"rendered":"https:\/\/www.ole.com.ar\/autos\/traverso-hablo-f1_0_TBEbvP5qi.html"},"modified":"2021-12-16T18:10:03","modified_gmt":"2021-12-16T18:10:03","slug":"traverso-sobre-la-definicion-de-la-f1-me-quede-mudo","status":"publish","type":"post","link":"http:\/\/cordobadirecto.com\/index.php\/2021\/12\/16\/traverso-sobre-la-definicion-de-la-f1-me-quede-mudo\/","title":{"rendered":"Traverso sobre la definici\u00f3n de la F1: &#8220;Me qued\u00e9 mudo&#8221;"},"content":{"rendered":"<p>La fant\u00e1stica definici\u00f3n del campeonato entre Max Verstappen y Lewis Hamilton en Abu Dhabi gener\u00f3 la opini\u00f3n de todo el mundo del automovilismo. <mark>Como el caso de Juan Mar\u00eda Traverso, quien se\u00f1al\u00f3 que se qued\u00f3 mudo frente al televisor porque hace mucho no ve\u00eda un final as\u00ed.<\/mark><\/p>\n<div class=\"sp__SM\">\n<div class=\"content-new \">\n<span class=\"tit-mobile\">Mir\u00e1 tambi\u00e9n<\/span><\/p>\n<div class=\"mg\">\n<div class=\"wrap-figure\">\n<picture>\n<a href=\"https:\/\/www.ole.com.ar\/autos\/dia-aguero-subio-tc_0_A2t2UBbvo.html\" target=\"_self\" rel=\"noopener\"><br \/>\n<img class=\"img-responsive\" alt=\"El Kun y su pasi\u00f3n por los fierros\" src=\"http:\/\/cordobadirecto.com\/wp-content\/uploads\/2021\/12\/traverso-sobre-la-definicion-de-la-f1-me-quede-mudo.jpg\" loading=\"lazy\"><br \/>\n<\/a>\n<\/picture>\n<\/div>\n<\/div><\/div>\n<\/div>\n<p><mark>&#8220;Me qued\u00e9 mudo porque estoy mirando algo que hace 30 a\u00f1os que no lo veo. Realmente no lo pod\u00eda creer&#8221;<\/mark>, le expres\u00f3 el Flaco a Carburando.<\/p>\n<div class=\"sp__SM\">\n<div class=\"content-new \">\n<span class=\"tit-mobile\">Mir\u00e1 tambi\u00e9n<\/span><\/p>\n<div class=\"mg\">\n<div class=\"wrap-figure\">\n<picture>\n<a href=\"https:\/\/www.ole.com.ar\/autos\/mercedes-apelacion-verstappen-campeon_0__v2B1V2_U.html\" target=\"_self\" rel=\"noopener\"><br \/>\n<img class=\"img-responsive\" alt=\"Mercedes retira la apelaci\u00f3n: Verstappen campe\u00f3n\" src=\"http:\/\/cordobadirecto.com\/wp-content\/uploads\/2021\/12\/traverso-sobre-la-definicion-de-la-f1-me-quede-mudo-1.jpg\" loading=\"lazy\"><br \/>\n<\/a>\n<\/picture>\n<\/div>\n<\/div><\/div>\n<\/div>\n<p><mark>Mir\u00e1 el video completo:<\/mark> <\/p>\n<div class=\"sp__Normal htmlLibre\">\n<p><iframe width=\"200\" height=\"113\" src=\"\/\/www.youtube.com\/embed\/GiW8u7shkek?feature=oembed\" frameborder=\"0\" allow=\"accelerometer; autoplay; clipboard-write; encrypted-media; gyroscope; picture-in-picture\" allowfullscreen>[embedded content]<\/iframe><\/p>\n<\/div>\n<div class=\"entry-tags\">\n<h2>TEMAS QUE APARECEN EN ESTA NOTA<\/h2>\n<\/p><\/div>\n<section class=\"comments col-lg-12 mb20\" id=\"comments\" readability=\"1.8615384615385\">\n<div id=\"mainCommentsDivPase\" class=\"collapse in\">\n<div class=\"comment-band\" readability=\"6\">\n<div class=\"text\" readability=\"7\">\n<p><span><\/span>Comentar las notas de Ol\u00e9 es exclusivo para usuarios logueados.<\/p>\n<\/div>\n<\/div><\/div>\n<div id=\"error_message_active\" class=\"mfp-hide white-popup-block modal-activacion\" readability=\"6.3378378378378\">\n<p>Para comentar las notas de Ol\u00e9 previamente deb\u00e9s loguearte.<\/p>\n<\/p><\/div>\n<div id=\"error_message_name\" class=\"mfp-hide white-popup-block modal-activacion modal-nombre\" readability=\"7\">\n<h5>Ol\u00e9<\/h5>\n<p>Para comentar nuestras notas por favor complet\u00e1 los siguientes datos.<\/p>\n<\/p><\/div>\n<link href=\"\/contents\/news\/css\/comments.css?4bf0942\" defer type=\"text\/css\" rel=\"stylesheet\" importance=\"medium\">\n<\/section>\n","protected":false},"excerpt":{"rendered":"<p>La fant\u00e1stica definici\u00f3n del campeonato entre Max Verstappen y Lewis Hamilton en Abu Dhabi gener\u00f3 la opini\u00f3n de todo el mundo del automovilismo. Como el caso de Juan Mar\u00eda Traverso, quien se\u00f1al\u00f3 que se qued\u00f3 mudo frente al televisor porque hace mucho no ve\u00eda un final as\u00ed. Mir\u00e1 tambi\u00e9n &#8220;Me qued\u00e9 mudo porque estoy mirando [&hellip;]<\/p>\n","protected":false},"author":1,"featured_media":33867,"comment_status":"closed","ping_status":"closed","sticky":false,"template":"","format":"standard","meta":[],"categories":[21],"tags":[],"_links":{"self":[{"href":"http:\/\/cordobadirecto.com\/index.php\/wp-json\/wp\/v2\/posts\/33866"}],"collection":[{"href":"http:\/\/cordobadirecto.com\/index.php\/wp-json\/wp\/v2\/posts"}],"about":[{"href":"http:\/\/cordobadirecto.com\/index.php\/wp-json\/wp\/v2\/types\/post"}],"author":[{"embeddable":true,"href":"http:\/\/cordobadirecto.com\/index.php\/wp-json\/wp\/v2\/users\/1"}],"replies":[{"embeddable":true,"href":"http:\/\/cordobadirecto.com\/index.php\/wp-json\/wp\/v2\/comments?post=33866"}],"version-history":[{"count":0,"href":"http:\/\/cordobadirecto.com\/index.php\/wp-json\/wp\/v2\/posts\/33866\/revisions"}],"wp:featuredmedia":[{"embeddable":true,"href":"http:\/\/cordobadirecto.com\/index.php\/wp-json\/wp\/v2\/media\/33867"}],"wp:attachment":[{"href":"http:\/\/cordobadirecto.com\/index.php\/wp-json\/wp\/v2\/media?parent=33866"}],"wp:term":[{"taxonomy":"category","embeddable":true,"href":"http:\/\/cordobadirecto.com\/index.php\/wp-json\/wp\/v2\/categories?post=33866"},{"taxonomy":"post_tag","embeddable":true,"href":"http:\/\/cordobadirecto.com\/index.php\/wp-json\/wp\/v2\/tags?post=33866"}],"curies":[{"name":"wp","href":"https:\/\/api.w.org\/{rel}","templated":true}]}}