{"id":33868,"date":"2021-12-16T15:34:45","date_gmt":"2021-12-16T15:34:45","guid":{"rendered":"https:\/\/www.ole.com.ar\/autos\/dia-aguero-subio-tc_0_A2t2UBbvo.html"},"modified":"2021-12-16T15:34:45","modified_gmt":"2021-12-16T15:34:45","slug":"el-kun-y-su-pasion-por-los-fierros","status":"publish","type":"post","link":"http:\/\/cordobadirecto.com\/index.php\/2021\/12\/16\/el-kun-y-su-pasion-por-los-fierros\/","title":{"rendered":"El Kun y su pasi\u00f3n por los fierros"},"content":{"rendered":"<p>El Kun Ag\u00fcero anunci\u00f3 este mi\u00e9rcoles su retiro del f\u00fatbol producto de la afecci\u00f3n card\u00edaca que lo afecto en los \u00faltimos meses.<mark> De esta manera, le puso fin a su exitosa carrera deportiva. Pero no s\u00f3lo la pelota es su pasi\u00f3n, sino tambi\u00e9n el automovilismo.<\/mark><\/p>\n<div class=\"sp__SM\">\n<div class=\"content-new \">\n<span class=\"tit-mobile\">Mir\u00e1 tambi\u00e9n<\/span><\/p>\n<div class=\"mg\">\n<div class=\"wrap-figure\">\n<picture>\n<a href=\"https:\/\/www.ole.com.ar\/futbol-internacional\/sergio-aguero-album-fotos-ole-dibujante-piloto_0_Dl-1FRxXD.html\" target=\"_self\" rel=\"noopener\"><br \/>\n<img class=\"img-responsive\" alt=\"Ol\u00e9 y el \u00e1lbum de Ag\u00fcero: desde que estaba en la Kuna\" src=\"http:\/\/cordobadirecto.com\/wp-content\/uploads\/2021\/12\/el-kun-y-su-pasion-por-los-fierros.jpg\" loading=\"lazy\"><br \/>\n<\/a>\n<\/picture>\n<\/div>\n<\/div><\/div>\n<\/div>\n<p>Aunque no lleg\u00f3 a correr de forma oficial, al Kun le encanta el deporte motor. Junto con su padre Leonel Del Castillo,<mark> el delantero tuvo un equipo dentro del Turismo Carretera, el JLKun 16 Carrera, donde tuvo como piloto a Christian Ledesma, Diego De Carlo y Agust\u00edn Canapino.<\/mark><\/p>\n<p>Producto de su relaci\u00f3n con Jos\u00e9 Luis Lingieri y el armado de la estructura en 2012, el ex Independiente, Atl\u00e9tico Madrid,<mark> Manchester City y Barcelona se dio el gran lujo de esta al mando de un Chevrolet de TC en el aut\u00f3dromo de La Plata.<\/mark><\/p>\n<div class=\"sp__SM\">\n<div class=\"content-new \">\n<span class=\"tit-mobile\">Mir\u00e1 tambi\u00e9n<\/span><\/p>\n<div class=\"mg\">\n<div class=\"wrap-figure\">\n<picture>\n<a href=\"https:\/\/www.ole.com.ar\/opinion\/aguero-despedida-duelo-madurez-afecto_0_rgY0KqflR.html\" target=\"_self\" rel=\"noopener\"><br \/>\n<img class=\"img-responsive\" alt=\"Ag\u00fcero es un ser bendecido\" src=\"http:\/\/cordobadirecto.com\/wp-content\/uploads\/2021\/12\/el-kun-y-su-pasion-por-los-fierros-1.jpg\" loading=\"lazy\"><br \/>\n<\/a>\n<\/picture>\n<\/div>\n<\/div><\/div>\n<\/div>\n<p>Adem\u00e1s, <mark>el ex futbolista tambi\u00e9n tuvo su paso por el simracing, ya que tomo parte del Gran Premio de Espa\u00f1a de la F\u00f3rmula 1<\/mark>, donde pudo terminar en el puesto n\u00famero 14.<\/p>\n<div class=\"sp__Normal htmlLibre\">\n<p><iframe width=\"200\" height=\"113\" src=\"\/\/www.youtube.com\/embed\/Qg95WJRG448?feature=oembed\" frameborder=\"0\" allow=\"accelerometer; autoplay; clipboard-write; encrypted-media; gyroscope; picture-in-picture\" allowfullscreen>[embedded content]<\/iframe><\/p>\n<\/div>\n<div class=\"entry-tags\">\n<h2>TEMAS QUE APARECEN EN ESTA NOTA<\/h2>\n<\/p><\/div>\n","protected":false},"excerpt":{"rendered":"<p>El Kun Ag\u00fcero anunci\u00f3 este mi\u00e9rcoles su retiro del f\u00fatbol producto de la afecci\u00f3n card\u00edaca que lo afecto en los \u00faltimos meses. De esta manera, le puso fin a su exitosa carrera deportiva. Pero no s\u00f3lo la pelota es su pasi\u00f3n, sino tambi\u00e9n el automovilismo. Mir\u00e1 tambi\u00e9n Aunque no lleg\u00f3 a correr de forma oficial, [&hellip;]<\/p>\n","protected":false},"author":1,"featured_media":33869,"comment_status":"closed","ping_status":"closed","sticky":false,"template":"","format":"standard","meta":[],"categories":[21],"tags":[],"_links":{"self":[{"href":"http:\/\/cordobadirecto.com\/index.php\/wp-json\/wp\/v2\/posts\/33868"}],"collection":[{"href":"http:\/\/cordobadirecto.com\/index.php\/wp-json\/wp\/v2\/posts"}],"about":[{"href":"http:\/\/cordobadirecto.com\/index.php\/wp-json\/wp\/v2\/types\/post"}],"author":[{"embeddable":true,"href":"http:\/\/cordobadirecto.com\/index.php\/wp-json\/wp\/v2\/users\/1"}],"replies":[{"embeddable":true,"href":"http:\/\/cordobadirecto.com\/index.php\/wp-json\/wp\/v2\/comments?post=33868"}],"version-history":[{"count":0,"href":"http:\/\/cordobadirecto.com\/index.php\/wp-json\/wp\/v2\/posts\/33868\/revisions"}],"wp:featuredmedia":[{"embeddable":true,"href":"http:\/\/cordobadirecto.com\/index.php\/wp-json\/wp\/v2\/media\/33869"}],"wp:attachment":[{"href":"http:\/\/cordobadirecto.com\/index.php\/wp-json\/wp\/v2\/media?parent=33868"}],"wp:term":[{"taxonomy":"category","embeddable":true,"href":"http:\/\/cordobadirecto.com\/index.php\/wp-json\/wp\/v2\/categories?post=33868"},{"taxonomy":"post_tag","embeddable":true,"href":"http:\/\/cordobadirecto.com\/index.php\/wp-json\/wp\/v2\/tags?post=33868"}],"curies":[{"name":"wp","href":"https:\/\/api.w.org\/{rel}","templated":true}]}}