{"id":34328,"date":"2021-12-20T00:53:23","date_gmt":"2021-12-20T00:53:23","guid":{"rendered":"http:\/\/cordobadirecto.com\/index.php\/2021\/12\/20\/desde-manana-sera-obligatorio-el-uso-de-pasaporte-sanitario-en-cordoba\/"},"modified":"2021-12-20T00:53:23","modified_gmt":"2021-12-20T00:53:23","slug":"desde-manana-sera-obligatorio-el-uso-de-pasaporte-sanitario-en-cordoba","status":"publish","type":"post","link":"http:\/\/cordobadirecto.com\/index.php\/2021\/12\/20\/desde-manana-sera-obligatorio-el-uso-de-pasaporte-sanitario-en-cordoba\/","title":{"rendered":"Desde ma\u00f1ana, ser\u00e1 obligatorio el uso de pasaporte sanitario en <b>C\u00f3rdoba<\/b>"},"content":{"rendered":"<p>As\u00ed fue establecido por el Gobierno provincial. El documento estar\u00e1 a mano en la app virtual del Cidi. &middot; Noticias relacionadas &middot; Navidad y A\u00f1o <b>Nuevo<\/b>. <\/p>\n","protected":false},"excerpt":{"rendered":"<p>As\u00ed fue establecido por el Gobierno provincial. El documento estar\u00e1 a mano en la app virtual del Cidi. &middot; Noticias relacionadas &middot; Navidad y A\u00f1o Nuevo.<\/p>\n","protected":false},"author":1,"featured_media":0,"comment_status":"closed","ping_status":"closed","sticky":false,"template":"","format":"standard","meta":[],"categories":[40],"tags":[],"_links":{"self":[{"href":"http:\/\/cordobadirecto.com\/index.php\/wp-json\/wp\/v2\/posts\/34328"}],"collection":[{"href":"http:\/\/cordobadirecto.com\/index.php\/wp-json\/wp\/v2\/posts"}],"about":[{"href":"http:\/\/cordobadirecto.com\/index.php\/wp-json\/wp\/v2\/types\/post"}],"author":[{"embeddable":true,"href":"http:\/\/cordobadirecto.com\/index.php\/wp-json\/wp\/v2\/users\/1"}],"replies":[{"embeddable":true,"href":"http:\/\/cordobadirecto.com\/index.php\/wp-json\/wp\/v2\/comments?post=34328"}],"version-history":[{"count":0,"href":"http:\/\/cordobadirecto.com\/index.php\/wp-json\/wp\/v2\/posts\/34328\/revisions"}],"wp:attachment":[{"href":"http:\/\/cordobadirecto.com\/index.php\/wp-json\/wp\/v2\/media?parent=34328"}],"wp:term":[{"taxonomy":"category","embeddable":true,"href":"http:\/\/cordobadirecto.com\/index.php\/wp-json\/wp\/v2\/categories?post=34328"},{"taxonomy":"post_tag","embeddable":true,"href":"http:\/\/cordobadirecto.com\/index.php\/wp-json\/wp\/v2\/tags?post=34328"}],"curies":[{"name":"wp","href":"https:\/\/api.w.org\/{rel}","templated":true}]}}