{"id":34425,"date":"2021-12-19T19:23:05","date_gmt":"2021-12-19T19:23:05","guid":{"rendered":"https:\/\/www.ole.com.ar\/autos\/lewis-hamilton-continuidad-silencio_0_WgoMQYdzP.html"},"modified":"2021-12-19T19:23:05","modified_gmt":"2021-12-19T19:23:05","slug":"el-silencio-de-hamilton-que-pone-en-duda-su-continuidad","status":"publish","type":"post","link":"http:\/\/cordobadirecto.com\/index.php\/2021\/12\/19\/el-silencio-de-hamilton-que-pone-en-duda-su-continuidad\/","title":{"rendered":"El silencio de Hamilton que pone en duda su continuidad"},"content":{"rendered":"<p>Lewis Hamilton se qued\u00f3 con el segundo puesto en Abu Dabi y desde ese momento se mantuvo en silencio en las redes sociales. A pesar de que suele ser muy activo, decidi\u00f3 no emitir ning\u00fan comunicado luego de que circul\u00f3 la pol\u00e9mica frase en la que apunt\u00f3 a que la carrera hab\u00eda sido alterada. <strong>Es por eso que m\u00e1s de uno se pregunta qu\u00e9 ser\u00e1 de su futuro y la preocupaci\u00f3n crece.<\/strong><\/p>\n<div class=\"sp__SM\">\n<div class=\"content-new \">\n<span class=\"tit-mobile\">Mir\u00e1 tambi\u00e9n<\/span><\/p>\n<div class=\"mg\">\n<div class=\"wrap-figure\">\n<picture>\n<a href=\"https:\/\/www.ole.com.ar\/autos\/toto-wolff-mercedes-mano-dios_0_0oCOlBRIh.html\" target=\"_self\" rel=\"noopener\"><br \/>\n<img class=\"img-responsive\" alt=\"Toto Wolff dijo que sufrieron una injusticia &quot;similar a la Mano de Dios&quot;\" src=\"http:\/\/cordobadirecto.com\/wp-content\/uploads\/2021\/12\/el-silencio-de-hamilton-que-pone-en-duda-su-continuidad.jpg\" loading=\"lazy\"><br \/>\n<\/a>\n<\/picture>\n<\/div>\n<\/div><\/div>\n<\/div>\n<p>En los \u00faltimos d\u00edas evit\u00f3 las declaraciones incluso en la rueda de prensa tras la carrera por F\u00f3rmula 1. Tampoco asisti\u00f3 a la Gala de entrega de premios de la FIA a pesar de que podr\u00eda tener sanciones, incluso el mi\u00e9rcoles<a data-cke-saved-href=\"https:\/\/www.ole.com.ar\/autos\/hamilton-nombrado-caballero_0_k_3OCvVt5.html\" target=\"_blank\" href=\"https:\/\/www.ole.com.ar\/autos\/hamilton-nombrado-caballero_0_k_3OCvVt5.html\" rel=\"noopener\"> fue nombrado por el Pr\u00edncipe Carlos como Sir y tambi\u00e9n mantuvo el domo del silencio.<\/a> <\/p>\n<div class=\"sp__SM\">\n<div class=\"content-new \">\n<span class=\"tit-mobile\">Mir\u00e1 tambi\u00e9n<\/span><\/p>\n<div class=\"mg\">\n<div class=\"wrap-figure\">\n<picture>\n<a href=\"https:\/\/www.ole.com.ar\/autos\/hamilton-nombrado-caballero_0_k_3OCvVt5.html\" target=\"_self\" rel=\"noopener\"><br \/>\n<img class=\"img-responsive\" alt=\"Hamilton, es oficialmente Caballero\" src=\"http:\/\/cordobadirecto.com\/wp-content\/uploads\/2021\/12\/el-silencio-de-hamilton-que-pone-en-duda-su-continuidad-1.jpg\" loading=\"lazy\"><br \/>\n<\/a>\n<\/picture>\n<\/div>\n<\/div><\/div>\n<\/div>\n<p>La falta de palabras no fue el \u00fanico factor que instal\u00f3 la duda sobre su continuidad, hubo una frase que lanz\u00f3 Toto Wolff que profundiz\u00f3 en esta idea. <strong>&#8220;Me gustar\u00eda mucho que Lewis siguiera corriendo, porque es el mejor de todos los tiempos. Como piloto, su coraz\u00f3n le dir\u00e1 que tiene que seguir porque est\u00e1 en el mejor momento de su carrera&#8221;, <\/strong>asegur\u00f3 el jefe del equipo Mercedes.&nbsp;<\/p>\n<p>Es que en las \u00faltimas semanas, Wolff sostuvo la acusaci\u00f3n de Hamilton y ante la pregunta del periodista de si &#8220;hab\u00edan experimentado la mayor injusticia en la historia del deporte el domingo\u201d, Toto fue al frente y compar\u00f3 este suceso con el gol de Diego a los ingleses: <strong>&#8220;Definitivamente est\u00e1 a la par con la mano de Dios de Maradona o el gol de Wembley de 1966&#8221;.<\/strong><\/p>\n<div class=\"sp__SM\">\n<div class=\"content-new \">\n<span class=\"tit-mobile\">Mir\u00e1 tambi\u00e9n<\/span><\/p>\n<div class=\"mg\">\n<div class=\"wrap-figure\">\n<picture>\n<a href=\"https:\/\/www.ole.com.ar\/autos\/mercedes-apelacion-verstappen-campeon_0__v2B1V2_U.html\" target=\"_self\" rel=\"noopener\"><br \/>\n<img class=\"img-responsive\" alt=\"Mercedes retira la apelaci\u00f3n: Verstappen campe\u00f3n\" src=\"http:\/\/cordobadirecto.com\/wp-content\/uploads\/2021\/12\/el-silencio-de-hamilton-que-pone-en-duda-su-continuidad-2.jpg\" loading=\"lazy\"><br \/>\n<\/a>\n<\/picture>\n<\/div>\n<\/div><\/div>\n<\/div>\n<p>De todas formas, no quiso cargar contra Red Bull, si no que apunt\u00f3 directamente a la FIA. \u201cUna decisi\u00f3n inconsistente del director de carrera le quit\u00f3 el t\u00edtulo a Lewis\u201c, dijo, y explic\u00f3 por qu\u00e9 retiraron la apelaci\u00f3n: &#8220;<strong>Pensamos que no \u00edbamos a ganarlo porque la FIA habr\u00eda sido acusada y juez al mismo tiempo. Esto libera un sentimiento de impotencia. Como el domingo en la \u00faltima vuelta. As\u00ed es como me sent\u00ed por \u00faltima vez cuando era ni\u00f1o\u201c.<\/strong><\/p>\n<p>Incluso en la en la gala de Par\u00eds que se realiz\u00f3 el jueves, Max Verstappen habl\u00f3 sobre la situaci\u00f3n que se estima que est\u00e1 evaluando su rival y expres\u00f3: &#8220;Por supuesto, puedo entender que los primeros d\u00edas despu\u00e9s de una carrera como esa, no est\u00e1s contento. <strong>Pero creo que deber\u00eda mirar atr\u00e1s a lo que ya ha logrado. Eso le da tranquilidad y tambi\u00e9n deber\u00eda ser ese impulso para seguir adelante, porque todav\u00eda est\u00e1 tratando de pelear por ese octavo t\u00edtulo, que puede volver a pelearlo el a\u00f1o que viene. As\u00ed que no veo ninguna raz\u00f3n por la que rendirse o parar ahora&#8221;.<\/strong><\/p>\n<p><strong>\u200b<\/strong>\u200bTodav\u00eda el piloto brit\u00e1nico de 36 a\u00f1os no ha declarado nada al respecto y no se sabe qu\u00e9 ocurrir\u00e1 con su futuro. Por ahora, todo es silencio y habr\u00e1 que ver qu\u00e9 es lo que est\u00e1 evaluando con su propia mente&#8230;<\/p>\n<div class=\"entry-tags\">\n<h2>TEMAS QUE APARECEN EN ESTA NOTA<\/h2>\n<\/p><\/div>\n","protected":false},"excerpt":{"rendered":"<p>Lewis Hamilton se qued\u00f3 con el segundo puesto en Abu Dabi y desde ese momento se mantuvo en silencio en las redes sociales. A pesar de que suele ser muy activo, decidi\u00f3 no emitir ning\u00fan comunicado luego de que circul\u00f3 la pol\u00e9mica frase en la que apunt\u00f3 a que la carrera hab\u00eda sido alterada. Es [&hellip;]<\/p>\n","protected":false},"author":1,"featured_media":34426,"comment_status":"closed","ping_status":"closed","sticky":false,"template":"","format":"standard","meta":[],"categories":[21],"tags":[],"_links":{"self":[{"href":"http:\/\/cordobadirecto.com\/index.php\/wp-json\/wp\/v2\/posts\/34425"}],"collection":[{"href":"http:\/\/cordobadirecto.com\/index.php\/wp-json\/wp\/v2\/posts"}],"about":[{"href":"http:\/\/cordobadirecto.com\/index.php\/wp-json\/wp\/v2\/types\/post"}],"author":[{"embeddable":true,"href":"http:\/\/cordobadirecto.com\/index.php\/wp-json\/wp\/v2\/users\/1"}],"replies":[{"embeddable":true,"href":"http:\/\/cordobadirecto.com\/index.php\/wp-json\/wp\/v2\/comments?post=34425"}],"version-history":[{"count":0,"href":"http:\/\/cordobadirecto.com\/index.php\/wp-json\/wp\/v2\/posts\/34425\/revisions"}],"wp:featuredmedia":[{"embeddable":true,"href":"http:\/\/cordobadirecto.com\/index.php\/wp-json\/wp\/v2\/media\/34426"}],"wp:attachment":[{"href":"http:\/\/cordobadirecto.com\/index.php\/wp-json\/wp\/v2\/media?parent=34425"}],"wp:term":[{"taxonomy":"category","embeddable":true,"href":"http:\/\/cordobadirecto.com\/index.php\/wp-json\/wp\/v2\/categories?post=34425"},{"taxonomy":"post_tag","embeddable":true,"href":"http:\/\/cordobadirecto.com\/index.php\/wp-json\/wp\/v2\/tags?post=34425"}],"curies":[{"name":"wp","href":"https:\/\/api.w.org\/{rel}","templated":true}]}}