{"id":34497,"date":"2021-12-21T00:12:34","date_gmt":"2021-12-21T00:12:34","guid":{"rendered":"http:\/\/cordobadirecto.com\/index.php\/2021\/12\/21\/el-deficit-fiscal-primario-alcanzo-el-21-del-pib-en-el-acumulado-a-noviembre-la-voz\/"},"modified":"2021-12-21T00:12:34","modified_gmt":"2021-12-21T00:12:34","slug":"el-deficit-fiscal-primario-alcanzo-el-21-del-pib-en-el-acumulado-a-noviembre-la-voz","status":"publish","type":"post","link":"http:\/\/cordobadirecto.com\/index.php\/2021\/12\/21\/el-deficit-fiscal-primario-alcanzo-el-21-del-pib-en-el-acumulado-a-noviembre-la-voz\/","title":{"rendered":"El d\u00e9ficit fiscal primario alcanz\u00f3 el 2,1% del PIB en el acumulado a noviembre &#8211; La Voz"},"content":{"rendered":"<p><b>C\u00f3rdoba<\/b>: c\u00f3mo estar\u00e1 el tiempo el 24 y el 25 de diciembre &#8230; Seg\u00fan <b>Econom\u00eda<\/b>, esta expansi\u00f3n del gasto \u201cse vio impulsada por la inversi\u00f3n de&nbsp;&#8230; <\/p>\n","protected":false},"excerpt":{"rendered":"<p>C\u00f3rdoba: c\u00f3mo estar\u00e1 el tiempo el 24 y el 25 de diciembre &#8230; Seg\u00fan Econom\u00eda, esta expansi\u00f3n del gasto \u201cse vio impulsada por la inversi\u00f3n de&nbsp;&#8230;<\/p>\n","protected":false},"author":1,"featured_media":0,"comment_status":"closed","ping_status":"closed","sticky":false,"template":"","format":"standard","meta":[],"categories":[40],"tags":[],"_links":{"self":[{"href":"http:\/\/cordobadirecto.com\/index.php\/wp-json\/wp\/v2\/posts\/34497"}],"collection":[{"href":"http:\/\/cordobadirecto.com\/index.php\/wp-json\/wp\/v2\/posts"}],"about":[{"href":"http:\/\/cordobadirecto.com\/index.php\/wp-json\/wp\/v2\/types\/post"}],"author":[{"embeddable":true,"href":"http:\/\/cordobadirecto.com\/index.php\/wp-json\/wp\/v2\/users\/1"}],"replies":[{"embeddable":true,"href":"http:\/\/cordobadirecto.com\/index.php\/wp-json\/wp\/v2\/comments?post=34497"}],"version-history":[{"count":0,"href":"http:\/\/cordobadirecto.com\/index.php\/wp-json\/wp\/v2\/posts\/34497\/revisions"}],"wp:attachment":[{"href":"http:\/\/cordobadirecto.com\/index.php\/wp-json\/wp\/v2\/media?parent=34497"}],"wp:term":[{"taxonomy":"category","embeddable":true,"href":"http:\/\/cordobadirecto.com\/index.php\/wp-json\/wp\/v2\/categories?post=34497"},{"taxonomy":"post_tag","embeddable":true,"href":"http:\/\/cordobadirecto.com\/index.php\/wp-json\/wp\/v2\/tags?post=34497"}],"curies":[{"name":"wp","href":"https:\/\/api.w.org\/{rel}","templated":true}]}}