{"id":34498,"date":"2021-12-20T21:23:59","date_gmt":"2021-12-20T21:23:59","guid":{"rendered":"https:\/\/cordoba.gob.ar\/?p=18713"},"modified":"2021-12-20T21:23:59","modified_gmt":"2021-12-20T21:23:59","slug":"llega-la-primera-noche-de-los-templos-en-la-ciudad","status":"publish","type":"post","link":"http:\/\/cordobadirecto.com\/index.php\/2021\/12\/20\/llega-la-primera-noche-de-los-templos-en-la-ciudad\/","title":{"rendered":"Llega la primera \u201cNoche de los Templos\u201d en la ciudad"},"content":{"rendered":"<div><img src=\"http:\/\/cordobadirecto.com\/wp-content\/uploads\/2021\/12\/llega-la-primera-noche-de-los-templos-en-la-ciudad-1.jpg\" class=\"ff-og-image-inserted\"><\/div>\n<ul>\n<li><strong>Ser\u00e1 el mi\u00e9rcoles 22 de diciembre de 20 a 23 horas, con diversas actividades y propuestas art\u00edsticas y culturales en 16 espacios religiosos de la capital.<\/strong><\/li>\n<\/ul>\n<hr>\n<p>La primera \u201cNoche de los Templos: Abriendo Puertas\u201d, propone un circuito multireligioso, con m\u00fasica y visitas a iglesias, mezquitas, sinagogas, templos hist\u00f3ricos y modernos que representan la pluralidad de cultos que conviven en nuestra ciudad.<\/p>\n<p>Organizada por la subdirecci\u00f3n de Culto, dependiente de la Secretar\u00eda de Gobierno de la Municipalidad de C\u00f3rdoba, con el acompa\u00f1amiento del Comit\u00e9 Interreligioso por la Paz (COMIPAZ), se realizar\u00e1 \u00e9ste mi\u00e9rcoles 22 desde las 20 hasta las 23 horas.<\/p>\n<p>La iniciativa es una invitaci\u00f3n a los vecinos y visitantes a descubrir el patrimonio espiritual, teol\u00f3gico e hist\u00f3rico detr\u00e1s de los muros de los diferentes credos en 16 lugares ubicados en diferentes zonas de la ciudad.<\/p>\n<p>La Noche de los Templos, abrir\u00e1 las puertas y recorrer\u00e1 la historia de Mercedarios, Franciscanos, Jesuitas, Dominicos, Catalinas, Teresas, Carmelitas, Evang\u00e9licos, Mormones, Jud\u00edos, Griegos, Armenios y Musulmanes, mostrando los or\u00edgenes y la diversidad religiosa que es la esencia de C\u00f3rdoba Capital, con actividades en cada uno de los espacios.<\/p>\n<p>ACTIVIDADES LA NOCHE DE LOS TEMPLOS<\/p>\n<p>CASCO C\u00c9NTRICO<\/p>\n<p><strong>-Bas\u00edlica de la Merced: 25 de mayo 83<\/strong><br \/>20:00: Concierto: \u201cLo que se nos canta\u201d (Cantor\u00eda de la Merced)<br \/>21:00: Expo Pesebre (catequesis)<br \/>22:00: Visita a los Patios del Convento M\u00e1ximo de San Lorenzo (1601)<\/p>\n<p><strong>-Santa Catalina: Obispo Trejo 44<\/strong><br \/>20:00: Exposici\u00f3n del Sant\u00edsimo con Exclamaciones Eucar\u00edsticas propias de la Orden y reflexiones.<br \/>21:00: Momento explicativo sobre la vida y misi\u00f3n de las Hermanas Catalinas<\/p>\n<p><strong>-Bas\u00edlica Santo Domingo \u2013 Santuario Ntra. Sra. del Rosario del Milagro: V\u00e9lez Sarsfield 30<\/strong><br \/>20.15: Oraci\u00f3n de V\u00edsperas<br \/>20.30: Concierto de Navidad. Canto vocal y coral<br \/>21.30: Visita guiada de la Bas\u00edlica (incluye el camar\u00edn de la Virgen)<br \/>22.00: Concierto de Navidad (\u00f3rgano de tubos) a cargo de Raymi Acebo<\/p>\n<p><strong>-Compa\u00f1\u00eda de Jes\u00fas: Caseros 52<\/strong><br \/>20:30: Contemplaci\u00f3n para alcanzar el amor<\/p>\n<p><strong>-Carmelitas Descalzas: Independencia 122<\/strong><br \/>20:30: Momento de Oraci\u00f3n<br \/>21:30: Momento explicativo de la vida y misi\u00f3n de las Carmelitas descalzas<\/p>\n<p><strong>-Iglesia Evang\u00e9lica Jesucristo Rey: Dean Funes 1080&nbsp;&nbsp;&nbsp; <\/strong><br \/>20:00: Navidad gaucha<\/p>\n<p><strong>-Iglesia Ortodoxa del Patriarcado Ecum\u00e9nico: Santa Rosa 1135<\/strong><br \/>22:00: Coro Bizantino y muestra del Templo y su estructura<\/p>\n<p><strong>-Iglesia Cristiana Evang\u00e9lica: Bv. Guzm\u00e1n 143<\/strong><br \/>20:30: Recorrido de im\u00e1genes de la historia de historia de la Iglesia (114 a\u00f1os)<br \/>21:00: Momentos musicales<br \/>22:00: Bases fundamentales de nuestra fe cristiana<\/p>\n<p><strong>-Hermanas Carmelitas de Santa Teresa: Caseros 124<\/strong><br \/>21:00: Momento de oraci\u00f3n y visita al Convento.<\/p>\n<p><strong>-Cita con la Vida: Buchardo 865<\/strong><br \/>20:00: Momento Musical alternando con explicaciones del culto<\/p>\n<p><strong>-Sinagoga Beit Israel: Alvear 254<\/strong><br \/>20:00: Concierto de la Jazanit (cantante lit\u00fargica) J\u00e9ssica Alterman.<br \/>20.30: Preguntas y respuestas abiertas con el Rabino Marcelo Polakoff.<br \/>21:00: Concierto del Jaz\u00e1n (cantante lit\u00fargico) Gustavo Serrano, junto al director musical Fernando Israilevich.<br \/>21.30: Los s\u00edmbolos del juda\u00edsmo, con el Rabino Marcelo Polakoff.<br \/>22:00: Aprendiendo Rikudim (danzas folkl\u00f3ricas israel\u00edes) con Dani Lansky.<br \/>20 a 23: Exposici\u00f3n y venta permanente de art\u00edculos judaicos. Venta de comidas t\u00edpicas.<\/p>\n<p><strong>-Mezquita Sociedad \u00c1rabe Musulmana: Obispo Salguero 265<\/strong><br \/>20:00: Conociendo el Islam<br \/>21:00: Visita a la mezquita<\/p>\n<p>BARRIO G\u00dcEMES<br \/><strong>-Iglesia de Jesucristo de los Santos de los \u00daltimos D\u00edas: Per\u00fa 334<\/strong><br \/>20:00: Recorrida de edificio con charla sobre las costumbres<br \/>20:30: Corto \u201cEl ni\u00f1o Jes\u00fas\u201d<br \/>21:00: Momento musical<\/p>\n<p>BARRIO ALTA C\u00d3RDOBA<br \/><strong>-Capilla Nuestra madre de la Merced (Hnas. Mercedarias): Fragueiro 2357<\/strong><br \/>20:00: Momento de oraci\u00f3n en torno a la Navidad<br \/>21:00: Armado de posadas para Mar\u00eda y Jos\u00e9 (traer alimentos no perecederos para armar un lugar dentro del templo y despu\u00e9s llevar a merenderos).<\/p>\n<p>BARRIO PUEYRRED\u00d3N<br \/><strong>-Iglesia Apost\u00f3lica Armenia: Armenia 2080&nbsp;&nbsp;&nbsp; <\/strong><br \/>20:15: momento de Oraci\u00f3n<br \/>20:30: Conociendo a la Iglesia Armenia<br \/>21:00: Concierto de Duduk (instrumento t\u00edpico) con el Maestro Gaguik Gasparyan<br \/>21:30: Concierto Coral (Coro de la Colectividad Armenia) con Im\u00e1genes de los Monasterios de Armenia.<\/p>\n<p>BARRIO CERRO DE LAS ROSAS<br \/><strong>-Iglesia Cristiana Manantial de Vida: &nbsp;&nbsp;&nbsp; Av. La Cordillera 3469<\/strong><br \/>20:30: Pesebre Viviente<\/p>\n","protected":false},"excerpt":{"rendered":"<p>Ser\u00e1 el mi\u00e9rcoles 22 de diciembre de 20 a 23 horas, con diversas actividades y propuestas art\u00edsticas y culturales en 16 espacios religiosos de la capital. La primera \u201cNoche de los Templos: Abriendo Puertas\u201d, propone un circuito multireligioso, con m\u00fasica y visitas a iglesias, mezquitas, sinagogas, templos hist\u00f3ricos y modernos que representan la pluralidad de [&hellip;]<\/p>\n","protected":false},"author":1,"featured_media":34499,"comment_status":"closed","ping_status":"closed","sticky":false,"template":"","format":"standard","meta":[],"categories":[44],"tags":[],"_links":{"self":[{"href":"http:\/\/cordobadirecto.com\/index.php\/wp-json\/wp\/v2\/posts\/34498"}],"collection":[{"href":"http:\/\/cordobadirecto.com\/index.php\/wp-json\/wp\/v2\/posts"}],"about":[{"href":"http:\/\/cordobadirecto.com\/index.php\/wp-json\/wp\/v2\/types\/post"}],"author":[{"embeddable":true,"href":"http:\/\/cordobadirecto.com\/index.php\/wp-json\/wp\/v2\/users\/1"}],"replies":[{"embeddable":true,"href":"http:\/\/cordobadirecto.com\/index.php\/wp-json\/wp\/v2\/comments?post=34498"}],"version-history":[{"count":0,"href":"http:\/\/cordobadirecto.com\/index.php\/wp-json\/wp\/v2\/posts\/34498\/revisions"}],"wp:featuredmedia":[{"embeddable":true,"href":"http:\/\/cordobadirecto.com\/index.php\/wp-json\/wp\/v2\/media\/34499"}],"wp:attachment":[{"href":"http:\/\/cordobadirecto.com\/index.php\/wp-json\/wp\/v2\/media?parent=34498"}],"wp:term":[{"taxonomy":"category","embeddable":true,"href":"http:\/\/cordobadirecto.com\/index.php\/wp-json\/wp\/v2\/categories?post=34498"},{"taxonomy":"post_tag","embeddable":true,"href":"http:\/\/cordobadirecto.com\/index.php\/wp-json\/wp\/v2\/tags?post=34498"}],"curies":[{"name":"wp","href":"https:\/\/api.w.org\/{rel}","templated":true}]}}