{"id":34500,"date":"2021-12-20T20:23:32","date_gmt":"2021-12-20T20:23:32","guid":{"rendered":"https:\/\/cordoba.gob.ar\/?p=18709"},"modified":"2021-12-20T20:23:32","modified_gmt":"2021-12-20T20:23:32","slug":"acueducto-santa-fe-cordoba-llaryora-recibio-a-la-delegacion-kuwaiti","status":"publish","type":"post","link":"http:\/\/cordobadirecto.com\/index.php\/2021\/12\/20\/acueducto-santa-fe-cordoba-llaryora-recibio-a-la-delegacion-kuwaiti\/","title":{"rendered":"Acueducto Santa Fe-C\u00f3rdoba: Llaryora recibi\u00f3 a la Delegaci\u00f3n Kuwait\u00ed"},"content":{"rendered":"<div><img src=\"http:\/\/cordobadirecto.com\/wp-content\/uploads\/2021\/12\/acueducto-santa-fe-cordoba-llaryora-recibio-a-la-delegacion-kuwaiti.jpg\" class=\"ff-og-image-inserted\"><\/div>\n<ul>\n<li><strong>La obra completa beneficiar\u00e1 a m\u00e1s de 1.200.00 habitantes de 36 localidades de C\u00f3rdoba y a 47 de Santa Fe.<\/strong><\/li>\n<li><strong>La segunda fase permitir\u00e1 llegar hasta la ciudad de C\u00f3rdoba.<\/strong><\/li>\n<\/ul>\n<hr>\n<p>El intendente Mart\u00edn Llaryora, junto al ministro de Servicios P\u00fablicos de la Provincia de C\u00f3rdoba, Fabi\u00e1n L\u00f3pez, recibieron la visita de representantes de la misi\u00f3n t\u00e9cnica del Fondo Kuwait\u00ed que se encuentra visitando la provincia.<\/p>\n<p>La reuni\u00f3n, llevada a cabo en el Jard\u00edn Bot\u00e1nico de la ciudad, se desarroll\u00f3 con posterioridad al encuentro que la mencionada delegaci\u00f3n mantuvo con el Gobernador Juan Schiaretti con el objetivo de avanzar en la financiaci\u00f3n de la mega obra.<\/p>\n<p>El proyecto tiene un presupuesto total de 441.538.302,62 d\u00f3lares y ser\u00e1 afrontado en conjunto por las provincias de C\u00f3rdoba y Santa Fe para alcanzar a 36 localidades de C\u00f3rdoba y 47 de Santa Fe, llevando agua potable a 1.200.000 personas.<\/p>\n<p>El monto para llevar adelante la primera etapa del proyecto asciende a los 59.330.958 d\u00f3lares a pagar por ambos Estados. La misma comprende la construcci\u00f3n de un troncal de 144 kil\u00f3metros y de 345 de ramales desde Coronda hasta San Francisco, en beneficio de 410.000 habitantes.<\/p>\n<p>La segunda fase prev\u00e9 la extensi\u00f3n hasta la ciudad de C\u00f3rdoba.<\/p>\n<p><em>\u201cEsta es una obra estrat\u00e9gica para ambas provincias ya que el acueducto traer\u00e1 agua desde el r\u00edo Paran\u00e1 a la provincia de C\u00f3rdoba.<\/em><\/p>\n<p><em>Este primer desembolso va a permitir dar inicio a la primera etapa solucionar\u00e1 el abastecimiento de agua potable en Coronda Santa Fe, sentando las bases para la continuaci\u00f3n que permitir\u00e1n traer el agua potable hasta nuestra provincia\u201d<\/em>, explic\u00f3 el ministro L\u00f3pez.<\/p>\n","protected":false},"excerpt":{"rendered":"<p>La obra completa beneficiar\u00e1 a m\u00e1s de 1.200.00 habitantes de 36 localidades de C\u00f3rdoba y a 47 de Santa Fe. La segunda fase permitir\u00e1 llegar hasta la ciudad de C\u00f3rdoba. El intendente Mart\u00edn Llaryora, junto al ministro de Servicios P\u00fablicos de la Provincia de C\u00f3rdoba, Fabi\u00e1n L\u00f3pez, recibieron la visita de representantes de la misi\u00f3n [&hellip;]<\/p>\n","protected":false},"author":1,"featured_media":34501,"comment_status":"closed","ping_status":"closed","sticky":false,"template":"","format":"standard","meta":[],"categories":[44],"tags":[],"_links":{"self":[{"href":"http:\/\/cordobadirecto.com\/index.php\/wp-json\/wp\/v2\/posts\/34500"}],"collection":[{"href":"http:\/\/cordobadirecto.com\/index.php\/wp-json\/wp\/v2\/posts"}],"about":[{"href":"http:\/\/cordobadirecto.com\/index.php\/wp-json\/wp\/v2\/types\/post"}],"author":[{"embeddable":true,"href":"http:\/\/cordobadirecto.com\/index.php\/wp-json\/wp\/v2\/users\/1"}],"replies":[{"embeddable":true,"href":"http:\/\/cordobadirecto.com\/index.php\/wp-json\/wp\/v2\/comments?post=34500"}],"version-history":[{"count":0,"href":"http:\/\/cordobadirecto.com\/index.php\/wp-json\/wp\/v2\/posts\/34500\/revisions"}],"wp:featuredmedia":[{"embeddable":true,"href":"http:\/\/cordobadirecto.com\/index.php\/wp-json\/wp\/v2\/media\/34501"}],"wp:attachment":[{"href":"http:\/\/cordobadirecto.com\/index.php\/wp-json\/wp\/v2\/media?parent=34500"}],"wp:term":[{"taxonomy":"category","embeddable":true,"href":"http:\/\/cordobadirecto.com\/index.php\/wp-json\/wp\/v2\/categories?post=34500"},{"taxonomy":"post_tag","embeddable":true,"href":"http:\/\/cordobadirecto.com\/index.php\/wp-json\/wp\/v2\/tags?post=34500"}],"curies":[{"name":"wp","href":"https:\/\/api.w.org\/{rel}","templated":true}]}}