{"id":34596,"date":"2021-12-21T10:58:28","date_gmt":"2021-12-21T10:58:28","guid":{"rendered":"http:\/\/cordobadirecto.com\/index.php\/2021\/12\/21\/el-corazon-acustico-de-miguel-cantilo-sale-a-escena-este-martes-en-palermo\/"},"modified":"2021-12-21T10:58:28","modified_gmt":"2021-12-21T10:58:28","slug":"el-corazon-acustico-de-miguel-cantilo-sale-a-escena-este-martes-en-palermo","status":"publish","type":"post","link":"http:\/\/cordobadirecto.com\/index.php\/2021\/12\/21\/el-corazon-acustico-de-miguel-cantilo-sale-a-escena-este-martes-en-palermo\/","title":{"rendered":"El &#8220;Coraz\u00f3n ac\u00fastico&#8221; de Miguel Cantilo sale a escena este martes en Palermo"},"content":{"rendered":"<figure class=\"mb-3\"><img loading=\"lazy\" src=\"http:\/\/cordobadirecto.com\/wp-content\/uploads\/2021\/12\/el-corazon-acustico-de-miguel-cantilo-sale-a-escena-este-martes-en-palermo.jpg\" width=\"100%\" height=\"100%\" alt=\"Cantilo toda una vida dedicada a la msica Foto Laura Tenenbaum\"><figcaption> Cantilo, toda una vida dedicada a la m\u00fasica (Foto: Laura Tenenbaum) <\/figcaption><\/figure>\n<p>La imponente trayectoria del artista rockero <strong>Miguel Cantilo<\/strong> suma un nuevo cap\u00edtulo con \u201cCoraz\u00f3n ac\u00fastico\u201d, nuevo material discogr\u00e1fico y literario integrado por 15 canciones in\u00e9ditas que estrenar\u00e1 este martes a las 20.30 en la nueva sede de la sala porte\u00f1a Bebop Club.<\/p>\n<p><strong>\u201cPor primera vez abordo la guitarra ac\u00fastica como eje de una labor compositiva e interpretativa. Y ella y mi coraz\u00f3n mandan en esta oportunidad, de ah\u00ed el nombre del disco\u201d,<\/strong> asegura Cantilo en charla con T\u00e9lam.<\/p>\n<p>Sobre el car\u00e1cter de la flamante obra que se integra a un vasto repertorio construido en solitario y como parte de Pedro y Pablo o del grupo Cantilo y Punch, <strong>el m\u00fasico, de 72 a\u00f1os, se\u00f1ala que \u201cexhibe mi visi\u00f3n de la actualidad, tanto en lo personal como en lo social. Tambi\u00e9n tanto en lo evocativo como en la intuici\u00f3n de lo venidero\u201d.<\/strong><\/p>\n<p>La presentaci\u00f3n de \u201cCoraz\u00f3n ac\u00fastico\u201d con algunas de sus piezas emblema como<strong> &#8220;Emigrados&#8221; &#8220;El ave f\u00e9nix en libertad&#8221; <\/strong>e<strong> &#8220;Incompetencia&#8221;,<\/strong> se desarrollar\u00e1 en la sala ubicada en Uriarte 1658 del barrio porte\u00f1o de Palermo.<\/p>\n<p>En una nota de prensa, el guitarrista, autor y cantante que reparte su vida Argentina y Espa\u00f1a, apunta que en el disco-libro <strong>\u201chay canciones evocativas sobre el nacimiento de rock local, combativas en modo antib\u00e9lico o contestatario, y semblanzas de un argentino en el exterior. Aunque tambi\u00e9n el amor es protagonista en canciones dedicadas al recuerdo de mi madre (con la intervenci\u00f3n vocal de mi hermana Mar\u00eda Jos\u00e9), de mi padre y de mi actual compa\u00f1era de vida\u201d.<\/strong><\/p>\n<p><strong>T\u00e9lam: \u00bfPuede pensarse que \u201cCoraz\u00f3n ac\u00fastico\u201d encontr\u00f3 el modo de materializarse debido a la pandemia?<\/strong><\/p>\n<p>Miguel Cantilo: Dir\u00eda que el confinamiento solo contribuy\u00f3 a darle una forma m\u00e1s prol\u00edfica, m\u00e1s \u00edntima, pero no quisiera tener nada que agradecerle a un suceso tan funesto, que perjudic\u00f3 y perjudica tanto a nuestra sociedad.<\/p>\n<p><strong>T: \u00bfQu\u00e9 pod\u00e9s adelantar sobre la presentaci\u00f3n en Bebop Club?<\/strong><\/p>\n<p>MC: Que voy a reunir a algunos de los m\u00fasicos que mejor entienden mis intenciones art\u00edsticas desde a\u00f1os atr\u00e1s, para reproducir sus intervenciones en la placa. Vamos a intentar pasar un buen momento con quienes se acerquen y tambien recordar temas de discos anteriores que se est\u00e1n reeditando.Pretendo que sea una primera aproximaci\u00f3n al p\u00fablico &#8220;jugando&#8221; con este material ac\u00fastico.<\/p>\n<p><strong>T: \u00bfHay otros recitales y planes previstos para los pr\u00f3ximos meses?<\/strong><\/p>\n<p>MC: Si, hay presentaciones previstas en Espa\u00f1a, por lo pronto el 19 de enero en la Sala Galileo Galilei, participando del proyecto cantautoral intergeneracional &#8220;La voz de los barrios&#8221;. <\/p>\n","protected":false},"excerpt":{"rendered":"<p>Cantilo, toda una vida dedicada a la m\u00fasica (Foto: Laura Tenenbaum) La imponente trayectoria del artista rockero Miguel Cantilo suma un nuevo cap\u00edtulo con \u201cCoraz\u00f3n ac\u00fastico\u201d, nuevo material discogr\u00e1fico y literario integrado por 15 canciones in\u00e9ditas que estrenar\u00e1 este martes a las 20.30 en la nueva sede de la sala porte\u00f1a Bebop Club. \u201cPor primera [&hellip;]<\/p>\n","protected":false},"author":1,"featured_media":34597,"comment_status":"closed","ping_status":"closed","sticky":false,"template":"","format":"standard","meta":[],"categories":[20],"tags":[],"_links":{"self":[{"href":"http:\/\/cordobadirecto.com\/index.php\/wp-json\/wp\/v2\/posts\/34596"}],"collection":[{"href":"http:\/\/cordobadirecto.com\/index.php\/wp-json\/wp\/v2\/posts"}],"about":[{"href":"http:\/\/cordobadirecto.com\/index.php\/wp-json\/wp\/v2\/types\/post"}],"author":[{"embeddable":true,"href":"http:\/\/cordobadirecto.com\/index.php\/wp-json\/wp\/v2\/users\/1"}],"replies":[{"embeddable":true,"href":"http:\/\/cordobadirecto.com\/index.php\/wp-json\/wp\/v2\/comments?post=34596"}],"version-history":[{"count":0,"href":"http:\/\/cordobadirecto.com\/index.php\/wp-json\/wp\/v2\/posts\/34596\/revisions"}],"wp:featuredmedia":[{"embeddable":true,"href":"http:\/\/cordobadirecto.com\/index.php\/wp-json\/wp\/v2\/media\/34597"}],"wp:attachment":[{"href":"http:\/\/cordobadirecto.com\/index.php\/wp-json\/wp\/v2\/media?parent=34596"}],"wp:term":[{"taxonomy":"category","embeddable":true,"href":"http:\/\/cordobadirecto.com\/index.php\/wp-json\/wp\/v2\/categories?post=34596"},{"taxonomy":"post_tag","embeddable":true,"href":"http:\/\/cordobadirecto.com\/index.php\/wp-json\/wp\/v2\/tags?post=34596"}],"curies":[{"name":"wp","href":"https:\/\/api.w.org\/{rel}","templated":true}]}}