{"id":3465,"date":"2021-03-22T02:15:34","date_gmt":"2021-03-22T02:15:34","guid":{"rendered":"https:\/\/puntoapunto.com.ar\/?p=274814"},"modified":"2021-03-22T02:15:34","modified_gmt":"2021-03-22T02:15:34","slug":"bugliotti-y-la-municipalidad-cerca-de-un-acuerdo-por-el-orfeo","status":"publish","type":"post","link":"http:\/\/cordobadirecto.com\/index.php\/2021\/03\/22\/bugliotti-y-la-municipalidad-cerca-de-un-acuerdo-por-el-orfeo\/","title":{"rendered":"Bugliotti y la Municipalidad: \u00bfcerca de un acuerdo por el Orfeo?"},"content":{"rendered":"<p><!-- image --><\/p>\n<div class=\"td-post-featured-image\"><a href=\"http:\/\/cordobadirecto.com\/wp-content\/uploads\/2021\/03\/bugliotti-y-la-municipalidad-cerca-de-un-acuerdo-por-el-orfeo-10.jpg\" data-caption><img loading=\"lazy\" width=\"696\" height=\"463\" class=\"entry-thumb td-modal-image\" src=\"http:\/\/cordobadirecto.com\/wp-content\/uploads\/2021\/03\/bugliotti-y-la-municipalidad-cerca-de-un-acuerdo-por-el-orfeo.jpg\" srcset=\"http:\/\/cordobadirecto.com\/wp-content\/uploads\/2021\/03\/bugliotti-y-la-municipalidad-cerca-de-un-acuerdo-por-el-orfeo.jpg 696w, http:\/\/cordobadirecto.com\/wp-content\/uploads\/2021\/03\/bugliotti-y-la-municipalidad-cerca-de-un-acuerdo-por-el-orfeo-4.jpg 300w, http:\/\/cordobadirecto.com\/wp-content\/uploads\/2021\/03\/bugliotti-y-la-municipalidad-cerca-de-un-acuerdo-por-el-orfeo-5.jpg 1024w, http:\/\/cordobadirecto.com\/wp-content\/uploads\/2021\/03\/bugliotti-y-la-municipalidad-cerca-de-un-acuerdo-por-el-orfeo-6.jpg 768w, http:\/\/cordobadirecto.com\/wp-content\/uploads\/2021\/03\/bugliotti-y-la-municipalidad-cerca-de-un-acuerdo-por-el-orfeo-7.jpg 150w, http:\/\/cordobadirecto.com\/wp-content\/uploads\/2021\/03\/bugliotti-y-la-municipalidad-cerca-de-un-acuerdo-por-el-orfeo-8.jpg 1068w, http:\/\/cordobadirecto.com\/wp-content\/uploads\/2021\/03\/bugliotti-y-la-municipalidad-cerca-de-un-acuerdo-por-el-orfeo-9.jpg 632w, http:\/\/cordobadirecto.com\/wp-content\/uploads\/2021\/03\/bugliotti-y-la-municipalidad-cerca-de-un-acuerdo-por-el-orfeo-10.jpg 1200w\" sizes=\"(max-width: 696px) 100vw, 696px\" alt title=\"Bugliotti\"><\/a><\/div>\n<p> <!-- content --><\/p>\n<div class=\"td-a-rec td-a-rec-id-content_top tdi_66_ce3 td_block_template_10\">\n<div class=\"g g-34\">\n<div class=\"g-single a-299\"><a class=\"gofollow\" data-track=\"Mjk5LDM0LDEsNjA=\" href=\"http:\/\/www.grupocanter.com.ar\/landing\/blanqueo\/pap\/?utm_source=Punto%20a%20Punto&amp;utm_medium=Banners&amp;utm_campaign=Blanqueo&amp;utm_term=950x187\"><img src=\"http:\/\/cordobadirecto.com\/wp-content\/uploads\/2021\/03\/bugliotti-y-la-municipalidad-cerca-de-un-acuerdo-por-el-orfeo.gif\"><\/a><\/div>\n<\/div>\n<\/div>\n<p>\u201cNo hay m\u00e1s tiroteo, se\u00f1al de que se viene la paz\u201d. La frase, pronunciada por alguien que sigue de cerca la disputa que se desat\u00f3 entre <strong>Euclides Bugliotti<\/strong> y la Municipalidad de C\u00f3rdoba desde que el empresario decidi\u00f3 cerrar el Orfeo y demolerlo, ilustra la foto del momento, que podr\u00eda variar, es cierto. Pero todo parece encaminado a que las partes acuerden.<\/p>\n<p>\u00bfCu\u00e1l ser\u00eda el acuerdo? Hoy por hoy, el Orfeo s\u00f3lo puede ser utilizado para lo que fue creado: shows musicales, eventos masivos y espect\u00e1culos, algo que el propio <strong>Bugliotti<\/strong> ya desech\u00f3: <strong>\u201cen el Orfeo no se hacen m\u00e1s shows\u201d.<\/strong><\/p>\n<figure id=\"attachment_274807\" aria-describedby=\"caption-attachment-274807\" class=\"wp-caption aligncenter\"><img loading=\"lazy\" class=\"wp-image-274807 \" src=\"http:\/\/cordobadirecto.com\/wp-content\/uploads\/2021\/03\/bugliotti-y-la-municipalidad-cerca-de-un-acuerdo-por-el-orfeo-1.jpg\" alt=\"Orfeo Superdomo - Bugliotti\" width=\"500\" height=\"334\" srcset=\"http:\/\/cordobadirecto.com\/wp-content\/uploads\/2021\/03\/bugliotti-y-la-municipalidad-cerca-de-un-acuerdo-por-el-orfeo-1.jpg 300w, http:\/\/cordobadirecto.com\/wp-content\/uploads\/2021\/03\/bugliotti-y-la-municipalidad-cerca-de-un-acuerdo-por-el-orfeo-11.jpg 1024w, http:\/\/cordobadirecto.com\/wp-content\/uploads\/2021\/03\/bugliotti-y-la-municipalidad-cerca-de-un-acuerdo-por-el-orfeo-12.jpg 768w, http:\/\/cordobadirecto.com\/wp-content\/uploads\/2021\/03\/bugliotti-y-la-municipalidad-cerca-de-un-acuerdo-por-el-orfeo-13.jpg 1536w, http:\/\/cordobadirecto.com\/wp-content\/uploads\/2021\/03\/bugliotti-y-la-municipalidad-cerca-de-un-acuerdo-por-el-orfeo-14.jpg 2048w, http:\/\/cordobadirecto.com\/wp-content\/uploads\/2021\/03\/bugliotti-y-la-municipalidad-cerca-de-un-acuerdo-por-el-orfeo-15.jpg 150w, http:\/\/cordobadirecto.com\/wp-content\/uploads\/2021\/03\/bugliotti-y-la-municipalidad-cerca-de-un-acuerdo-por-el-orfeo-16.jpg 696w, http:\/\/cordobadirecto.com\/wp-content\/uploads\/2021\/03\/bugliotti-y-la-municipalidad-cerca-de-un-acuerdo-por-el-orfeo-17.jpg 1068w, http:\/\/cordobadirecto.com\/wp-content\/uploads\/2021\/03\/bugliotti-y-la-municipalidad-cerca-de-un-acuerdo-por-el-orfeo-18.jpg 630w\" sizes=\"(max-width: 500px) 100vw, 500px\"><figcaption id=\"caption-attachment-274807\" class=\"wp-caption-text\">Orfeo Superdomo<\/figcaption><\/figure>\n<p>El \u201cdesmantelamiento\u201d del Superdomo le da la raz\u00f3n: las butacas ya fueron retiradas (inclusive est\u00e1n a la venta en el ingreso del S\u00faper Ma-Mi de Alto Verde y representan un claro mensaje del empresario de que el Orfeo no volver\u00e1) y el escenario y las luces descansan en galpones en Salsipuedes. \u201cHoy, el Orfeo es como una caja de zapatos vac\u00eda\u201d, dicen allegados al empresario, que sigue sin hablar con los medios de prensa.<br \/>El objetivo de Tati pasa por lograr una habilitaci\u00f3n de la Municipalidad para que all\u00ed funcione un Polo Sanitario. \u201c<strong>Bugliotti<\/strong> nunca dej\u00f3 de pensar en ese proyecto. Es cierto que recibi\u00f3 propuestas por el Orfeo, dos bien concretas, pero a las dos le dijo que no\u201d, agrega una de las fuentes consultadas por <strong>Punto a Punto<\/strong>.<\/p>\n<p>Una de ellas lleg\u00f3 de un empresario de Buenos Aires, pero no lo convenci\u00f3 el monto que ofert\u00f3 el hombre de negocios porte\u00f1o, que ten\u00eda un ambicioso proyecto para el Orfeo. La otra oferta, m\u00e1s conocida, es la del productor teatral Miguel Pardo. <strong>\u201cLe hice un par de propuestas a Tati pero no tuve respuestas positivas\u201d<\/strong>, supo decir el hombre que cop\u00f3, con sus m\u00e1s de 30 obras, la temporada de verano de Carlos Paz.<\/p>\n<h4><strong>\u00bfQu\u00e9 dicen desde la Municipalidad?<\/strong><\/h4>\n<p>Nada, al menos de manera oficial. Pero en estricto off, algunos funcionarios razonan que un acuerdo con <strong>Bugliotti<\/strong> ser\u00eda \u201cviable\u201d. Y ponen sobre la balanza lo que ganan y pierden las partes en esta inesperada batalla.<\/p>\n<blockquote readability=\"10\">\n<p>\u201cSi <strong>Bugliotti<\/strong> quiere montar un Polo Sanitario, se le puede dar una habilitaci\u00f3n temporaria. Es dif\u00edcil oponerse a un proyecto de esas caracter\u00edsticas. Pero lo m\u00e1s importante para la gesti\u00f3n Llaryora es que al Orfeo no lo van a tirar abajo. Eso era inadmisible\u201d, sostienen las fuentes consultadas en el Palacio 6 de Julio.<\/p>\n<\/blockquote>\n<h4><strong>C\u00f3mo juega el TSJ<\/strong><\/h4>\n<p>En el \u201ctira y afloje\u201d entre el empresario y la Municipalidad cada uno realiz\u00f3 sus jugadas, pero una de las m\u00e1s osadas fue la que emprendi\u00f3 <strong>Bugliotti<\/strong> en el Tribunal Superior de Justticia (TSJ), donde cuestion\u00f3 la ordenanza declarando de inter\u00e9s municipa al Orfeo. \u201cCada uno expuso su posici\u00f3n en las audiencias que se realizaron y si bien mantuvieron firmes sus posturas, siempre sobrevol\u00f3 la teor\u00eda del \u2018empate\u2019: que <strong>Bugliotti<\/strong> desarrolle el proyecto ligado a la salud y que la estructura del domo no sea modificada. Ganan las dos partes\u201d, conf\u00eda otra fuente consultada por este medio. \u201cP\u00f3nganse de acuerdo, no est\u00e1n tan lejos las posiciones\u201d, escucharon las partes despu\u00e9s de una audiencia. En esto est\u00e1n.<\/p>\n<p><a href=\"https:\/\/bit.ly\/38M4cNV\" target=\"_blank\" rel=\"noopener\"><img loading=\"lazy\" class=\"alignnone wp-image-263999 size-medium\" src=\"http:\/\/cordobadirecto.com\/wp-content\/uploads\/2021\/03\/bugliotti-y-la-municipalidad-cerca-de-un-acuerdo-por-el-orfeo-2.jpg\" alt width=\"300\" height=\"64\" srcset=\"http:\/\/cordobadirecto.com\/wp-content\/uploads\/2021\/03\/bugliotti-y-la-municipalidad-cerca-de-un-acuerdo-por-el-orfeo-2.jpg 300w, http:\/\/cordobadirecto.com\/wp-content\/uploads\/2021\/03\/bugliotti-y-la-municipalidad-cerca-de-un-acuerdo-por-el-orfeo-19.jpg 732w\" sizes=\"(max-width: 300px) 100vw, 300px\"><\/a><\/p>\n<p><a href=\"https:\/\/bit.ly\/3bVq3Vb\" target=\"_blank\" rel=\"noopener\"><img loading=\"lazy\" class=\"alignnone wp-image-263957 size-medium\" src=\"http:\/\/cordobadirecto.com\/wp-content\/uploads\/2021\/03\/bugliotti-y-la-municipalidad-cerca-de-un-acuerdo-por-el-orfeo-3.jpg\" alt width=\"300\" height=\"71\" srcset=\"http:\/\/cordobadirecto.com\/wp-content\/uploads\/2021\/03\/bugliotti-y-la-municipalidad-cerca-de-un-acuerdo-por-el-orfeo-3.jpg 300w, http:\/\/cordobadirecto.com\/wp-content\/uploads\/2021\/03\/bugliotti-y-la-municipalidad-cerca-de-un-acuerdo-por-el-orfeo-20.jpg 768w, http:\/\/cordobadirecto.com\/wp-content\/uploads\/2021\/03\/bugliotti-y-la-municipalidad-cerca-de-un-acuerdo-por-el-orfeo-21.jpg 1012w\" sizes=\"(max-width: 300px) 100vw, 300px\"><\/a><\/p>\n<p>No tags for this post. <!-- A generated by theme --> <!-- end A --> <\/p>\n","protected":false},"excerpt":{"rendered":"<p>\u201cNo hay m\u00e1s tiroteo, se\u00f1al de que se viene la paz\u201d. La frase, pronunciada por alguien que sigue de cerca la disputa que se desat\u00f3 entre Euclides Bugliotti y la Municipalidad de C\u00f3rdoba desde que el empresario decidi\u00f3 cerrar el Orfeo y demolerlo, ilustra la foto del momento, que podr\u00eda variar, es cierto. Pero todo [&hellip;]<\/p>\n","protected":false},"author":1,"featured_media":3466,"comment_status":"closed","ping_status":"closed","sticky":false,"template":"","format":"standard","meta":[],"categories":[25],"tags":[],"_links":{"self":[{"href":"http:\/\/cordobadirecto.com\/index.php\/wp-json\/wp\/v2\/posts\/3465"}],"collection":[{"href":"http:\/\/cordobadirecto.com\/index.php\/wp-json\/wp\/v2\/posts"}],"about":[{"href":"http:\/\/cordobadirecto.com\/index.php\/wp-json\/wp\/v2\/types\/post"}],"author":[{"embeddable":true,"href":"http:\/\/cordobadirecto.com\/index.php\/wp-json\/wp\/v2\/users\/1"}],"replies":[{"embeddable":true,"href":"http:\/\/cordobadirecto.com\/index.php\/wp-json\/wp\/v2\/comments?post=3465"}],"version-history":[{"count":0,"href":"http:\/\/cordobadirecto.com\/index.php\/wp-json\/wp\/v2\/posts\/3465\/revisions"}],"wp:featuredmedia":[{"embeddable":true,"href":"http:\/\/cordobadirecto.com\/index.php\/wp-json\/wp\/v2\/media\/3466"}],"wp:attachment":[{"href":"http:\/\/cordobadirecto.com\/index.php\/wp-json\/wp\/v2\/media?parent=3465"}],"wp:term":[{"taxonomy":"category","embeddable":true,"href":"http:\/\/cordobadirecto.com\/index.php\/wp-json\/wp\/v2\/categories?post=3465"},{"taxonomy":"post_tag","embeddable":true,"href":"http:\/\/cordobadirecto.com\/index.php\/wp-json\/wp\/v2\/tags?post=3465"}],"curies":[{"name":"wp","href":"https:\/\/api.w.org\/{rel}","templated":true}]}}