{"id":34675,"date":"2021-12-21T10:29:08","date_gmt":"2021-12-21T10:29:08","guid":{"rendered":"https:\/\/cordoba.gob.ar\/?p=18728"},"modified":"2021-12-21T10:29:08","modified_gmt":"2021-12-21T10:29:08","slug":"mas-de-2-000-personas-participaron-de-los-6-webinarios-transformando-ciudades-encuentros-por-una-educacion-para-el-desarrollo-sostenible","status":"publish","type":"post","link":"http:\/\/cordobadirecto.com\/index.php\/2021\/12\/21\/mas-de-2-000-personas-participaron-de-los-6-webinarios-transformando-ciudades-encuentros-por-una-educacion-para-el-desarrollo-sostenible\/","title":{"rendered":"M\u00e1s de 2.000 personas participaron de los 6 webinarios \u201cTransformando ciudades. Encuentros por una educaci\u00f3n para el desarrollo sostenible\u201d"},"content":{"rendered":"<div><img src=\"http:\/\/cordobadirecto.com\/wp-content\/uploads\/2021\/12\/mas-de-2-000-personas-participaron-de-los-6-webinarios-transformando-ciudades-encuentros-por-una-educacion-para-el-desarrollo-sostenible.jpg\" class=\"ff-og-image-inserted\"><\/div>\n<ul>\n<li><span>La propuesta fue impulsada por la Secretar\u00eda de Educaci\u00f3n a trav\u00e9s de la Direcci\u00f3n de Parques Educativos.<\/span><\/li>\n<\/ul>\n<hr>\n<p><span>Entre los meses de agosto y diciembre se concretaron seis webinarios con diferentes ejes, para reflexionar desde una mirada plural sobre el presente y para el futuro de la educaci\u00f3n.&nbsp; De esta iniciativa participaron m\u00e1s de 2000 personas <\/span><span>entre funcionarias\/os municipales, provinciales, nacionales, miembros de equipos t\u00e9cnicos, docentes, directivos, profesionales, personal municipal y p\u00fablico en general interesado.<\/span><\/p>\n<p><span>La iniciativa surgi\u00f3 desde la Secretar\u00eda de Educaci\u00f3n y fue llevada adelante a trav\u00e9s de la Direcci\u00f3n de Parques Educativos, en colaboraci\u00f3n con las distintas Secretar\u00edas y entes descentralizados de la Municipalidad. En esta \u00faltima oportunidad puso en debate la tem\u00e1tica \u201cEducaci\u00f3n, g\u00e9neros e igualdad\u201d.<\/span><\/p>\n<p><span>En el cierre se llev\u00f3 adelante el panel \u00a8Experiencias y reflexiones para construir ciudades con igualdad de g\u00e9neros\u00a8 conformado por la Mgter. Elissabetta Bianchin (Gerenta de la ONG internacional \u201cGirl Rising\u201d \u2013 Programa Explora M\u00e1s para Argentina), Soledad Ferraro (Concejala de la Ciudad de C\u00f3rdoba \u2013 Presidenta de la Comisi\u00f3n de G\u00e9nero y Equidad), la Lic. Ana Antol\u00edn (Docente e investigadora de la UNC y la UPC \u2013 Directora del Proyecto de Extensi\u00f3n \u201cESI, cuerpos y territorios diversos\u201d) y el Ab. Marcelo Javier Guti\u00e9rrez (encargado de Proyectos en la Direcci\u00f3n de Programas de la Fundaci\u00f3n Hu\u00e9sped).<\/span><\/p>\n<p><span>El Secretario de Educaci\u00f3n Horacio Ferreyra reflexion\u00f3 acerca de la importancia y proyecci\u00f3n de esta iniciativa y expreso \u201cQue este seminario permiti\u00f3 por un lado habilitar la palabra y poner en agenda el tema de la Educaci\u00f3n para el desarrollo sostenible en nuestra ciudad, con la participaci\u00f3n de la ciudadan\u00eda no s\u00f3lo de C\u00f3rdoba Capital, sino de la zona metropolitana, de distintas ciudades, localidades y parajes&nbsp; de la provincia de C\u00f3rdoba, otras provincias argentinas y de Latinoam\u00e9rica. En los distintos encuentros se ha podido dialogar sobre temas vinculados a la salud, ambiente, cultura, deporte, recreaci\u00f3n, empleo, pobreza, g\u00e9nero, entre otros, poniendo en valor lo realizado, identificando ideas proyectos con la mirada puesta en el futuro de nuestra ciudad como sostiene nuestro intendente Mart\u00edn LLaryora\u201d.<\/span><\/p>\n<p><span>\u201cFue muy importante el seminario \u2013y sus distintos encuentros-, sin dudas es una propuesta que enriqueci\u00f3 la mirada sobre la educaci\u00f3n que queremos, necesitamos y estamos construyendo\u201d, afirm\u00f3 la directora de Parques Educativos Eugenia Rotondi. Adem\u00e1s, agradeci\u00f3 a todas las \u00e1reas, instituciones y personas que se involucraron en el desarrollo de esta propuesta.<\/span><\/p>\n<p><span>El seminario abord\u00f3 problemas y proyectos desde la experiencia y la mirada de las Secretar\u00edas que componen el ejecutivo, las universidades de nuestra ciudad, profesionales de diversas \u00e1reas y organizaciones sociales, con \u00e9nfasis en la planificaci\u00f3n y desarrollo de acciones que recuperen la construcci\u00f3n de saberes y conocimiento, fortalezcan procesos de organizaci\u00f3n territorial, mejoren la prestaci\u00f3n de servicios a la comunidad y motoricen espacios de participaci\u00f3n y acci\u00f3n.<\/span><\/p>\n<p><span>Para quienes no pudieron asistir o quieren volver a verlos, los seis webinar est\u00e1n disponibles en el canal de YouTube de la Direcci\u00f3n de Parques Educativos: <\/span><a href=\"https:\/\/bit.ly\/3E8FofY\"><span>https:\/\/bit.ly\/3E8FofY<\/span><\/a><span>&nbsp;<\/span><\/p>\n","protected":false},"excerpt":{"rendered":"<p>La propuesta fue impulsada por la Secretar\u00eda de Educaci\u00f3n a trav\u00e9s de la Direcci\u00f3n de Parques Educativos. Entre los meses de agosto y diciembre se concretaron seis webinarios con diferentes ejes, para reflexionar desde una mirada plural sobre el presente y para el futuro de la educaci\u00f3n.&nbsp; De esta iniciativa participaron m\u00e1s de 2000 personas [&hellip;]<\/p>\n","protected":false},"author":1,"featured_media":34676,"comment_status":"closed","ping_status":"closed","sticky":false,"template":"","format":"standard","meta":[],"categories":[44],"tags":[],"_links":{"self":[{"href":"http:\/\/cordobadirecto.com\/index.php\/wp-json\/wp\/v2\/posts\/34675"}],"collection":[{"href":"http:\/\/cordobadirecto.com\/index.php\/wp-json\/wp\/v2\/posts"}],"about":[{"href":"http:\/\/cordobadirecto.com\/index.php\/wp-json\/wp\/v2\/types\/post"}],"author":[{"embeddable":true,"href":"http:\/\/cordobadirecto.com\/index.php\/wp-json\/wp\/v2\/users\/1"}],"replies":[{"embeddable":true,"href":"http:\/\/cordobadirecto.com\/index.php\/wp-json\/wp\/v2\/comments?post=34675"}],"version-history":[{"count":0,"href":"http:\/\/cordobadirecto.com\/index.php\/wp-json\/wp\/v2\/posts\/34675\/revisions"}],"wp:featuredmedia":[{"embeddable":true,"href":"http:\/\/cordobadirecto.com\/index.php\/wp-json\/wp\/v2\/media\/34676"}],"wp:attachment":[{"href":"http:\/\/cordobadirecto.com\/index.php\/wp-json\/wp\/v2\/media?parent=34675"}],"wp:term":[{"taxonomy":"category","embeddable":true,"href":"http:\/\/cordobadirecto.com\/index.php\/wp-json\/wp\/v2\/categories?post=34675"},{"taxonomy":"post_tag","embeddable":true,"href":"http:\/\/cordobadirecto.com\/index.php\/wp-json\/wp\/v2\/tags?post=34675"}],"curies":[{"name":"wp","href":"https:\/\/api.w.org\/{rel}","templated":true}]}}