{"id":34679,"date":"2021-12-21T23:28:19","date_gmt":"2021-12-21T23:28:19","guid":{"rendered":"http:\/\/cordobadirecto.com\/index.php\/2021\/12\/21\/graves-danos-por-vientos-huracanados-volaron-techos-y-murieron-decenas-de-pollos-en-un-criadero\/"},"modified":"2021-12-21T23:28:19","modified_gmt":"2021-12-21T23:28:19","slug":"graves-danos-por-vientos-huracanados-volaron-techos-y-murieron-decenas-de-pollos-en-un-criadero","status":"publish","type":"post","link":"http:\/\/cordobadirecto.com\/index.php\/2021\/12\/21\/graves-danos-por-vientos-huracanados-volaron-techos-y-murieron-decenas-de-pollos-en-un-criadero\/","title":{"rendered":"Graves da\u00f1os por vientos huracanados: volaron techos y murieron decenas de pollos en un criadero"},"content":{"rendered":"<p><b>C\u00d3RDOBA<\/b>.- Una tormenta con vientos huracanados provoc\u00f3 fuertes destrozos anoche en el sur de <b>C\u00f3rdoba<\/b>. Afect\u00f3 a la zona de R\u00edo Cuarto,&nbsp;&#8230; <\/p>\n","protected":false},"excerpt":{"rendered":"<p>C\u00d3RDOBA.- Una tormenta con vientos huracanados provoc\u00f3 fuertes destrozos anoche en el sur de C\u00f3rdoba. Afect\u00f3 a la zona de R\u00edo Cuarto,&nbsp;&#8230;<\/p>\n","protected":false},"author":1,"featured_media":0,"comment_status":"closed","ping_status":"closed","sticky":false,"template":"","format":"standard","meta":[],"categories":[40],"tags":[],"_links":{"self":[{"href":"http:\/\/cordobadirecto.com\/index.php\/wp-json\/wp\/v2\/posts\/34679"}],"collection":[{"href":"http:\/\/cordobadirecto.com\/index.php\/wp-json\/wp\/v2\/posts"}],"about":[{"href":"http:\/\/cordobadirecto.com\/index.php\/wp-json\/wp\/v2\/types\/post"}],"author":[{"embeddable":true,"href":"http:\/\/cordobadirecto.com\/index.php\/wp-json\/wp\/v2\/users\/1"}],"replies":[{"embeddable":true,"href":"http:\/\/cordobadirecto.com\/index.php\/wp-json\/wp\/v2\/comments?post=34679"}],"version-history":[{"count":0,"href":"http:\/\/cordobadirecto.com\/index.php\/wp-json\/wp\/v2\/posts\/34679\/revisions"}],"wp:attachment":[{"href":"http:\/\/cordobadirecto.com\/index.php\/wp-json\/wp\/v2\/media?parent=34679"}],"wp:term":[{"taxonomy":"category","embeddable":true,"href":"http:\/\/cordobadirecto.com\/index.php\/wp-json\/wp\/v2\/categories?post=34679"},{"taxonomy":"post_tag","embeddable":true,"href":"http:\/\/cordobadirecto.com\/index.php\/wp-json\/wp\/v2\/tags?post=34679"}],"curies":[{"name":"wp","href":"https:\/\/api.w.org\/{rel}","templated":true}]}}