{"id":34684,"date":"2021-12-22T07:36:30","date_gmt":"2021-12-22T07:36:30","guid":{"rendered":"http:\/\/estaciontrip.com.ar\/?p=6489"},"modified":"2021-12-22T07:36:30","modified_gmt":"2021-12-22T07:36:30","slug":"cordoba-san-juan-nueva-conexion-aerea","status":"publish","type":"post","link":"http:\/\/cordobadirecto.com\/index.php\/2021\/12\/22\/cordoba-san-juan-nueva-conexion-aerea\/","title":{"rendered":"C\u00f3rdoba-San Juan: nueva conexi\u00f3n a\u00e9rea"},"content":{"rendered":"<div><img src=\"http:\/\/cordobadirecto.com\/wp-content\/uploads\/2021\/12\/cordoba-san-juan-nueva-conexion-aerea.jpg\" class=\"ff-og-image-inserted\"><\/div>\n<p><em>Desde el 5 de enero de 2022, Aerol\u00edneas Argentinas suma al hub a\u00e9reo cordob\u00e9s, el vuelo que unir\u00e1 las capitales provinciales con 2 frecuencias semanales y tarifas promocionales durante el verano. <\/em><\/p>\n<p>Desde el 5 de enero las ciudades de C\u00f3rdoba y San Juan quedar\u00e1n conectadas mediante un vuelo directo de Aerol\u00edneas Argentinas.<\/p>\n<p>Seg\u00fan se inform\u00f3, es el resultado de las gestiones llevadas adelante por el presidente de la Agencia C\u00f3rdoba Turismo,&nbsp;<strong>Esteban Avil\u00e9s<\/strong>, y su par de San Juan,&nbsp;<strong>Claudia Grynspan<\/strong>.<\/p>\n<p>En este sentido, Esteban Avil\u00e9s se\u00f1al\u00f3:<strong><em>&nbsp;\u201cQuiero destacar el trabajo conjunto que venimos realizando desde el gobierno de la provincia de C\u00f3rdoba y el de San Juan, a trav\u00e9s de la Agencia C\u00f3rdoba Turismo, y el Ministerio de Turismo de San Juan, que conduce Claudia Grynszpan. Juntos estamos fortaleciendo el turismo para que m\u00e1s familias sigan vacacionando y disfrutando de nuestras bellezas naturales\u201d.<\/em><\/strong><\/p>\n<p>El anuncio se dio a conocer el pasado viernes en el marco de una reuni\u00f3n en la C\u00e1mara de Turismo de la provincia cuyana, en la que particip\u00f3 el propio Avil\u00e9s. El vuelo&nbsp;<strong>C\u00f3rdoba \u2013 San Juan<\/strong>&nbsp;se operar\u00e1 a trav\u00e9s de Aerol\u00edneas Argentinas y tendr\u00e1 inicialmente&nbsp;<strong>dos frecuencias semanales<\/strong>&nbsp;y tarifas promocionales durante el verano, para fomentar el turismo entre ambas provincias.<\/p>\n<p>De esta forma el&nbsp;<strong>Aeropuerto Internacional C\u00f3rdoba Ing. Taravella<\/strong>&nbsp;se conecta con una nueva provincia sin la necesidad de pasar por Buenos Aires, potenciando la operatividad del&nbsp;<strong>hub a\u00e9reo C\u00f3rdoba,<\/strong>&nbsp;el m\u00e1s importante del interior de Argentina. <\/p>\n","protected":false},"excerpt":{"rendered":"<p>Desde el 5 de enero de 2022, Aerol\u00edneas Argentinas suma al hub a\u00e9reo cordob\u00e9s, el vuelo que unir\u00e1 las capitales provinciales con 2 frecuencias semanales y tarifas promocionales durante el verano. Desde el 5 de enero las ciudades de C\u00f3rdoba y San Juan quedar\u00e1n conectadas mediante un vuelo directo de Aerol\u00edneas Argentinas. Seg\u00fan se inform\u00f3, [&hellip;]<\/p>\n","protected":false},"author":1,"featured_media":34685,"comment_status":"closed","ping_status":"closed","sticky":false,"template":"","format":"standard","meta":[],"categories":[22],"tags":[],"_links":{"self":[{"href":"http:\/\/cordobadirecto.com\/index.php\/wp-json\/wp\/v2\/posts\/34684"}],"collection":[{"href":"http:\/\/cordobadirecto.com\/index.php\/wp-json\/wp\/v2\/posts"}],"about":[{"href":"http:\/\/cordobadirecto.com\/index.php\/wp-json\/wp\/v2\/types\/post"}],"author":[{"embeddable":true,"href":"http:\/\/cordobadirecto.com\/index.php\/wp-json\/wp\/v2\/users\/1"}],"replies":[{"embeddable":true,"href":"http:\/\/cordobadirecto.com\/index.php\/wp-json\/wp\/v2\/comments?post=34684"}],"version-history":[{"count":0,"href":"http:\/\/cordobadirecto.com\/index.php\/wp-json\/wp\/v2\/posts\/34684\/revisions"}],"wp:featuredmedia":[{"embeddable":true,"href":"http:\/\/cordobadirecto.com\/index.php\/wp-json\/wp\/v2\/media\/34685"}],"wp:attachment":[{"href":"http:\/\/cordobadirecto.com\/index.php\/wp-json\/wp\/v2\/media?parent=34684"}],"wp:term":[{"taxonomy":"category","embeddable":true,"href":"http:\/\/cordobadirecto.com\/index.php\/wp-json\/wp\/v2\/categories?post=34684"},{"taxonomy":"post_tag","embeddable":true,"href":"http:\/\/cordobadirecto.com\/index.php\/wp-json\/wp\/v2\/tags?post=34684"}],"curies":[{"name":"wp","href":"https:\/\/api.w.org\/{rel}","templated":true}]}}