{"id":34686,"date":"2021-12-21T22:13:44","date_gmt":"2021-12-21T22:13:44","guid":{"rendered":"https:\/\/cordoba.gob.ar\/?p=18798"},"modified":"2021-12-21T22:13:44","modified_gmt":"2021-12-21T22:13:44","slug":"comenzo-la-primera-expo-textil-de-cooperativas-y-mutuales","status":"publish","type":"post","link":"http:\/\/cordobadirecto.com\/index.php\/2021\/12\/21\/comenzo-la-primera-expo-textil-de-cooperativas-y-mutuales\/","title":{"rendered":"Comenz\u00f3 la primera EXPO Textil de Cooperativas y Mutuales"},"content":{"rendered":"<div><img src=\"http:\/\/cordobadirecto.com\/wp-content\/uploads\/2021\/12\/comenzo-la-primera-expo-textil-de-cooperativas-y-mutuales.jpg\" class=\"ff-og-image-inserted\"><\/div>\n<ul>\n<li><strong>Se realizar\u00e1 durante el martes 21 y mi\u00e9rcoles 22 de diciembre de 11 a 19 horas, en la Supermanzana de la Intendencia.<\/strong><\/li>\n<li><strong>Las cooperativas expondr\u00e1n sus productos en m\u00e1s de 30 stands.<\/strong><\/li>\n<\/ul>\n<hr>\n<p>Organizada por la Direcci\u00f3n General de Cooperativas y Mutuales, dependiente de la Secretar\u00eda de Gobierno municipal, con el apoyo del Ente BioC\u00f3rdoba, la Municipalidad de C\u00f3rdoba lleva a cabo la primer expo textil de cooperativas y mutuales de la ciudad.<\/p>\n<p>El objetivo de la expo es visibilizar la producci\u00f3n textil de las Cooperativas y Mutuales de nuestra ciudad y potenciarlas, entendiendo que son actores centrales en el desarrollo socioecon\u00f3mico local.<\/p>\n<p><em>\u201cEs muy importante poder mostrar aquello que producen las cooperativas en nuestra ciudad, poder poner en valor el esp\u00edritu emprendedor que tienen los cooperativistas que sue\u00f1an con un futuro mejor y que nosotros desde el estado municipal los acompa\u00f1amos. Por pedido del intendente ponemos en eje la producci\u00f3n y la generaci\u00f3n de nuevos puestos de trabajo\u201d<\/em>, expres\u00f3 Abraham Galo, subsecretario de Gobierno.<\/p>\n<p>Durante el martes 21 y mi\u00e9rcoles 22 de diciembre, de 11 a 19 horas, en la Supermanzana de la Intendencia, sobre calle Caseros, se instalar\u00e1n m\u00e1s de 30 stands en los cuales 15 cooperativas, mutuales y grupos en proceso de conformaci\u00f3n expondr\u00e1n sus productos, pudiendo tambi\u00e9n comercializarlos.<\/p>\n<p>Adem\u00e1s, la iniciativa es tambi\u00e9n la instancia de cierre de los talleres de producci\u00f3n textil sustentable que se estuvieron realizando durante el a\u00f1o para grupos de mujeres en diversos puntos de la ciudad.<\/p>\n<p>Nadir Nifury, director General de Cooperativas y Mutuales manifest\u00f3 <em>\u201cla Expotextil es la primera experiencia para mostrar toda la producci\u00f3n textil que realizan las cooperativas y mutuales de C\u00f3rdoba\u201d.<\/em><\/p>\n<p>Los productos textiles que se podr\u00e1n encontrar son: bolsos de jean, almohadones, ropa para ni\u00f1os y adultos, producciones en crochet y telas, barbijos, ropa de trabajo, cartucheras, camisas, adornos, carteras, portamateras, sombreros, entre muchos otros.<\/p>\n<p>Elizabeth del Centro Textil Overola, perteneciente a la sociedad Mutual Mujica coment\u00f3 <em>\u201cen nuestro centro textil producimos, damos cursos y tenemos emprendedores a cargo. Hemos participado en varias ferias de la Municipalidad, la oportunidad que nos brindan es muy importante y es un placer venir y mostrar lo que tenemos.\u201d<\/em><\/p>\n","protected":false},"excerpt":{"rendered":"<p>Se realizar\u00e1 durante el martes 21 y mi\u00e9rcoles 22 de diciembre de 11 a 19 horas, en la Supermanzana de la Intendencia. Las cooperativas expondr\u00e1n sus productos en m\u00e1s de 30 stands. Organizada por la Direcci\u00f3n General de Cooperativas y Mutuales, dependiente de la Secretar\u00eda de Gobierno municipal, con el apoyo del Ente BioC\u00f3rdoba, la [&hellip;]<\/p>\n","protected":false},"author":1,"featured_media":34687,"comment_status":"closed","ping_status":"closed","sticky":false,"template":"","format":"standard","meta":[],"categories":[44],"tags":[],"_links":{"self":[{"href":"http:\/\/cordobadirecto.com\/index.php\/wp-json\/wp\/v2\/posts\/34686"}],"collection":[{"href":"http:\/\/cordobadirecto.com\/index.php\/wp-json\/wp\/v2\/posts"}],"about":[{"href":"http:\/\/cordobadirecto.com\/index.php\/wp-json\/wp\/v2\/types\/post"}],"author":[{"embeddable":true,"href":"http:\/\/cordobadirecto.com\/index.php\/wp-json\/wp\/v2\/users\/1"}],"replies":[{"embeddable":true,"href":"http:\/\/cordobadirecto.com\/index.php\/wp-json\/wp\/v2\/comments?post=34686"}],"version-history":[{"count":0,"href":"http:\/\/cordobadirecto.com\/index.php\/wp-json\/wp\/v2\/posts\/34686\/revisions"}],"wp:featuredmedia":[{"embeddable":true,"href":"http:\/\/cordobadirecto.com\/index.php\/wp-json\/wp\/v2\/media\/34687"}],"wp:attachment":[{"href":"http:\/\/cordobadirecto.com\/index.php\/wp-json\/wp\/v2\/media?parent=34686"}],"wp:term":[{"taxonomy":"category","embeddable":true,"href":"http:\/\/cordobadirecto.com\/index.php\/wp-json\/wp\/v2\/categories?post=34686"},{"taxonomy":"post_tag","embeddable":true,"href":"http:\/\/cordobadirecto.com\/index.php\/wp-json\/wp\/v2\/tags?post=34686"}],"curies":[{"name":"wp","href":"https:\/\/api.w.org\/{rel}","templated":true}]}}