{"id":34688,"date":"2021-12-21T22:04:22","date_gmt":"2021-12-21T22:04:22","guid":{"rendered":"https:\/\/cordoba.gob.ar\/?p=18795"},"modified":"2021-12-21T22:04:22","modified_gmt":"2021-12-21T22:04:22","slug":"san-vicente-comenzaron-las-obras-de-puesta-en-valor-de-la-plaza-lavalle","status":"publish","type":"post","link":"http:\/\/cordobadirecto.com\/index.php\/2021\/12\/21\/san-vicente-comenzaron-las-obras-de-puesta-en-valor-de-la-plaza-lavalle\/","title":{"rendered":"San Vicente: comenzaron las obras de puesta en valor de la Plaza Lavalle"},"content":{"rendered":"<div><img src=\"http:\/\/cordobadirecto.com\/wp-content\/uploads\/2021\/12\/san-vicente-comenzaron-las-obras-de-puesta-en-valor-de-la-plaza-lavalle.jpg\" class=\"ff-og-image-inserted\"><\/div>\n<ul>\n<li><strong>La inversi\u00f3n es de $47.707.781.<\/strong><\/li>\n<li><strong>Actualmente se avanza en la demolici\u00f3n del solado existente sobre calle Estados Unidos y su reemplazo correspondiente.<\/strong><\/li>\n<\/ul>\n<hr>\n<p>En el marco del plan de acciones desarrollado para la recuperaci\u00f3n de barrio San Vicente en su 150 aniversario, la Municipalidad de C\u00f3rdoba dio inicio a las obras de puesta en valor de la hist\u00f3rica plaza Lavalle.<\/p>\n<p>La Secretar\u00eda de Desarrollo Urbano es la encargada de las obras que comprenden el recambio del solado existente en las veredas perimetrales y de los senderos que dan al centro de la plaza. All\u00ed, se incorporar\u00e1n losetas gu\u00eda para personas no videntes, las esquinas se transformar\u00e1n en rampas para personas con discapacidad y se sumar\u00e1n nuevos puntos de luz para mayor seguridad y luminosidad.<\/p>\n<p>Al mismo tiempo, las veredas tendr\u00e1n una nueva disposici\u00f3n de canteros en sus cuatro aristas.<\/p>\n<p>Las \u00e1reas verdes contar\u00e1n con tres estaciones de juegos infantiles y dos deportivos con solado ecol\u00f3gico fabricado con caucho reciclado.<\/p>\n<p>Tambi\u00e9n se a\u00f1adir\u00e1n nuevos bancos, basureros, cestos de basura y carteles indicativos.<\/p>\n<p>Se modificar\u00e1 la forma de acceso a la construcci\u00f3n central de la plaza a la que actualmente se llega a trav\u00e9s de una escalera, garantizando la accesibilidad universal mediante el uso de una rampa. Tambi\u00e9n se revestir\u00e1 con revoque y pintura y se instalar\u00e1 un t\u00f3tem de hormig\u00f3n que referenciar\u00e1 el aniversario de barrio San Vicente.<\/p>\n<p>En el marco del plan de recuperaci\u00f3n de San Vicente, la Municipalidad restaur\u00f3 el hist\u00f3rico CPC el cual cuenta con nueva fachada e iluminaci\u00f3n, realiz\u00f3 la conexi\u00f3n hacia el centro a trav\u00e9s de la ciclov\u00eda, recuper\u00f3 la plaza Mariano Moreno y Urquiza, intervino con numerosas piezas art\u00edsticas visuales la avenida San Jer\u00f3nimo, orden\u00f3 las ferias sociales a partir de la creaci\u00f3n del Paseo de la Rep\u00fablica, entre otras acciones.<\/p>\n","protected":false},"excerpt":{"rendered":"<p>La inversi\u00f3n es de $47.707.781. Actualmente se avanza en la demolici\u00f3n del solado existente sobre calle Estados Unidos y su reemplazo correspondiente. En el marco del plan de acciones desarrollado para la recuperaci\u00f3n de barrio San Vicente en su 150 aniversario, la Municipalidad de C\u00f3rdoba dio inicio a las obras de puesta en valor de [&hellip;]<\/p>\n","protected":false},"author":1,"featured_media":34689,"comment_status":"closed","ping_status":"closed","sticky":false,"template":"","format":"standard","meta":[],"categories":[44],"tags":[],"_links":{"self":[{"href":"http:\/\/cordobadirecto.com\/index.php\/wp-json\/wp\/v2\/posts\/34688"}],"collection":[{"href":"http:\/\/cordobadirecto.com\/index.php\/wp-json\/wp\/v2\/posts"}],"about":[{"href":"http:\/\/cordobadirecto.com\/index.php\/wp-json\/wp\/v2\/types\/post"}],"author":[{"embeddable":true,"href":"http:\/\/cordobadirecto.com\/index.php\/wp-json\/wp\/v2\/users\/1"}],"replies":[{"embeddable":true,"href":"http:\/\/cordobadirecto.com\/index.php\/wp-json\/wp\/v2\/comments?post=34688"}],"version-history":[{"count":0,"href":"http:\/\/cordobadirecto.com\/index.php\/wp-json\/wp\/v2\/posts\/34688\/revisions"}],"wp:featuredmedia":[{"embeddable":true,"href":"http:\/\/cordobadirecto.com\/index.php\/wp-json\/wp\/v2\/media\/34689"}],"wp:attachment":[{"href":"http:\/\/cordobadirecto.com\/index.php\/wp-json\/wp\/v2\/media?parent=34688"}],"wp:term":[{"taxonomy":"category","embeddable":true,"href":"http:\/\/cordobadirecto.com\/index.php\/wp-json\/wp\/v2\/categories?post=34688"},{"taxonomy":"post_tag","embeddable":true,"href":"http:\/\/cordobadirecto.com\/index.php\/wp-json\/wp\/v2\/tags?post=34688"}],"curies":[{"name":"wp","href":"https:\/\/api.w.org\/{rel}","templated":true}]}}