{"id":3469,"date":"2021-03-22T03:11:15","date_gmt":"2021-03-22T03:11:15","guid":{"rendered":"http:\/\/cordobadirecto.com\/index.php\/2021\/03\/22\/ecofem-asi-sera-el-primer-centro-verde-inclusivo\/"},"modified":"2021-03-22T03:11:15","modified_gmt":"2021-03-22T03:11:15","slug":"ecofem-asi-sera-el-primer-centro-verde-inclusivo","status":"publish","type":"post","link":"http:\/\/cordobadirecto.com\/index.php\/2021\/03\/22\/ecofem-asi-sera-el-primer-centro-verde-inclusivo\/","title":{"rendered":"Ecofem: as\u00ed ser\u00e1 el primer Centro Verde inclusivo"},"content":{"rendered":"<p>La Municipalidad de <b>C\u00f3rdoba<\/b> lo inaugurar\u00e1 en barrio General Bustos. &#8230; y afirm\u00f3 que se trata de \u201cun <b>nuevo<\/b> espacio que va a vincular la <b>econom\u00eda<\/b>&nbsp;&#8230; <\/p>\n","protected":false},"excerpt":{"rendered":"<p>La Municipalidad de C\u00f3rdoba lo inaugurar\u00e1 en barrio General Bustos. &#8230; y afirm\u00f3 que se trata de \u201cun nuevo espacio que va a vincular la econom\u00eda&nbsp;&#8230;<\/p>\n","protected":false},"author":1,"featured_media":0,"comment_status":"closed","ping_status":"closed","sticky":false,"template":"","format":"standard","meta":[],"categories":[40],"tags":[],"_links":{"self":[{"href":"http:\/\/cordobadirecto.com\/index.php\/wp-json\/wp\/v2\/posts\/3469"}],"collection":[{"href":"http:\/\/cordobadirecto.com\/index.php\/wp-json\/wp\/v2\/posts"}],"about":[{"href":"http:\/\/cordobadirecto.com\/index.php\/wp-json\/wp\/v2\/types\/post"}],"author":[{"embeddable":true,"href":"http:\/\/cordobadirecto.com\/index.php\/wp-json\/wp\/v2\/users\/1"}],"replies":[{"embeddable":true,"href":"http:\/\/cordobadirecto.com\/index.php\/wp-json\/wp\/v2\/comments?post=3469"}],"version-history":[{"count":0,"href":"http:\/\/cordobadirecto.com\/index.php\/wp-json\/wp\/v2\/posts\/3469\/revisions"}],"wp:attachment":[{"href":"http:\/\/cordobadirecto.com\/index.php\/wp-json\/wp\/v2\/media?parent=3469"}],"wp:term":[{"taxonomy":"category","embeddable":true,"href":"http:\/\/cordobadirecto.com\/index.php\/wp-json\/wp\/v2\/categories?post=3469"},{"taxonomy":"post_tag","embeddable":true,"href":"http:\/\/cordobadirecto.com\/index.php\/wp-json\/wp\/v2\/tags?post=3469"}],"curies":[{"name":"wp","href":"https:\/\/api.w.org\/{rel}","templated":true}]}}