{"id":34692,"date":"2021-12-22T00:23:00","date_gmt":"2021-12-22T00:23:00","guid":{"rendered":"http:\/\/cordobadirecto.com\/index.php\/2021\/12\/22\/biden-dijo-que-quienes-estan-vacunados-no-tienen-que-alarmarse-por-la-cepa-omicron\/"},"modified":"2021-12-22T00:23:00","modified_gmt":"2021-12-22T00:23:00","slug":"biden-dijo-que-quienes-estan-vacunados-no-tienen-que-alarmarse-por-la-cepa-omicron","status":"publish","type":"post","link":"http:\/\/cordobadirecto.com\/index.php\/2021\/12\/22\/biden-dijo-que-quienes-estan-vacunados-no-tienen-que-alarmarse-por-la-cepa-omicron\/","title":{"rendered":"Biden dijo que quienes est\u00e1n vacunados no tienen que alarmarse por la cepa \u00d3micron"},"content":{"rendered":"<figure class=\"mb-3\"><img loading=\"lazy\" src=\"http:\/\/cordobadirecto.com\/wp-content\/uploads\/2021\/12\/biden-dijo-que-quienes-estan-vacunados-no-tienen-que-alarmarse-por-la-cepa-omicron.jpg\" width=\"100%\" height=\"100%\" alt=\"El presidente estadounidense dijo que los vacunados no tienen que alarmarse por micron Foto Archivo\"><figcaption> El presidente estadounidense dijo que los vacunados no tienen que alarmarse por \u00d3micron. Foto: Archivo <\/figcaption><\/figure>\n<p>El presidente de Estados Unidos, Joe Biden, asegur\u00f3 este martes que su pa\u00eds est\u00e1 &#8220;preparado&#8221; frente a la variante \u00d3micron del coronavirus y repiti\u00f3 que no hay motivos para &#8220;alarmarse&#8221;, al menos para los estadounidenses vacunados.<\/p>\n<p><strong>&#8220;Todos deber\u00edamos estar preocupados por \u00d3micron&#8221; pero &#8220;no alarmardos&#8221;<\/strong>, dijo en un discurso televisado desde la Casa Blanca, y agreg\u00f3: &#8220;Esto no es marzo de 2020, estamos listos&#8221;.<\/p>\n<p><strong>Hay &#8220;tres grandes diferencias&#8221; <\/strong>con el inicio de la pandemia: <strong>la existencia de las vacunas, la abundancia de equipos de protecci\u00f3n individual para el personal de salud que debe lidiar con el flujo de personas sin vacunar en los hospitales, y el saber acumulado sobre el virus<\/strong>, dijo Biden.<\/p>\n<div class=\"video_repositive\"> <a class=\"video_sticky\" href=\"javascript:void();\" onclick=\"removeStuckVideo(true);\"><i class=\"far fa-window-close\"><\/i><\/a> <\/p>\n<div id=\"KSoyUF0J8bk\" class=\"video_telam\" readability=\"6\">\n<div class=\"feature_article_inner\" readability=\"32\">\n<p><h2 class=\"text-center\">Biden dijo que quienes est\u00e1n vacunados no tienen que alarmarse por la cepa \u00d3micron<\/h2>\n<\/p><\/div>\n<p>VER VIDEO <i class=\"fas fa-play\"><\/i><\/p>\n<\/p><\/div><\/div>\n<p>El mandatario advirti\u00f3, sin embargo, a quienes no est\u00e1n completamente vacunados que tienen &#8220;buenos motivos para estar preocupados&#8221; y que es su &#8220;deber patri\u00f3tico&#8221; inmunizarse.<\/p>\n<p><strong>&#8220;Quienes decidan no vacunarse son responsables de sus propias decisiones, pero estas decisiones son alimentadas por la desinformaci\u00f3n en la televisi\u00f3n y las redes sociales&#8221;<\/strong>, lament\u00f3.<\/p>\n<p>En este sentido, Biden denunci\u00f3 el comportamiento &#8220;inmoral&#8221; de algunas empresas que generan beneficios al permitir la difusi\u00f3n de mentiras &#8220;que pueden matar a sus propios clientes&#8221;<\/p>\n<p>El mandatario alert\u00f3, adem\u00e1s, que las nuevas variantes de la Covid-19 pueden causar m\u00e1s muertes que las anteriores.<\/p>\n<p><strong>&#8220;Cuanto m\u00e1s tiempo est\u00e9 el virus, es m\u00e1s probable que se formen nuevas variantes, que pueden ser m\u00e1s mortales que las anteriores&#8221;<\/strong>, razon\u00f3 el mandatario.<\/p>\n<blockquote class=\"twitter-tweet\" readability=\"6.2958579881657\">\n<p lang=\"en\" dir=\"ltr\">Folks, Omicron cases are on the rise in the United States. I want to give you all a sense of where we are and what we know.<\/p>\n<p>\u2014 President Biden (@POTUS) <a href=\"https:\/\/twitter.com\/POTUS\/status\/1473107458801426433?ref_src=twsrc%5Etfw\">December 21, 2021<\/a><\/p><\/blockquote>\n<p>M\u00e1s temprano, la vocera del gobierno, Jen Psaki, hab\u00eda anticipado que el hilo del discurso radicar\u00eda en defender las pruebas de diagn\u00f3stico, la capacidad de vacunaci\u00f3n reforzada y medios suplementarios para los hospitales, pero sin nuevas restricciones antes de Navidad.<\/p>\n<p><strong>&#8220;No es necesario confinar nuestras escuelas ni nuestra econom\u00eda&#8221;,<\/strong> asegur\u00f3 un alto responsable de la Casa Blanca, antes del discurso presidencial.<\/p>\n<p>La comunidad cient\u00edfica internacional a\u00fan no est\u00e1 ciento por ciento segura de si \u00d3micron provoca una enfermedad m\u00e1s severa, pero s\u00ed de que las vacunas deber\u00edan ofrecer una buena protecci\u00f3n contra cuadros cl\u00ednicos complicados y evitar muertes.<\/p>\n<p><strong>El Gobierno prev\u00e9 desplegar en hospitales otros 1.000 m\u00e9dicos de las Fuerzas Armadas, as\u00ed como personal m\u00e9dico federal en algunos de los estados m\u00e1s afectados por el actual pico de invierno<\/strong>: Michigan, Indiana, Wisconsin, Arizona, New Hampshire y Vermont.<\/p>\n<p>Tambi\u00e9n planea enviar a los centros de salud m\u00e1s respiradores y equipos de la reserva nacional, adem\u00e1s de aumentar la capacidad de los hospitales para atender a pacientes infectados, dijo el funcionario, seg\u00fan la agencia de noticias AFP.<\/p>\n<p>Asimismo, el Gobierno comprar\u00e1 500 millones de test r\u00e1pidos de coronavirus que las personas pueden hacerse en sus domicilios para todos aquellos que los requieran a trav\u00e9s de una p\u00e1gina de internet creada a tal fin.<\/p>\n<p>Los test estar\u00e1n disponibles desde el mes que viene y llegar\u00e1n a los hogares por correo, dijo el funcionario.<\/p>\n<p>Tambi\u00e9n se abrir\u00e1n m\u00e1s centros p\u00fablicos de testeos y de vacunaci\u00f3n, con cientos de empleados adicionales.<\/p>\n<figure class=\"mb-3\"><img loading=\"lazy\" src=\"http:\/\/cordobadirecto.com\/wp-content\/uploads\/2021\/12\/biden-dijo-que-quienes-estan-vacunados-no-tienen-que-alarmarse-por-la-cepa-omicron-1.jpg\" width=\"100%\" height=\"100%\" alt=\"EEUU es el pas con ms fallecidos de Covid19 Foto Archivo\"><figcaption> EEUU es el pa\u00eds con m\u00e1s fallecidos de Covid-19. Foto. Archivo <\/figcaption><\/figure>\n<p><br open><strong>La nueva variante<\/strong>, una mutaci\u00f3n detectada a principios de noviembre en Sud\u00e1frica,<strong> fue responsable de 73,2% de los nuevos contagios de Covid-19 en Estados Unidos la semana pasada.<\/strong><\/p>\n<p>Estados Unidos, que ya acumula m\u00e1s de 800.000 muertos por coronavirus -una cifra sin parang\u00f3n en el mundo-, enfrenta desde hace semanas un aluvi\u00f3n de casos, que ya promedian los 126.000 diarios, 45% m\u00e1s que hace un mes.<\/p>\n<p>Las hospitalizaciones se sit\u00faan alrededor de las 67.000, un 40% m\u00e1s que hace un mes, y la ocupaci\u00f3n de camas en salas de terapia en torno a 78%, y uno de cada cinco internados en ellas tiene Covid-19.<\/p>\n<p>Las muertes promedian las 1.300, un aumento de 12% comparado con el mes anterior.<\/p>\n<p><strong>&#8220;Creo que nadie esperaba que se propagara tan r\u00e1pidamente&#8221;,<\/strong> afirm\u00f3 Biden en su alocuci\u00f3n.<\/p>\n<p>El presidente tambi\u00e9n declar\u00f3 que &#8220;considera&#8221; levantar las restricciones de viaje para ocho pa\u00edses africanos, el continente en donde apareci\u00f3 por primera vez la variante, ya que \u00d3micron se encuentra ahora en el mundo entero.<\/p>\n<p><strong>&#8220;S\u00e9 que est\u00e1n cansados, y s\u00e9 que est\u00e1n frustrados, todos queremos que acabe (la pandemia), pero seguimos inmersos en ello&#8221;,<\/strong> concluy\u00f3.<\/p>\n<p>En un reflejo de lo difundido que est\u00e1 el virus, en las horas previas a este discurso el alerta por un posible contagio lleg\u00f3 hasta el mismo Biden.<\/p>\n<p>La Casa Blanca dijo anoche que el presidente hab\u00eda estado en estrecho contacto con un miembro del personal de la Casa Blanca que luego dio positivo en coronavirus.<\/p>\n<p>El contagiado estuvo media hora cerca de Biden en el avi\u00f3n presidencial Air Force One durante un vuelo el viernes pasado.<\/p>\n<p>El infectado estaba vacunado con dos dosis y con una de refuerzo y dio positivo ayer, dijo Psaki.<\/p>\n<p>La vocera dijo que Biden dio negativo dos veces desde el domingo y que se testar\u00e1 otra vez ma\u00f1ana.<\/p>\n<p>El presidente no tiene que hacer cuarentena, dijo la vocera, citando las recomendaciones de la autoridad sanitaria federal. <\/p>\n","protected":false},"excerpt":{"rendered":"<p>El presidente estadounidense dijo que los vacunados no tienen que alarmarse por \u00d3micron. Foto: Archivo El presidente de Estados Unidos, Joe Biden, asegur\u00f3 este martes que su pa\u00eds est\u00e1 &#8220;preparado&#8221; frente a la variante \u00d3micron del coronavirus y repiti\u00f3 que no hay motivos para &#8220;alarmarse&#8221;, al menos para los estadounidenses vacunados. &#8220;Todos deber\u00edamos estar preocupados [&hellip;]<\/p>\n","protected":false},"author":1,"featured_media":34693,"comment_status":"closed","ping_status":"closed","sticky":false,"template":"","format":"standard","meta":[],"categories":[24],"tags":[],"_links":{"self":[{"href":"http:\/\/cordobadirecto.com\/index.php\/wp-json\/wp\/v2\/posts\/34692"}],"collection":[{"href":"http:\/\/cordobadirecto.com\/index.php\/wp-json\/wp\/v2\/posts"}],"about":[{"href":"http:\/\/cordobadirecto.com\/index.php\/wp-json\/wp\/v2\/types\/post"}],"author":[{"embeddable":true,"href":"http:\/\/cordobadirecto.com\/index.php\/wp-json\/wp\/v2\/users\/1"}],"replies":[{"embeddable":true,"href":"http:\/\/cordobadirecto.com\/index.php\/wp-json\/wp\/v2\/comments?post=34692"}],"version-history":[{"count":0,"href":"http:\/\/cordobadirecto.com\/index.php\/wp-json\/wp\/v2\/posts\/34692\/revisions"}],"wp:featuredmedia":[{"embeddable":true,"href":"http:\/\/cordobadirecto.com\/index.php\/wp-json\/wp\/v2\/media\/34693"}],"wp:attachment":[{"href":"http:\/\/cordobadirecto.com\/index.php\/wp-json\/wp\/v2\/media?parent=34692"}],"wp:term":[{"taxonomy":"category","embeddable":true,"href":"http:\/\/cordobadirecto.com\/index.php\/wp-json\/wp\/v2\/categories?post=34692"},{"taxonomy":"post_tag","embeddable":true,"href":"http:\/\/cordobadirecto.com\/index.php\/wp-json\/wp\/v2\/tags?post=34692"}],"curies":[{"name":"wp","href":"https:\/\/api.w.org\/{rel}","templated":true}]}}