{"id":34694,"date":"2021-12-21T23:46:00","date_gmt":"2021-12-21T23:46:00","guid":{"rendered":"http:\/\/cordobadirecto.com\/index.php\/2021\/12\/21\/espana-padece-otro-record-de-casos-y-teme-por-la-variante-omicron\/"},"modified":"2021-12-21T23:46:00","modified_gmt":"2021-12-21T23:46:00","slug":"espana-padece-otro-record-de-casos-y-teme-por-la-variante-omicron","status":"publish","type":"post","link":"http:\/\/cordobadirecto.com\/index.php\/2021\/12\/21\/espana-padece-otro-record-de-casos-y-teme-por-la-variante-omicron\/","title":{"rendered":"Espa\u00f1a padece otro r\u00e9cord de casos y teme por la variante \u00d3micron"},"content":{"rendered":"<figure class=\"mb-3\"><img loading=\"lazy\" src=\"http:\/\/cordobadirecto.com\/wp-content\/uploads\/2021\/12\/espana-padece-otro-record-de-casos-y-teme-por-la-variante-omicron.jpg\" width=\"100%\" height=\"100%\" alt=\"Con la llegada del invierno aumentan los casos de covid en Espaa Foto archivo\"><figcaption> Con la llegada del invierno aumentan los casos de covid en Espa\u00f1a. Foto: archivo <\/figcaption><\/figure>\n<p>Espa\u00f1a registr\u00f3 este martes <strong>49.823 contagios por coronavirus en 24 horas, la mayor cifra desde el inicio de la pandemi<\/strong>a, mientras la variante \u00d3micron, de mayor contagiosidad y supers\u00f3nica propagaci\u00f3n, representa casi la mitad de los nuevos casos, inform\u00f3 el Ministerio de Sanidad.<\/p>\n<p>El \u00faltimo r\u00e9cord era de 39.000 casos en 24 horas y se alcanz\u00f3 el pasado 13 de enero, en uno de los pa\u00edses m\u00e1s afectados por la primera ola de la enfermedad que sigue estragando al mundo, ahora con el temor adicional por la irrupci\u00f3n de la nueva cepa originaria de Sud\u00e1frica.<\/p>\n<p><strong>Entre el 6 y el 12 de diciembre, el 47% de los nuevos contagios se debi\u00f3 a \u00d3micron<\/strong>, seg\u00fan los \u00faltimos datos oficiales.<\/p>\n<p>En cuanto a la incidencia, este martes alcanz\u00f3 695 casos por cada 100.000 habitantes en 14 d\u00edas.<\/p>\n<p>Varios pa\u00edses decidieron endurecer sus restricciones sanitarias por la irrupci\u00f3n \u00d3micron, que es ahora dominante en Dinamarca, mientras que en Estados Unidos represent\u00f3 el 73,2% de las nuevas infecciones en la semana que termin\u00f3 el 18 de diciembre, rese\u00f1\u00f3 la agencia de noticias AFP.<\/p>\n<p>Espa\u00f1a, con cerca de 47 millones de habitantes, suma un total de 5.585.054 infecciones y casi 89.000 muertes desde el inicio del flagelo.<\/p>\n<p><strong>El presidente del Ejecutivo, Pedro S\u00e1nchez, se reunir\u00e1 este mi\u00e9rcoles con sus pares de las regiones competentes en materia sanitaria a fin de estudiar medidas adicionales <\/strong>para hacer frente a este alarmante rebrote.<\/p>\n<blockquote class=\"twitter-tweet\" readability=\"5.3225806451613\">\n<p lang=\"es\" dir=\"ltr\">\ud83d\udce2Actualizaci\u00f3n de datos de <a href=\"https:\/\/twitter.com\/hashtag\/COVID19?src=hash&amp;ref_src=twsrc%5Etfw\">#COVID19<\/a><a href=\"https:\/\/t.co\/ruSojqZcy8\">https:\/\/t.co\/ruSojqZcy8<\/a><\/p>\n<p>\ud83d\ude37Infograf\u00edas y otros materiales sobre el coronavirus:<a href=\"https:\/\/t.co\/kyYeapDC2N\">https:\/\/t.co\/kyYeapDC2N<\/a><\/p>\n<p>\u00a1Prot\u00e9gete y protege a los dem\u00e1s!<a href=\"https:\/\/twitter.com\/hashtag\/YoMeVacunoSeguro?src=hash&amp;ref_src=twsrc%5Etfw\">#YoMeVacunoSeguro<\/a> <a href=\"https:\/\/t.co\/RZSqjY8E8t\">pic.twitter.com\/RZSqjY8E8t<\/a><\/p>\n<p>\u2014 Ministerio de Sanidad (@sanidadgob) <a href=\"https:\/\/twitter.com\/sanidadgob\/status\/1473385929847017474?ref_src=twsrc%5Etfw\">December 21, 2021<\/a><\/p><\/blockquote>\n<p>Catalu\u00f1a, una de las regiones m\u00e1s pobladas del pa\u00eds, anunci\u00f3 que pedir\u00e1 a la Justicia la autorizaci\u00f3n para aplicar nuevas restricciones, como el toque de queda de 1 a 6 de la ma\u00f1ana y el cierre de discotecas a partir del jueves a la noche.<\/p>\n<p><strong>\u201cHace falta reducir la interacci\u00f3n y la movilidad, y es por eso que trabajamos en implementar en los pr\u00f3ximos d\u00edas el toque de queda\u201d<\/strong>, dijo la vocera del Gobierno catal\u00e1n, Patricia Plaja.<\/p>\n<p>Sin embargo, la posici\u00f3n sobre qu\u00e9 medidas tomar est\u00e1 dividida en Espa\u00f1a.<\/p>\n<p><strong>Los gobernadores de Asturias, Arag\u00f3n, Baleares, Extremadura, Madrid y Murcia mantienen una posici\u00f3n esc\u00e9ptica sobre implementar nuevas medidas<\/strong>, consign\u00f3 la agencia de noticias Europa Press.<\/p>\n<p>Por su parte, las regiones de Andaluc\u00eda, Arag\u00f3n, Murcia y Catalu\u00f1a tambi\u00e9n piden al Gobierno que ponga en marcha un Fondo Covid para el a\u00f1o 2022.<\/p>\n<p>En las \u00faltimas semanas, algunas autoridades regionales ampliaron el uso del pase sanitario para acceder a lugares p\u00fablicos.<\/p>\n<p>Espa\u00f1a es uno de los pa\u00edses con la mayor tasa de vacunaci\u00f3n, con un 89,7% de la poblaci\u00f3n mayor de 12 a\u00f1os ya totalmente inoculada, y es uno de los primeros pa\u00edses de Europa en aplicar la inyecci\u00f3n a ni\u00f1os de 5 a 11 a\u00f1os, el 15 de diciembre. <\/p>\n","protected":false},"excerpt":{"rendered":"<p>Con la llegada del invierno aumentan los casos de covid en Espa\u00f1a. Foto: archivo Espa\u00f1a registr\u00f3 este martes 49.823 contagios por coronavirus en 24 horas, la mayor cifra desde el inicio de la pandemia, mientras la variante \u00d3micron, de mayor contagiosidad y supers\u00f3nica propagaci\u00f3n, representa casi la mitad de los nuevos casos, inform\u00f3 el Ministerio [&hellip;]<\/p>\n","protected":false},"author":1,"featured_media":34695,"comment_status":"closed","ping_status":"closed","sticky":false,"template":"","format":"standard","meta":[],"categories":[24],"tags":[],"_links":{"self":[{"href":"http:\/\/cordobadirecto.com\/index.php\/wp-json\/wp\/v2\/posts\/34694"}],"collection":[{"href":"http:\/\/cordobadirecto.com\/index.php\/wp-json\/wp\/v2\/posts"}],"about":[{"href":"http:\/\/cordobadirecto.com\/index.php\/wp-json\/wp\/v2\/types\/post"}],"author":[{"embeddable":true,"href":"http:\/\/cordobadirecto.com\/index.php\/wp-json\/wp\/v2\/users\/1"}],"replies":[{"embeddable":true,"href":"http:\/\/cordobadirecto.com\/index.php\/wp-json\/wp\/v2\/comments?post=34694"}],"version-history":[{"count":0,"href":"http:\/\/cordobadirecto.com\/index.php\/wp-json\/wp\/v2\/posts\/34694\/revisions"}],"wp:featuredmedia":[{"embeddable":true,"href":"http:\/\/cordobadirecto.com\/index.php\/wp-json\/wp\/v2\/media\/34695"}],"wp:attachment":[{"href":"http:\/\/cordobadirecto.com\/index.php\/wp-json\/wp\/v2\/media?parent=34694"}],"wp:term":[{"taxonomy":"category","embeddable":true,"href":"http:\/\/cordobadirecto.com\/index.php\/wp-json\/wp\/v2\/categories?post=34694"},{"taxonomy":"post_tag","embeddable":true,"href":"http:\/\/cordobadirecto.com\/index.php\/wp-json\/wp\/v2\/tags?post=34694"}],"curies":[{"name":"wp","href":"https:\/\/api.w.org\/{rel}","templated":true}]}}