{"id":34753,"date":"2021-12-22T11:07:58","date_gmt":"2021-12-22T11:07:58","guid":{"rendered":"http:\/\/cordobadirecto.com\/index.php\/2021\/12\/22\/historico-barracas-se-impuso-en-los-penales-y-ascendio-a-la-liga-profesional\/"},"modified":"2021-12-22T11:07:58","modified_gmt":"2021-12-22T11:07:58","slug":"historico-barracas-se-impuso-en-los-penales-y-ascendio-a-la-liga-profesional","status":"publish","type":"post","link":"http:\/\/cordobadirecto.com\/index.php\/2021\/12\/22\/historico-barracas-se-impuso-en-los-penales-y-ascendio-a-la-liga-profesional\/","title":{"rendered":"Hist\u00f3rico: Barracas se impuso en los penales y ascendi\u00f3 a la Liga Profesional"},"content":{"rendered":"<figure class=\"mb-3\"><img loading=\"lazy\" src=\"http:\/\/cordobadirecto.com\/wp-content\/uploads\/2021\/12\/historico-barracas-se-impuso-en-los-penales-y-ascendio-a-la-liga-profesional.jpg\" width=\"100%\" height=\"100%\" alt=\"Foto Ramiro Gmez\"><figcaption> Foto: Ramiro G\u00f3mez. <\/figcaption><\/figure>\n<p>Barracas Central obtuvo un hist\u00f3rico ascenso, luego de 87 a\u00f1os, a la primera divisi\u00f3n del f\u00fatbol argentino, despu\u00e9s de superar en la tanda de penales a Quilmes (5-4) en la final del Reducido de la Primera Nacional de f\u00fatbol.<\/p>\n<p>En cancha de Racing Club, con m\u00e1s de 25 mil personas en las tribunas, el equipo \u2018rojiblanco\u2019 logr\u00f3 la consagraci\u00f3n por su mayor eficacia en los lanzamientos desde el punto del penal, luego de un encuentro que finaliz\u00f3 empatado 0-0 en el per\u00edodo regular.<\/p>\n<p>El club de Parque de los Patricios, que hab\u00eda alcanzado el acceso a Primera en 1919 (all\u00e1 en el amateurismo del f\u00fatbol local), al ganar el torneo de Intermedia, se erige de esta manera en el habitante n\u00famero 28 de la Liga Profesional de f\u00fatbol temporada 2022 (el primer ascenso fue para Tigre).<\/p>\n<figure class=\"mb-3\"><img loading=\"lazy\" src=\"http:\/\/cordobadirecto.com\/wp-content\/uploads\/2021\/12\/historico-barracas-se-impuso-en-los-penales-y-ascendio-a-la-liga-profesional-1.jpg\" width=\"100%\" height=\"100%\" alt=\"Foto Ramiro Gmez\"><figcaption> Foto: Ramiro G\u00f3mez. <\/figcaption><\/figure>\n<figure class=\"mb-3\"><img loading=\"lazy\" src=\"http:\/\/cordobadirecto.com\/wp-content\/uploads\/2021\/12\/historico-barracas-se-impuso-en-los-penales-y-ascendio-a-la-liga-profesional-2.jpg\" width=\"100%\" height=\"100%\" alt=\"Foto Ramiro Gmez\"><figcaption> Foto: Ramiro G\u00f3mez. <\/figcaption><\/figure>\n<p>El conjunto dirigido por el relator deportivo Rodolfo De Paoli, que hab\u00eda perdido la primera final por el ascenso ante Tigre (0-1) en noviembre \u00faltimo, exhibi\u00f3 infalibilidad en los penales.<\/p>\n<p>Por su lado, Quilmes, que buscaba coronar el duod\u00e9cimo ascenso a la elite del f\u00fatbol argentino, lament\u00f3 el remate desviado de Rafael Barrios, el \u00fanico fallado en la serie de diez disparos.<\/p>\n<figure class=\"mb-3\"><img loading=\"lazy\" src=\"http:\/\/cordobadirecto.com\/wp-content\/uploads\/2021\/12\/historico-barracas-se-impuso-en-los-penales-y-ascendio-a-la-liga-profesional-3.jpg\" width=\"100%\" height=\"100%\" alt=\"Foto Ramiro Gmez\"><figcaption> Foto: Ramiro G\u00f3mez. <\/figcaption><\/figure>\n<figure class=\"mb-3\"><img loading=\"lazy\" src=\"http:\/\/cordobadirecto.com\/wp-content\/uploads\/2021\/12\/historico-barracas-se-impuso-en-los-penales-y-ascendio-a-la-liga-profesional-4.jpg\" width=\"100%\" height=\"100%\" alt=\"Foto Ramiro Gmez\"><figcaption> Foto: Ramiro G\u00f3mez. <\/figcaption><\/figure>\n<p>Un arranque fren\u00e9tico en Avellaneda. Los dos equipos intentaron presionar alto y asumir riesgos desde el comienzo.<\/p>\n<p>Barracas Central, con un dibujo t\u00e1ctico que mut\u00f3 del 4-4-1-1 a un cl\u00e1sico 4-4-2, cuando V\u00e1zquez se adelant\u00f3 unos metros y busc\u00f3 inquietar por izquierda.<\/p>\n<p>El conjunto \u2018cervecero\u2019 apost\u00f3 a un planteo m\u00e1s previsible, con el colombiano Machado movi\u00e9ndose por derecha y Bonetto haci\u00e9ndolo por izquierda.<\/p>\n<p>Pero a los dos les falt\u00f3 un \u2018cerebro\u2019 para administrar el bal\u00f3n, hacer la pausa y generar esos pases quir\u00fargicos que pudieran inquietar.<\/p>\n<figure class=\"mb-3\"><img loading=\"lazy\" src=\"http:\/\/cordobadirecto.com\/wp-content\/uploads\/2021\/12\/historico-barracas-se-impuso-en-los-penales-y-ascendio-a-la-liga-profesional-5.jpg\" width=\"100%\" height=\"100%\" alt=\"Foto Ramiro Gmez\"><figcaption> Foto: Ramiro G\u00f3mez. <\/figcaption><\/figure>\n<figure class=\"mb-3\"><img loading=\"lazy\" src=\"http:\/\/cordobadirecto.com\/wp-content\/uploads\/2021\/12\/historico-barracas-se-impuso-en-los-penales-y-ascendio-a-la-liga-profesional-6.jpg\" width=\"100%\" height=\"100%\" alt=\"Foto Ramiro Gmez\"><figcaption> Foto: Ramiro G\u00f3mez. <\/figcaption><\/figure>\n<p>A los 22 minutos, la primera jugada pol\u00e9mica, cuando Garc\u00eda Basso empuj\u00f3 dentro del \u00e1rea a Albertengo y el \u00e1rbitro neuquino Dar\u00edo Herrera evit\u00f3 sancionar el correspondiente penal. Sesenta segundos m\u00e1s tarde, en el arco contrario, el \u00e1rbitro asistente Cristian Navarro levant\u00f3 la bandera por una posici\u00f3n prohibida de Silva en el arranque de la jugada, cuando el colombiano Machado convert\u00eda.<\/p>\n<p>El encuentro se anim\u00f3 un poco m\u00e1s y los dirigidos por De Paoli tuvieron una clara, con un cabezazo de Gonzalo Paz que se estrell\u00f3 en el travesa\u00f1o (el arquero Saracho alcanz\u00f3 a rozarla), luego de un buen centro del \u2018Mudo\u2019 V\u00e1zquez, quien ya se erig\u00eda en preocupaci\u00f3n para un desbordado Rafael Barrios.<\/p>\n<p>Precisamente, el exdefensor de Defensa y Justicia y Nueva Chicago dispuso de una oportunidad clar\u00edsima para el \u2018Cervecero\u2019 (32m.), cuando no pudo conectar con eficacia, un rebote que otorg\u00f3 el arquero Gagliardo tras una maniobra de pelota detenida que comprendi\u00f3 un cabezazo hacia su valla de un defensor de Barracas.<\/p>\n<p>Un nuevo c\u00f3rner le permiti\u00f3 a los de Facundo Sava disponer de otra chance n\u00edtida, con un frentazo de Pavone que le sac\u00f3 chispas al parante derecho (36m.).<\/p>\n<figure class=\"mb-3\"><img loading=\"lazy\" src=\"http:\/\/cordobadirecto.com\/wp-content\/uploads\/2021\/12\/historico-barracas-se-impuso-en-los-penales-y-ascendio-a-la-liga-profesional-7.jpg\" width=\"100%\" height=\"100%\" alt=\"Foto Ramiro Gmez\"><figcaption> Foto: Ramiro G\u00f3mez. <\/figcaption><\/figure>\n<figure class=\"mb-3\"><img loading=\"lazy\" src=\"http:\/\/cordobadirecto.com\/wp-content\/uploads\/2021\/12\/historico-barracas-se-impuso-en-los-penales-y-ascendio-a-la-liga-profesional-8.jpg\" width=\"100%\" height=\"100%\" alt=\"Foto Ramiro Gmez\"><figcaption> Foto: Ramiro G\u00f3mez. <\/figcaption><\/figure>\n<p>Luego de las conversaciones en vestuarios, el juego no modific\u00f3 su t\u00f3nica. Barracas busc\u00f3 controlar mejor el bal\u00f3n y arribar en forma asociada. Quilmes, por su lado, continu\u00f3 apostando a un ataque m\u00e1s directo, con volantes y laterales que se lanzaban escalonadamente por las bandas.<\/p>\n<p>Pero el ritmo vertiginoso del primer tiempo troc\u00f3 en una brisa desprolija con dos protagonistas que empezaron a experimentar cansancio y lo m\u00e1s importante: el miedo a equivocarse feo en un encuentro de esta magnitud.<\/p>\n<p>Entonces, el desarrollo se volvi\u00f3 anodino, con demasiadas imprecisiones de un lado y del otro. Naturalmente, la definici\u00f3n se fue para los penales y all\u00ed Barracas Central exhibi\u00f3 la templanza justa para la consagraci\u00f3n y la alegr\u00eda absoluta.<\/p>\n<figure class=\"mb-3\"><img loading=\"lazy\" src=\"http:\/\/cordobadirecto.com\/wp-content\/uploads\/2021\/12\/historico-barracas-se-impuso-en-los-penales-y-ascendio-a-la-liga-profesional-9.jpg\" width=\"100%\" height=\"100%\" alt=\"Foto Ramiro Gmez\"><figcaption> Foto: Ramiro G\u00f3mez. <\/figcaption><\/figure>\n<h2 class>S\u00edntesis<\/h2>\n<p><strong>Barracas Central:<\/strong> Maximiliano Gagliardo; Axel Bord\u00f3n, Bruno Cabrera, Fernando Gonz\u00e1lez y Gonzalo Paz; Dylan Glaby, Carlos Arce, Iv\u00e1n Tapia y Lucas Colitto; Juan Manuel V\u00e1zquez; Mauro Albertengo. DT: Rodolfo De Paoli.<\/p>\n<p><strong>Suplentes:<\/strong> Mariano Monllor, Andr\u00e9s Imperiale, Mat\u00edas Acu\u00f1a, Enzo Daniel Mart\u00ednez, Mat\u00edas La Mastra y Facundo Stable.<\/p>\n<p>Quilmes: Rodrigo Saracho; Rafael Barrios, Pier Barrios, Agust\u00edn Garc\u00eda Basso y Agust\u00edn Bindella; Juli\u00e1n Bonetto, Adri\u00e1n Calello, Facundo Silva, Camilo Machado; Facundo Pons y Mariano Pavone. DT: Facundo Sava.<\/p>\n<p><strong>Suplentes:<\/strong> Mat\u00edas Budi\u00f1o, Ramiro Arias, Mat\u00edas Villarreal y Mariano Barbieri.<\/p>\n<p><strong>Definici\u00f3n por penales:<\/strong> Barracas Central 5 (convirtieron Tapia, Colitto, Estigarribia, Paz y Valenzuela)-Quilmes 4 (anotaron Anselmo, Ortega, Garc\u00eda Basso y Moreno. Rafael Barrios desvi\u00f3 el remate).<\/p>\n<p><strong>Cambios en el segundo tiempo:<\/strong> 20m. Fernando Valenzuela por Albertengo (BC); 21m. Federico Anselmo por Pons y Tom\u00e1s Bottari por Silva (Q); 24m. Leonel Buter por J. M. V\u00e1zquez (BC); 32m. Tom\u00e1s Blanco por Pavone (Q); 33m. Mart\u00edn Ortega por Bonetto (Q); 43m. Emanuel Moreno por Calello (Q) y 45+2m. Germ\u00e1n Estigarribia por Cabrera (BC).<\/p>\n<p><strong>Amonestados: <\/strong>Silva, Machado y Calello (Q). Buter, Cabrera y Fernando Gonz\u00e1lez (BC).<\/p>\n<p><strong>\u00c1rbitro:<\/strong> Dar\u00edo Herrera.<\/p>\n<p><strong>Cancha:<\/strong> Racing Club<\/p>\n<h2 class>La previa en las tribunas<\/h2>\n<p>Fotos: Ramiro G\u00f3mez. <\/p>\n","protected":false},"excerpt":{"rendered":"<p>Foto: Ramiro G\u00f3mez. Barracas Central obtuvo un hist\u00f3rico ascenso, luego de 87 a\u00f1os, a la primera divisi\u00f3n del f\u00fatbol argentino, despu\u00e9s de superar en la tanda de penales a Quilmes (5-4) en la final del Reducido de la Primera Nacional de f\u00fatbol. En cancha de Racing Club, con m\u00e1s de 25 mil personas en las [&hellip;]<\/p>\n","protected":false},"author":1,"featured_media":34754,"comment_status":"closed","ping_status":"closed","sticky":false,"template":"","format":"standard","meta":[],"categories":[21],"tags":[],"_links":{"self":[{"href":"http:\/\/cordobadirecto.com\/index.php\/wp-json\/wp\/v2\/posts\/34753"}],"collection":[{"href":"http:\/\/cordobadirecto.com\/index.php\/wp-json\/wp\/v2\/posts"}],"about":[{"href":"http:\/\/cordobadirecto.com\/index.php\/wp-json\/wp\/v2\/types\/post"}],"author":[{"embeddable":true,"href":"http:\/\/cordobadirecto.com\/index.php\/wp-json\/wp\/v2\/users\/1"}],"replies":[{"embeddable":true,"href":"http:\/\/cordobadirecto.com\/index.php\/wp-json\/wp\/v2\/comments?post=34753"}],"version-history":[{"count":0,"href":"http:\/\/cordobadirecto.com\/index.php\/wp-json\/wp\/v2\/posts\/34753\/revisions"}],"wp:featuredmedia":[{"embeddable":true,"href":"http:\/\/cordobadirecto.com\/index.php\/wp-json\/wp\/v2\/media\/34754"}],"wp:attachment":[{"href":"http:\/\/cordobadirecto.com\/index.php\/wp-json\/wp\/v2\/media?parent=34753"}],"wp:term":[{"taxonomy":"category","embeddable":true,"href":"http:\/\/cordobadirecto.com\/index.php\/wp-json\/wp\/v2\/categories?post=34753"},{"taxonomy":"post_tag","embeddable":true,"href":"http:\/\/cordobadirecto.com\/index.php\/wp-json\/wp\/v2\/tags?post=34753"}],"curies":[{"name":"wp","href":"https:\/\/api.w.org\/{rel}","templated":true}]}}