{"id":34785,"date":"2021-12-22T11:08:31","date_gmt":"2021-12-22T11:08:31","guid":{"rendered":"http:\/\/cordobadirecto.com\/index.php\/2021\/12\/22\/abel-pintos-chango-spasiuk-y-facundo-ramirez-celebraran-a-ariel-ramirez-en-el-colon\/"},"modified":"2021-12-22T11:08:31","modified_gmt":"2021-12-22T11:08:31","slug":"abel-pintos-chango-spasiuk-y-facundo-ramirez-celebraran-a-ariel-ramirez-en-el-colon","status":"publish","type":"post","link":"http:\/\/cordobadirecto.com\/index.php\/2021\/12\/22\/abel-pintos-chango-spasiuk-y-facundo-ramirez-celebraran-a-ariel-ramirez-en-el-colon\/","title":{"rendered":"Abel Pintos, Chango Spasiuk y Facundo Ram\u00edrez celebrar\u00e1n a Ariel Ram\u00edrez en el Col\u00f3n"},"content":{"rendered":"<figure class=\"mb-3\"><img loading=\"lazy\" src=\"http:\/\/cordobadirecto.com\/wp-content\/uploads\/2021\/12\/abel-pintos-chango-spasiuk-y-facundo-ramirez-celebraran-a-ariel-ramirez-en-el-colon.jpg\" width=\"100%\" height=\"100%\" alt=\"Abel Pintos ser solista junto a Chango Spasiuk en acorden interpretando la Misa Criolla y la Navidad Nuestra\"><figcaption> Abel Pintos ser\u00e1 solista junto a Chango Spasiuk en acorde\u00f3n, interpretando la \u201cMisa Criolla\u201d y la \u201cNavidad Nuestra!\u201d. <\/figcaption><\/figure>\n<p>El Teatro Col\u00f3n celebrar\u00e1 este mi\u00e9rcoles a las 20, los <strong>100 a\u00f1os del nacimiento de Ariel Ram\u00edrez<\/strong>, con un concierto del que participar\u00e1n <strong>Abel Pintos<\/strong> como solista junto a <strong>Chango Spasiuk<\/strong> en acorde\u00f3n y al <strong>Coro Estable y el Coro de Ni\u00f1os del Teatro Col\u00f3n<\/strong> interpretando la <strong>\u201cMisa Criolla\u201d <\/strong>y<strong> la \u201cNavidad Nuestra!\u201d<\/strong>, bajo la direcci\u00f3n de <strong>Facundo Ram\u00edrez<\/strong>.<\/p>\n<p>En v\u00edsperas de la Nochebuena y la Navidad, el sentido homenaje a uno de los grandes compositores argentinos tambi\u00e9n podr\u00e1 verse en vivo a trav\u00e9s de <a href=\"http:\/\/www.teatrocolon.org.ar\" target=\"_blank\" rel=\"noopener\">www.teatrocolon.org.ar<\/a> y las redes oficiales del teatro (Facebook, Youtube y Twitch) .<\/p>\n<p>Las entradas est\u00e1n a la venta y podr\u00e1n adquirirse de manera online a trav\u00e9s de <a href=\"http:\/\/www.teatrocolon.org.ar\" target=\"_blank\" rel=\"noopener\">www.teatrocolon.org.ar<\/a>, y de forma presencial en la boleter\u00eda de Tu Entrada que funciona en Viamonte 560 (Local 5) de lunes a viernes de 10 a 16.<\/p>\n<figure class=\"mb-3\"><img loading=\"lazy\" src=\"http:\/\/cordobadirecto.com\/wp-content\/uploads\/2021\/12\/abel-pintos-chango-spasiuk-y-facundo-ramirez-celebraran-a-ariel-ramirez-en-el-colon-1.jpg\" width=\"100%\" height=\"100%\" alt=\"Las entradas para el tributo de maana se encuentran a la venta y podrn adquirirse de manera online\"><figcaption> Las entradas para el tributo de ma\u00f1ana se encuentran a la venta y podr\u00e1n adquirirse de manera online. <\/figcaption><\/figure>\n<p><br open> Ariel Ram\u00edrez (1921-2010) fue un m\u00fasico, compositor y pianista de extensa trayectoria, difusor de la cultura tradicional a trav\u00e9s de una amplia discograf\u00eda y de sus actuaciones al frente de su compa\u00f1\u00eda de folclore desde 1955 hasta 1980.<\/p>\n<p>Fue autor de numerosas canciones criollistas populares y de la \u201cMisa Criolla\u201d, una de las obras m\u00e1s importantes de la m\u00fasica argentina.<\/p>\n<p>Entre sus creaciones m\u00e1s significativas figuran <strong>&#8220;La peregrinaci\u00f3n&#8221;, &#8220;Los caudillos&#8221;, la &#8220;Cantata Sudamericana&#8221;, &#8220;Antiguo due\u00f1o de las flechas (indio toba)&#8221; <\/strong>y la enorme <strong>&#8220;Mujeres argentinas&#8221;,<\/strong> surcada por los temas <strong>&#8220;Alfonsina y el mar&#8221;, &#8220;Juana Azurduy&#8221;, &#8220;Gringa chaque\u00f1a&#8221;, &#8220;Rosarito Vera, maestra&#8221;, &#8220;Dorotea, la cautiva&#8221;, &#8220;Manuela, la tucumana&#8221;, &#8220;Las cartas de Guadalupe&#8221; <\/strong>y<strong> &#8220;En casa de Mariquita&#8221;<\/strong>, cuya primera voz fuera <strong>Mercedes Sosa<\/strong> para el \u00e1lbum hom\u00f3nimo de 1969.<\/p>\n<figure class=\"mb-3\"><img loading=\"lazy\" src=\"http:\/\/cordobadirecto.com\/wp-content\/uploads\/2021\/12\/abel-pintos-chango-spasiuk-y-facundo-ramirez-celebraran-a-ariel-ramirez-en-el-colon-2.jpg\" width=\"100%\" height=\"100%\" alt=\"En vsperas de la Nochebuena y la Navidad el sentido homenaje a uno de los grandes compositores argentinos tambin podr verse online\"><figcaption> En v\u00edsperas de la Nochebuena y la Navidad, el sentido homenaje a uno de los grandes compositores argentinos tambi\u00e9n podr\u00e1 verse online. <\/figcaption><\/figure>\n<p><br open> Pero, adem\u00e1s, Ram\u00edrez puso su inspirado piano en conexi\u00f3n con otros poetas como <strong>Guiche Aizemberg (&#8220;Los inundados&#8221; y &#8220;Tr\u00edptico mocov\u00ed&#8221;), Miguel Brasc\u00f3 (&#8220;Agua y sol del Paran\u00e1&#8221;) <\/strong>o<strong> Armando Tejada G\u00f3mez (&#8220;Volver\u00e9 siempre a San Juan&#8221; <\/strong>y<strong> &#8220;All\u00e1 lejos y hace tiempo&#8221;)<\/strong>, entre otras experiencias notables.<\/p>\n<p>Fue elegido presidente de la Sociedad Argentina de Autores y Compositores de M\u00fasica (Sadaic) en cinco per\u00edodos.<\/p>\n<p>Las entradas para el tributo de este mi\u00e9rcoles se encuentran a la venta y podr\u00e1n adquirirse de manera online a trav\u00e9s de <a href=\"http:\/\/www.teatrocolon.org.ar\" target=\"_blank\" rel=\"noopener\">www.teatrocolon.org.ar.<\/a> <\/p>\n","protected":false},"excerpt":{"rendered":"<p>Abel Pintos ser\u00e1 solista junto a Chango Spasiuk en acorde\u00f3n, interpretando la \u201cMisa Criolla\u201d y la \u201cNavidad Nuestra!\u201d. El Teatro Col\u00f3n celebrar\u00e1 este mi\u00e9rcoles a las 20, los 100 a\u00f1os del nacimiento de Ariel Ram\u00edrez, con un concierto del que participar\u00e1n Abel Pintos como solista junto a Chango Spasiuk en acorde\u00f3n y al Coro Estable [&hellip;]<\/p>\n","protected":false},"author":1,"featured_media":34786,"comment_status":"closed","ping_status":"closed","sticky":false,"template":"","format":"standard","meta":[],"categories":[20],"tags":[],"_links":{"self":[{"href":"http:\/\/cordobadirecto.com\/index.php\/wp-json\/wp\/v2\/posts\/34785"}],"collection":[{"href":"http:\/\/cordobadirecto.com\/index.php\/wp-json\/wp\/v2\/posts"}],"about":[{"href":"http:\/\/cordobadirecto.com\/index.php\/wp-json\/wp\/v2\/types\/post"}],"author":[{"embeddable":true,"href":"http:\/\/cordobadirecto.com\/index.php\/wp-json\/wp\/v2\/users\/1"}],"replies":[{"embeddable":true,"href":"http:\/\/cordobadirecto.com\/index.php\/wp-json\/wp\/v2\/comments?post=34785"}],"version-history":[{"count":0,"href":"http:\/\/cordobadirecto.com\/index.php\/wp-json\/wp\/v2\/posts\/34785\/revisions"}],"wp:featuredmedia":[{"embeddable":true,"href":"http:\/\/cordobadirecto.com\/index.php\/wp-json\/wp\/v2\/media\/34786"}],"wp:attachment":[{"href":"http:\/\/cordobadirecto.com\/index.php\/wp-json\/wp\/v2\/media?parent=34785"}],"wp:term":[{"taxonomy":"category","embeddable":true,"href":"http:\/\/cordobadirecto.com\/index.php\/wp-json\/wp\/v2\/categories?post=34785"},{"taxonomy":"post_tag","embeddable":true,"href":"http:\/\/cordobadirecto.com\/index.php\/wp-json\/wp\/v2\/tags?post=34785"}],"curies":[{"name":"wp","href":"https:\/\/api.w.org\/{rel}","templated":true}]}}