{"id":34791,"date":"2021-12-21T18:09:52","date_gmt":"2021-12-21T18:09:52","guid":{"rendered":"https:\/\/www.ole.com.ar\/autos\/fotos-azar-campeon_0_2lyZlD9mS.html"},"modified":"2021-12-21T18:09:52","modified_gmt":"2021-12-21T18:09:52","slug":"galeria-las-fotos-de-azar-campeon","status":"publish","type":"post","link":"http:\/\/cordobadirecto.com\/index.php\/2021\/12\/21\/galeria-las-fotos-de-azar-campeon\/","title":{"rendered":"Galer\u00eda: las fotos de Azar campe\u00f3n"},"content":{"rendered":"<p>El Top Race finaliz\u00f3 su temporada 2021 en el aut\u00f3dromo de Concepci\u00f3n del Uruguay, donde Diego Azar cerr\u00f3 un gran a\u00f1o y se coron\u00f3 campe\u00f3n con el Toyota. El momento de los festejos dej\u00f3 grandes im\u00e1genes que vale la pena repasar.<\/p>\n<div class=\"sp__SM\">\n<div class=\"content-new \">\n<span class=\"tit-mobile\">Mir\u00e1 tambi\u00e9n<\/span><\/p>\n<div class=\"mg\">\n<div class=\"wrap-figure\">\n<picture>\n<a href=\"https:\/\/www.ole.com.ar\/autos\/top-race-motores-v8_0_Q8uXEXsBT.html\" target=\"_self\" rel=\"noopener\"><br \/>\n<img class=\"img-responsive\" alt=\"Ya piensa en los motores V8\" src=\"http:\/\/cordobadirecto.com\/wp-content\/uploads\/2021\/12\/galeria-las-fotos-de-azar-campeon.jpg\" loading=\"lazy\"><br \/>\n<\/a>\n<\/picture>\n<\/div>\n<\/div><\/div>\n<\/div>\n<p><mark>\u201cEstoy feliz de cerrar con una victoria. Me hubiera encantado que gane Ian Reutemann, est\u00e1bamos haciendo el esfuerzo para que logre el subcampeonato, lamentablemente la presi\u00f3n de De Brabandere hizo que gir\u00e1ramos m\u00e1s r\u00e1pidos y se rompi\u00f3 la goma. <\/mark>No s\u00e9 si fue por la presi\u00f3n o porque se destalon\u00f3 en alg\u00fan momento y se rompi\u00f3\u201d, dijo Azar.<\/p>\n<div class=\"sp__SM\">\n<div class=\"content-new \">\n<span class=\"tit-mobile\">Mir\u00e1 tambi\u00e9n<\/span><\/p>\n<div class=\"mg\">\n<div class=\"wrap-figure\">\n<picture>\n<a href=\"https:\/\/www.ole.com.ar\/autos\/azar-finde-feliz-concepcion_0_P9Ie8yfj9.html\" target=\"_self\" rel=\"noopener\"><br \/>\n<img class=\"img-responsive\" alt=\"Azar: &quot;Estoy feliz de cerrar con una victoria&quot;\" src=\"http:\/\/cordobadirecto.com\/wp-content\/uploads\/2021\/12\/galeria-las-fotos-de-azar-campeon-1.jpg\" loading=\"lazy\"><br \/>\n<\/a>\n<\/picture>\n<\/div>\n<\/div><\/div>\n<\/div>\n<p>Y adem\u00e1s manifest\u00f3: \u201cHered\u00e9 la victoria, pero yo no la merec\u00eda, se la merec\u00eda Ian.<mark> Pero estoy sumamente feliz de cerrar con una victoria y el campeonato\u201d.<\/mark><\/p>\n<div class=\"sp__Normal\">\n<div class=\"image-embeb image-trigger\" readability=\"6\">\n<picture><source media=\"(min-width: 720px)\" srcset=\"http:\/\/cordobadirecto.com\/wp-content\/uploads\/2021\/12\/galeria-las-fotos-de-azar-campeon-2.jpg\"><img itemprop=\"image\" src=\"http:\/\/cordobadirecto.com\/wp-content\/uploads\/2021\/12\/galeria-las-fotos-de-azar-campeon-2.jpg\" loading=\"lazy\" alt=\"Las mejores fotos de Azar campe\u00f3n. (Foto: Top Race)\">\n<\/picture><figcaption readability=\"2\">\n<p>Las mejores fotos de Azar campe\u00f3n. (Foto: Top Race)\n<\/p>\n<\/figcaption><\/div>\n<\/div>\n<div class=\"sp__Normal\">\n<div class=\"image-embeb image-trigger\" readability=\"6\">\n<picture><source media=\"(min-width: 720px)\" srcset=\"http:\/\/cordobadirecto.com\/wp-content\/uploads\/2021\/12\/galeria-las-fotos-de-azar-campeon-3.jpg\"><img itemprop=\"image\" src=\"http:\/\/cordobadirecto.com\/wp-content\/uploads\/2021\/12\/galeria-las-fotos-de-azar-campeon-3.jpg\" loading=\"lazy\" alt=\"Las mejores fotos de Azar campe\u00f3n. (Foto: Top Race)\">\n<\/picture><figcaption readability=\"2\">\n<p>Las mejores fotos de Azar campe\u00f3n. (Foto: Top Race)\n<\/p>\n<\/figcaption><\/div>\n<\/div>\n<div class=\"sp__Normal\">\n<div class=\"image-embeb image-trigger\" readability=\"6\">\n<picture><source media=\"(min-width: 720px)\" srcset=\"http:\/\/cordobadirecto.com\/wp-content\/uploads\/2021\/12\/galeria-las-fotos-de-azar-campeon-4.jpg\"><img itemprop=\"image\" src=\"http:\/\/cordobadirecto.com\/wp-content\/uploads\/2021\/12\/galeria-las-fotos-de-azar-campeon-4.jpg\" loading=\"lazy\" alt=\"Las mejores fotos de Azar campe\u00f3n. (Foto: Top Race)\">\n<\/picture><figcaption readability=\"2\">\n<p>Las mejores fotos de Azar campe\u00f3n. (Foto: Top Race)\n<\/p>\n<\/figcaption><\/div>\n<\/div>\n<div class=\"sp__Normal\">\n<div class=\"image-embeb image-trigger\" readability=\"6\">\n<picture><source media=\"(min-width: 720px)\" srcset=\"http:\/\/cordobadirecto.com\/wp-content\/uploads\/2021\/12\/galeria-las-fotos-de-azar-campeon-5.jpg\"><img itemprop=\"image\" src=\"http:\/\/cordobadirecto.com\/wp-content\/uploads\/2021\/12\/galeria-las-fotos-de-azar-campeon-5.jpg\" loading=\"lazy\" alt=\"Las mejores fotos de Azar campe\u00f3n. (Foto: Top Race)\">\n<\/picture><figcaption readability=\"2\">\n<p>Las mejores fotos de Azar campe\u00f3n. (Foto: Top Race)\n<\/p>\n<\/figcaption><\/div>\n<\/div>\n<div class=\"sp__Normal\">\n<div class=\"image-embeb image-trigger\" readability=\"6\">\n<picture><source media=\"(min-width: 720px)\" srcset=\"http:\/\/cordobadirecto.com\/wp-content\/uploads\/2021\/12\/galeria-las-fotos-de-azar-campeon-6.jpg\"><img itemprop=\"image\" src=\"http:\/\/cordobadirecto.com\/wp-content\/uploads\/2021\/12\/galeria-las-fotos-de-azar-campeon-6.jpg\" loading=\"lazy\" alt=\"Las mejores fotos de Azar campe\u00f3n. (Foto: Top Race)\">\n<\/picture><figcaption readability=\"2\">\n<p>Las mejores fotos de Azar campe\u00f3n. (Foto: Top Race)\n<\/p>\n<\/figcaption><\/div>\n<\/div>\n<div class=\"sp__Normal\">\n<div class=\"image-embeb image-trigger\" readability=\"6\">\n<picture><source media=\"(min-width: 720px)\" srcset=\"http:\/\/cordobadirecto.com\/wp-content\/uploads\/2021\/12\/galeria-las-fotos-de-azar-campeon-7.jpg\"><img itemprop=\"image\" src=\"http:\/\/cordobadirecto.com\/wp-content\/uploads\/2021\/12\/galeria-las-fotos-de-azar-campeon-7.jpg\" loading=\"lazy\" alt=\"Las mejores fotos de Azar campe\u00f3n. (Foto: Top Race)\">\n<\/picture><figcaption readability=\"2\">\n<p>Las mejores fotos de Azar campe\u00f3n. (Foto: Top Race)\n<\/p>\n<\/figcaption><\/div>\n<\/div>\n<div class=\"sp__Normal\">\n<div class=\"image-embeb image-trigger\" readability=\"6\">\n<picture><source media=\"(min-width: 720px)\" srcset=\"http:\/\/cordobadirecto.com\/wp-content\/uploads\/2021\/12\/galeria-las-fotos-de-azar-campeon-8.jpg\"><img itemprop=\"image\" src=\"http:\/\/cordobadirecto.com\/wp-content\/uploads\/2021\/12\/galeria-las-fotos-de-azar-campeon-8.jpg\" loading=\"lazy\" alt=\"Las mejores fotos de Azar campe\u00f3n. (Foto: Top Race)\">\n<\/picture><figcaption readability=\"2\">\n<p>Las mejores fotos de Azar campe\u00f3n. (Foto: Top Race)\n<\/p>\n<\/figcaption><\/div>\n<\/div>\n<div class=\"entry-tags\">\n<h2>TEMAS QUE APARECEN EN ESTA NOTA<\/h2>\n<\/p><\/div>\n","protected":false},"excerpt":{"rendered":"<p>El Top Race finaliz\u00f3 su temporada 2021 en el aut\u00f3dromo de Concepci\u00f3n del Uruguay, donde Diego Azar cerr\u00f3 un gran a\u00f1o y se coron\u00f3 campe\u00f3n con el Toyota. El momento de los festejos dej\u00f3 grandes im\u00e1genes que vale la pena repasar. Mir\u00e1 tambi\u00e9n \u201cEstoy feliz de cerrar con una victoria. Me hubiera encantado que gane [&hellip;]<\/p>\n","protected":false},"author":1,"featured_media":34792,"comment_status":"closed","ping_status":"closed","sticky":false,"template":"","format":"standard","meta":[],"categories":[21],"tags":[],"_links":{"self":[{"href":"http:\/\/cordobadirecto.com\/index.php\/wp-json\/wp\/v2\/posts\/34791"}],"collection":[{"href":"http:\/\/cordobadirecto.com\/index.php\/wp-json\/wp\/v2\/posts"}],"about":[{"href":"http:\/\/cordobadirecto.com\/index.php\/wp-json\/wp\/v2\/types\/post"}],"author":[{"embeddable":true,"href":"http:\/\/cordobadirecto.com\/index.php\/wp-json\/wp\/v2\/users\/1"}],"replies":[{"embeddable":true,"href":"http:\/\/cordobadirecto.com\/index.php\/wp-json\/wp\/v2\/comments?post=34791"}],"version-history":[{"count":0,"href":"http:\/\/cordobadirecto.com\/index.php\/wp-json\/wp\/v2\/posts\/34791\/revisions"}],"wp:featuredmedia":[{"embeddable":true,"href":"http:\/\/cordobadirecto.com\/index.php\/wp-json\/wp\/v2\/media\/34792"}],"wp:attachment":[{"href":"http:\/\/cordobadirecto.com\/index.php\/wp-json\/wp\/v2\/media?parent=34791"}],"wp:term":[{"taxonomy":"category","embeddable":true,"href":"http:\/\/cordobadirecto.com\/index.php\/wp-json\/wp\/v2\/categories?post=34791"},{"taxonomy":"post_tag","embeddable":true,"href":"http:\/\/cordobadirecto.com\/index.php\/wp-json\/wp\/v2\/tags?post=34791"}],"curies":[{"name":"wp","href":"https:\/\/api.w.org\/{rel}","templated":true}]}}