{"id":34793,"date":"2021-12-21T17:34:20","date_gmt":"2021-12-21T17:34:20","guid":{"rendered":"https:\/\/www.ole.com.ar\/fuera-de-juego\/alesi-broma-detenido-f1_0_XzU7J_oVo.html"},"modified":"2021-12-21T17:34:20","modified_gmt":"2021-12-21T17:34:20","slug":"ex-piloto-de-f1-detenido-por-arrojarle-un-petardo-a-un-edificio","status":"publish","type":"post","link":"http:\/\/cordobadirecto.com\/index.php\/2021\/12\/21\/ex-piloto-de-f1-detenido-por-arrojarle-un-petardo-a-un-edificio\/","title":{"rendered":"Ex piloto de F1 detenido por arrojarle un petardo a un edificio"},"content":{"rendered":"<p><strong>&nbsp;Jean Alesi, ex piloto franc\u00e9s de la F\u00f3rmula 1,<\/strong> fue arrestado en Avignone, donde arroj\u00f3 un petardo encendido contra una ventana del edificio donde vive su cu\u00f1ado, causando da\u00f1os, seg\u00fan inform\u00f3 la prensa local. S\u00ed,<strong> incre\u00edble pero real para el ex integrante (57 a\u00f1os)&nbsp;de Ferrari, entre otros.<\/strong><\/p>\n<div class=\"sp__Normal\">\n<div class=\"image-embeb image-trigger\" readability=\"6\">\n<picture><source media=\"(min-width: 720px)\" srcset=\"http:\/\/cordobadirecto.com\/wp-content\/uploads\/2021\/12\/ex-piloto-de-f1-detenido-por-arrojarle-un-petardo-a-un-edificio.jpg\"><img itemprop=\"image\" src=\"http:\/\/cordobadirecto.com\/wp-content\/uploads\/2021\/12\/ex-piloto-de-f1-detenido-por-arrojarle-un-petardo-a-un-edificio.jpg\" loading=\"lazy\" alt=\"Jean Alesi y su hijo Giuliano.\">\n<\/picture><figcaption readability=\"2\">\n<p>Jean Alesi y su hijo Giuliano.\n<\/p>\n<\/figcaption><\/div>\n<\/div>\n<div class=\"sp__SM\">\n<div class=\"content-new \">\n<span class=\"tit-mobile\">Mir\u00e1 tambi\u00e9n<\/span><\/p>\n<div class=\"mg\">\n<div class=\"wrap-figure\">\n<picture>\n<a href=\"https:\/\/www.ole.com.ar\/autos\/top-race-motores-v8_0_Q8uXEXsBT.html\" target=\"_self\" rel=\"noopener\"><br \/>\n<img class=\"img-responsive\" alt=\"Ya piensa en los motores V8\" src=\"http:\/\/cordobadirecto.com\/wp-content\/uploads\/2021\/12\/ex-piloto-de-f1-detenido-por-arrojarle-un-petardo-a-un-edificio-1.jpg\" loading=\"lazy\"><br \/>\n<\/a>\n<\/picture>\n<\/div>\n<\/div><\/div>\n<\/div>\n<p><strong>&#8220;Jean Alesi fue arrestado el lunes entorno a las 16:00 por haber da\u00f1ado propiedad ajena mediante un artefacto explosivo&#8221;<\/strong>, explic\u00f3 el vice fiscal de Nimes, Antoine Wolff. El hecho ocurri\u00f3&nbsp; Villeneuve-l\u0160s-Avignon, ciudad del Gard donde reside Alesi. La polic\u00eda arrib\u00f3 a ese distrito en la noche del domingo tras un llamado de los vecinos que escucharon un fuerte estruendo.<\/p>\n<div class=\"sp__Normal\">\n<div class=\"image-embeb image-trigger\" readability=\"6\">\n<picture><source media=\"(min-width: 720px)\" srcset=\"http:\/\/cordobadirecto.com\/wp-content\/uploads\/2021\/12\/ex-piloto-de-f1-detenido-por-arrojarle-un-petardo-a-un-edificio-2.jpg\"><img itemprop=\"image\" src=\"http:\/\/cordobadirecto.com\/wp-content\/uploads\/2021\/12\/ex-piloto-de-f1-detenido-por-arrojarle-un-petardo-a-un-edificio-2.jpg\" loading=\"lazy\" alt=\"Alesi con Hamilton (AFP).\">\n<\/picture><figcaption readability=\"2\">\n<p>Alesi con Hamilton (AFP).\n<\/p>\n<\/figcaption><\/div>\n<\/div>\n<div class=\"sp__SM\">\n<div class=\"content-new \">\n<span class=\"tit-mobile\">Mir\u00e1 tambi\u00e9n<\/span><\/p>\n<div class=\"mg\">\n<div class=\"wrap-figure\">\n<picture>\n<a href=\"https:\/\/www.ole.com.ar\/autos\/rossi-hablo-definicion_0_RCKUHh6UF.html\" target=\"_self\" rel=\"noopener\"><br \/>\n<img class=\"img-responsive\" alt=\"Rossi: &quot;Hamilton es el mejor&quot;\" src=\"http:\/\/cordobadirecto.com\/wp-content\/uploads\/2021\/12\/ex-piloto-de-f1-detenido-por-arrojarle-un-petardo-a-un-edificio-3.jpg\" loading=\"lazy\"><br \/>\n<\/a>\n<\/picture>\n<\/div>\n<\/div><\/div>\n<\/div>\n<p>Gracias al n\u00famero de la patente anotada por un vecino, <strong>la polic\u00eda pudo rastrear un veh\u00edculo visto en el sitio antes de partir con las luces apagadas<\/strong>. El autom\u00f3vil era&nbsp;propiedad de Jos\u00e9 Alesi, hermano del ex conductor.<\/p>\n<div class=\"sp__SM\">\n<div class=\"content-new \">\n<span class=\"tit-mobile\">Mir\u00e1 tambi\u00e9n<\/span><\/p>\n<div class=\"mg\">\n<div class=\"wrap-figure\">\n<picture>\n<a href=\"https:\/\/www.ole.com.ar\/fuera-de-juego\/lamborghini-jonathan-viera-palmas_0_s_mRwofVy.html\" target=\"_self\" rel=\"noopener\"><br \/>\n<img class=\"img-responsive\" alt=\"Le prest\u00f3 el Lamborghini a su amigo y termin\u00f3 estrellado contra un \u00e1rbol\" src=\"http:\/\/cordobadirecto.com\/wp-content\/uploads\/2021\/12\/ex-piloto-de-f1-detenido-por-arrojarle-un-petardo-a-un-edificio-4.jpg\" loading=\"lazy\"><br \/>\n<\/a>\n<\/picture>\n<\/div>\n<\/div><\/div>\n<\/div>\n<div class=\"sp__Normal\">\n<div class=\"image-embeb image-trigger\" readability=\"6\">\n<picture><source media=\"(min-width: 720px)\" srcset=\"http:\/\/cordobadirecto.com\/wp-content\/uploads\/2021\/12\/ex-piloto-de-f1-detenido-por-arrojarle-un-petardo-a-un-edificio-5.jpg\"><img itemprop=\"image\" src=\"http:\/\/cordobadirecto.com\/wp-content\/uploads\/2021\/12\/ex-piloto-de-f1-detenido-por-arrojarle-un-petardo-a-un-edificio-5.jpg\" loading=\"lazy\" alt=\"Alesi con la Ferrari en 1995.\">\n<\/picture><figcaption readability=\"2\">\n<p>Alesi con la Ferrari en 1995.\n<\/p>\n<\/figcaption><\/div>\n<\/div>\n<p>Jean se present\u00f3 luego en la comisar\u00eda<strong> para aclarar que era el responsable del hecho.<\/strong> Estuvo acompa\u00f1ado&nbsp;por&nbsp;su hijo y un amigo suyo. Jean&nbsp;relat\u00f3 que lanz\u00f3 <strong>&#8220;un gran fuego artificial comprado en Italia&#8221;<\/strong> hacia una ventana del edificio de su cu\u00f1ado, sin imaginar el da\u00f1o que provocar\u00eda.<\/p>\n<div class=\"sp__SM\">\n<div class=\"content-new \">\n<span class=\"tit-mobile\">Mir\u00e1 tambi\u00e9n<\/span><\/p>\n<div class=\"mg\">\n<div class=\"wrap-figure\">\n<picture>\n<a href=\"https:\/\/www.ole.com.ar\/autos\/nuevo-auto-formula-1-2022_0_LitVvE0zI.html\" target=\"_self\" rel=\"noopener\"><br \/>\n<img class=\"img-responsive\" alt=\"As\u00ed ser\u00e1 la F\u00f3rmula 1 del 2022\" src=\"http:\/\/cordobadirecto.com\/wp-content\/uploads\/2021\/12\/ex-piloto-de-f1-detenido-por-arrojarle-un-petardo-a-un-edificio-6.jpg\" loading=\"lazy\"><br \/>\n<\/a>\n<\/picture>\n<\/div>\n<\/div><\/div>\n<\/div>\n<p>Alesi explic\u00f3 que s\u00f3lo quer\u00eda realizarle una broma a su cu\u00f1ado, quien en realidad se&nbsp;est\u00e1 separando de la hermana del ex F1, y subray\u00f3 que no hay ning\u00fan problema entre s\u00ed. <strong>Menos mal&#8230;<\/strong><\/p>\n<div class=\"entry-tags\">\n<h2>TEMAS QUE APARECEN EN ESTA NOTA<\/h2>\n<\/p><\/div>\n","protected":false},"excerpt":{"rendered":"<p>&nbsp;Jean Alesi, ex piloto franc\u00e9s de la F\u00f3rmula 1, fue arrestado en Avignone, donde arroj\u00f3 un petardo encendido contra una ventana del edificio donde vive su cu\u00f1ado, causando da\u00f1os, seg\u00fan inform\u00f3 la prensa local. S\u00ed, incre\u00edble pero real para el ex integrante (57 a\u00f1os)&nbsp;de Ferrari, entre otros. Jean Alesi y su hijo Giuliano. Mir\u00e1 tambi\u00e9n [&hellip;]<\/p>\n","protected":false},"author":1,"featured_media":34794,"comment_status":"closed","ping_status":"closed","sticky":false,"template":"","format":"standard","meta":[],"categories":[21],"tags":[],"_links":{"self":[{"href":"http:\/\/cordobadirecto.com\/index.php\/wp-json\/wp\/v2\/posts\/34793"}],"collection":[{"href":"http:\/\/cordobadirecto.com\/index.php\/wp-json\/wp\/v2\/posts"}],"about":[{"href":"http:\/\/cordobadirecto.com\/index.php\/wp-json\/wp\/v2\/types\/post"}],"author":[{"embeddable":true,"href":"http:\/\/cordobadirecto.com\/index.php\/wp-json\/wp\/v2\/users\/1"}],"replies":[{"embeddable":true,"href":"http:\/\/cordobadirecto.com\/index.php\/wp-json\/wp\/v2\/comments?post=34793"}],"version-history":[{"count":0,"href":"http:\/\/cordobadirecto.com\/index.php\/wp-json\/wp\/v2\/posts\/34793\/revisions"}],"wp:featuredmedia":[{"embeddable":true,"href":"http:\/\/cordobadirecto.com\/index.php\/wp-json\/wp\/v2\/media\/34794"}],"wp:attachment":[{"href":"http:\/\/cordobadirecto.com\/index.php\/wp-json\/wp\/v2\/media?parent=34793"}],"wp:term":[{"taxonomy":"category","embeddable":true,"href":"http:\/\/cordobadirecto.com\/index.php\/wp-json\/wp\/v2\/categories?post=34793"},{"taxonomy":"post_tag","embeddable":true,"href":"http:\/\/cordobadirecto.com\/index.php\/wp-json\/wp\/v2\/tags?post=34793"}],"curies":[{"name":"wp","href":"https:\/\/api.w.org\/{rel}","templated":true}]}}