{"id":34795,"date":"2021-12-22T11:08:58","date_gmt":"2021-12-22T11:08:58","guid":{"rendered":"https:\/\/www.ole.com.ar\/futbol-ascenso\/barracas-estadio-primera-figuras_0_K5YvPj_3o.html"},"modified":"2021-12-22T11:08:58","modified_gmt":"2021-12-22T11:08:58","slug":"barracas-central-su-estadio-donde-queda-y-su-pasado-por-primera","status":"publish","type":"post","link":"http:\/\/cordobadirecto.com\/index.php\/2021\/12\/22\/barracas-central-su-estadio-donde-queda-y-su-pasado-por-primera\/","title":{"rendered":"Barracas Central: su estadio, d\u00f3nde queda y su pasado por Primera"},"content":{"rendered":"<h2><mark><strong><\/strong><\/mark><mark><strong>ESTADIO<\/strong><\/mark><\/h2>\n<p><strong>Est\u00e1 ubicado en las calles Olavarr\u00eda y Luna (detr\u00e1s de la Cancha del Club Atletico Hurac\u00e1n) de Capital Federal.<\/strong> Lleva el nombre estadio Claudio Chiqui Tapia, actual presidente de AFA.<strong> Tiene una capacidad para 3 mil personas, por lo que deber\u00e1 mudar su local\u00eda para jugar en Primera hasta que construya tribunas para un mayor aforo. <\/strong><\/p>\n<div class=\"sp__SM\">\n<div class=\"content-new \">\n<span class=\"tit-mobile\">Mir\u00e1 tambi\u00e9n<\/span><\/p>\n<div class=\"mg\">\n<div class=\"wrap-figure\">\n<picture>\n<a href=\"https:\/\/www.ole.com.ar\/futbol-ascenso\/b-nacional\/depaoli-barracas-central-ascenso-quilme_0_xHMflE-YX.html\" target=\"_self\" rel=\"noopener\"><br \/>\n<img class=\"img-responsive\" alt=\"De Paoli, llanto y frases top: &quot;El f\u00fatbol es mi vida, me llavaba hasta los recreos&quot;\" src=\"http:\/\/cordobadirecto.com\/wp-content\/uploads\/2021\/12\/barracas-central-su-estadio-donde-queda-y-su-pasado-por-primera.jpg\" loading=\"lazy\"><br \/>\n<\/a>\n<\/picture>\n<\/div>\n<\/div><\/div>\n<\/div>\n<div class=\"sp__Normal\">\n<div class=\"image-embeb image-trigger\" readability=\"6\">\n<picture><source media=\"(min-width: 720px)\" srcset=\"http:\/\/cordobadirecto.com\/wp-content\/uploads\/2021\/12\/barracas-central-su-estadio-donde-queda-y-su-pasado-por-primera-1.jpg\"><img itemprop=\"image\" src=\"http:\/\/cordobadirecto.com\/wp-content\/uploads\/2021\/12\/barracas-central-su-estadio-donde-queda-y-su-pasado-por-primera-1.jpg\" loading=\"lazy\" alt=\"La hinchada de Barracas (Foto Barracas Central Instagram).\">\n<\/picture><figcaption readability=\"2\">\n<p>La hinchada de Barracas (Foto Barracas Central Instagram).\n<\/p>\n<\/figcaption><\/div>\n<\/div>\n<h2><strong><mark>SU RETORNO A LA PRIMERA<\/mark><\/strong><\/h2>\n<p>\u200bFundado el 5 de abril de 1904, jug\u00f3 en la Primera Divisi\u00f3n del Amateurismo entre 1920 y 1934. Ser\u00e1 la primera vez que compita en la m\u00e1xima categor\u00eda de AFA.&nbsp;<\/p>\n<div class=\"sp__SM\">\n<div class=\"content-new \">\n<span class=\"tit-mobile\">Mir\u00e1 tambi\u00e9n<\/span><\/p>\n<div class=\"mg\">\n<div class=\"wrap-figure\">\n<picture>\n<a href=\"https:\/\/www.ole.com.ar\/futbol-ascenso\/b-nacional\/chiqui-tapia-reaccion-ascenso_0_c4pT3ocb9.html\" target=\"_self\" rel=\"noopener\"><br \/>\n<img class=\"img-responsive\" alt=\"La reacci\u00f3n de Chiqui Tapia cuando ascendi\u00f3 Barracas\" src=\"http:\/\/cordobadirecto.com\/wp-content\/uploads\/2021\/12\/barracas-central-su-estadio-donde-queda-y-su-pasado-por-primera-2.jpg\" loading=\"lazy\"><br \/>\n<\/a> <\/picture>\n<\/div>\n<\/div><\/div>\n<\/div>\n<p><strong>CAMPEONATOS Y ASCENSOS DE F\u00daTBOL<\/strong><\/p>\n<p>\u2b50Intermedia 1919 (ascenso a Primera Divisi\u00f3n)<\/p>\n<p>\u2b50Tercera Divisi\u00f3n 1944 (ascenso a Segunda Divisi\u00f3n)<\/p>\n<p>\u2b50Tercera Divisi\u00f3n 1948 (ascenso a Segunda Divisi\u00f3n)<\/p>\n<p>\u2b50Primera D 1974 (ascenso a Primera C)<\/p>\n<p>\u2b50Primera D 1981 (ascenso a Primera C)<\/p>\n<p>\u2705Primera D 1988\/1989 (ascenso a Primera C)<\/p>\n<p>\u2705Primera D 1991\/1992 (ascenso a Primera C)<\/p>\n<p>\u2b50Primera C Apertura 2003<\/p>\n<p>\u2b50Primera C 2009\/2010 (ascenso a Primera B)<\/p>\n<p> \u2b50Primera B 2018\/2019 (ascenso a Primera Nacional)<\/p>\n<div class=\"entry-tags\">\n<h2>TEMAS QUE APARECEN EN ESTA NOTA<\/h2>\n<\/p><\/div>\n","protected":false},"excerpt":{"rendered":"<p>ESTADIO Est\u00e1 ubicado en las calles Olavarr\u00eda y Luna (detr\u00e1s de la Cancha del Club Atletico Hurac\u00e1n) de Capital Federal. Lleva el nombre estadio Claudio Chiqui Tapia, actual presidente de AFA. Tiene una capacidad para 3 mil personas, por lo que deber\u00e1 mudar su local\u00eda para jugar en Primera hasta que construya tribunas para un [&hellip;]<\/p>\n","protected":false},"author":1,"featured_media":34796,"comment_status":"closed","ping_status":"closed","sticky":false,"template":"","format":"standard","meta":[],"categories":[21],"tags":[],"_links":{"self":[{"href":"http:\/\/cordobadirecto.com\/index.php\/wp-json\/wp\/v2\/posts\/34795"}],"collection":[{"href":"http:\/\/cordobadirecto.com\/index.php\/wp-json\/wp\/v2\/posts"}],"about":[{"href":"http:\/\/cordobadirecto.com\/index.php\/wp-json\/wp\/v2\/types\/post"}],"author":[{"embeddable":true,"href":"http:\/\/cordobadirecto.com\/index.php\/wp-json\/wp\/v2\/users\/1"}],"replies":[{"embeddable":true,"href":"http:\/\/cordobadirecto.com\/index.php\/wp-json\/wp\/v2\/comments?post=34795"}],"version-history":[{"count":0,"href":"http:\/\/cordobadirecto.com\/index.php\/wp-json\/wp\/v2\/posts\/34795\/revisions"}],"wp:featuredmedia":[{"embeddable":true,"href":"http:\/\/cordobadirecto.com\/index.php\/wp-json\/wp\/v2\/media\/34796"}],"wp:attachment":[{"href":"http:\/\/cordobadirecto.com\/index.php\/wp-json\/wp\/v2\/media?parent=34795"}],"wp:term":[{"taxonomy":"category","embeddable":true,"href":"http:\/\/cordobadirecto.com\/index.php\/wp-json\/wp\/v2\/categories?post=34795"},{"taxonomy":"post_tag","embeddable":true,"href":"http:\/\/cordobadirecto.com\/index.php\/wp-json\/wp\/v2\/tags?post=34795"}],"curies":[{"name":"wp","href":"https:\/\/api.w.org\/{rel}","templated":true}]}}