{"id":34848,"date":"2021-12-22T10:09:09","date_gmt":"2021-12-22T10:09:09","guid":{"rendered":"http:\/\/cordobadirecto.com\/index.php\/2021\/12\/22\/anunciaron-la-nueva-escuela-de-formacion-profesional-el-diario-del-centro-del-pais\/"},"modified":"2021-12-22T10:09:09","modified_gmt":"2021-12-22T10:09:09","slug":"anunciaron-la-nueva-escuela-de-formacion-profesional-el-diario-del-centro-del-pais","status":"publish","type":"post","link":"http:\/\/cordobadirecto.com\/index.php\/2021\/12\/22\/anunciaron-la-nueva-escuela-de-formacion-profesional-el-diario-del-centro-del-pais\/","title":{"rendered":"Anunciaron la <b>nueva<\/b> escuela de formaci\u00f3n profesional &#8211; El Diario del centro del pa\u00eds"},"content":{"rendered":"<p>&#8230; que a partir del primer trimestre de 2022 ofrecer\u00e1 instancias de formaci\u00f3n y capacitaci\u00f3n relacionadas con la <b>econom\u00eda<\/b> del conocimiento. <\/p>\n","protected":false},"excerpt":{"rendered":"<p>&#8230; que a partir del primer trimestre de 2022 ofrecer\u00e1 instancias de formaci\u00f3n y capacitaci\u00f3n relacionadas con la econom\u00eda del conocimiento.<\/p>\n","protected":false},"author":1,"featured_media":0,"comment_status":"closed","ping_status":"closed","sticky":false,"template":"","format":"standard","meta":[],"categories":[40],"tags":[],"_links":{"self":[{"href":"http:\/\/cordobadirecto.com\/index.php\/wp-json\/wp\/v2\/posts\/34848"}],"collection":[{"href":"http:\/\/cordobadirecto.com\/index.php\/wp-json\/wp\/v2\/posts"}],"about":[{"href":"http:\/\/cordobadirecto.com\/index.php\/wp-json\/wp\/v2\/types\/post"}],"author":[{"embeddable":true,"href":"http:\/\/cordobadirecto.com\/index.php\/wp-json\/wp\/v2\/users\/1"}],"replies":[{"embeddable":true,"href":"http:\/\/cordobadirecto.com\/index.php\/wp-json\/wp\/v2\/comments?post=34848"}],"version-history":[{"count":0,"href":"http:\/\/cordobadirecto.com\/index.php\/wp-json\/wp\/v2\/posts\/34848\/revisions"}],"wp:attachment":[{"href":"http:\/\/cordobadirecto.com\/index.php\/wp-json\/wp\/v2\/media?parent=34848"}],"wp:term":[{"taxonomy":"category","embeddable":true,"href":"http:\/\/cordobadirecto.com\/index.php\/wp-json\/wp\/v2\/categories?post=34848"},{"taxonomy":"post_tag","embeddable":true,"href":"http:\/\/cordobadirecto.com\/index.php\/wp-json\/wp\/v2\/tags?post=34848"}],"curies":[{"name":"wp","href":"https:\/\/api.w.org\/{rel}","templated":true}]}}