{"id":34849,"date":"2021-12-22T20:55:05","date_gmt":"2021-12-22T20:55:05","guid":{"rendered":"https:\/\/puntoapunto.com.ar\/?p=320268"},"modified":"2021-12-22T20:55:05","modified_gmt":"2021-12-22T20:55:05","slug":"edicion-especial-el-empresario-del-ano-2021","status":"publish","type":"post","link":"http:\/\/cordobadirecto.com\/index.php\/2021\/12\/22\/edicion-especial-el-empresario-del-ano-2021\/","title":{"rendered":"Edici\u00f3n especial: El Empresario del A\u00f1o 2021"},"content":{"rendered":"<div class=\"g g-146\">\n<div class=\"g-single a-378\"><a class=\"gofollow\" data-track=\"Mzc4LDE0NiwxLDYw\" href=\"https:\/\/www.grupocanter.com.ar\/notas\/de-hito-en-hito-2021\/?utm_source=Punto%20a%20Punto&amp;utm_medium=Banner&amp;utm_campaign=Departamentos&amp;utm_term=Banner%20Newsletters\/\" target=\"_blank\" rel=\"noopener\"><img src=\"http:\/\/cordobadirecto.com\/wp-content\/uploads\/2021\/12\/edicion-especial-el-empresario-del-ano-2021.gif\"><\/a><\/div>\n<\/div>\n<p>Despu\u00e9s de la pandemia del 2020, donde el evento tuvo una edici\u00f3n acotada,<strong> este a\u00f1o volvi\u00f3 la tradicional cena de gala que caracteriza al certamen de Punto a Punto.<\/strong><\/p>\n<p>Te mostramos todo lo que dej\u00f3 la noche m\u00e1s importante de los negocios en C\u00f3rdoba que consagr\u00f3 a<strong> Carlos Oulton como El Empresario del A\u00f1o 2021.<\/strong> El evento m\u00e1s longevo de su tipo en el pa\u00eds reconoci\u00f3 a quienes apostaron por poner a C\u00f3rdoba en lo m\u00e1s alto pese a todo lo acontecido durante la pandemia.<\/p>\n<p>En esta edici\u00f3n especial de Punto a Punto te presentamos <strong>las distintas ternas y sus respectivos ganadores<\/strong> que se reunieron en una noche de gala en Chateau Milenium.<\/p>\n<p><a href=\"https:\/\/indd.adobe.com\/view\/fe8ee6ee-831d-4f77-994e-198ad3b79041\" target=\"_blank\" rel=\"noopener\"><img loading=\"lazy\" class=\"alignnone size-medium wp-image-318021\" src=\"http:\/\/cordobadirecto.com\/wp-content\/uploads\/2021\/12\/edicion-especial-el-empresario-del-ano-2021.png\" alt width=\"300\" height=\"75\" srcset=\"http:\/\/cordobadirecto.com\/wp-content\/uploads\/2021\/12\/edicion-especial-el-empresario-del-ano-2021.png 300w, http:\/\/cordobadirecto.com\/wp-content\/uploads\/2021\/12\/edicion-especial-el-empresario-del-ano-2021-2.png 768w, http:\/\/cordobadirecto.com\/wp-content\/uploads\/2021\/12\/edicion-especial-el-empresario-del-ano-2021-3.png 150w, http:\/\/cordobadirecto.com\/wp-content\/uploads\/2021\/12\/edicion-especial-el-empresario-del-ano-2021-4.png 696w, http:\/\/cordobadirecto.com\/wp-content\/uploads\/2021\/12\/edicion-especial-el-empresario-del-ano-2021-5.png 800w\" sizes=\"(max-width: 300px) 100vw, 300px\"><\/a><\/p>\n<p><a href=\"https:\/\/indd.adobe.com\/view\/761beb67-44c3-49d1-9b3d-d6c3b2d26a25\" target=\"_blank\" rel=\"noopener\"><img loading=\"lazy\" class=\"alignnone size-medium wp-image-318023\" src=\"http:\/\/cordobadirecto.com\/wp-content\/uploads\/2021\/12\/edicion-especial-el-empresario-del-ano-2021-1.png\" alt width=\"300\" height=\"75\" srcset=\"http:\/\/cordobadirecto.com\/wp-content\/uploads\/2021\/12\/edicion-especial-el-empresario-del-ano-2021-1.png 300w, http:\/\/cordobadirecto.com\/wp-content\/uploads\/2021\/12\/edicion-especial-el-empresario-del-ano-2021-6.png 768w, http:\/\/cordobadirecto.com\/wp-content\/uploads\/2021\/12\/edicion-especial-el-empresario-del-ano-2021-7.png 150w, http:\/\/cordobadirecto.com\/wp-content\/uploads\/2021\/12\/edicion-especial-el-empresario-del-ano-2021-8.png 696w, http:\/\/cordobadirecto.com\/wp-content\/uploads\/2021\/12\/edicion-especial-el-empresario-del-ano-2021-9.png 800w\" sizes=\"(max-width: 300px) 100vw, 300px\"><\/a><\/p>\n","protected":false},"excerpt":{"rendered":"<p>Despu\u00e9s de la pandemia del 2020, donde el evento tuvo una edici\u00f3n acotada, este a\u00f1o volvi\u00f3 la tradicional cena de gala que caracteriza al certamen de Punto a Punto. Te mostramos todo lo que dej\u00f3 la noche m\u00e1s importante de los negocios en C\u00f3rdoba que consagr\u00f3 a Carlos Oulton como El Empresario del A\u00f1o 2021. [&hellip;]<\/p>\n","protected":false},"author":1,"featured_media":34850,"comment_status":"closed","ping_status":"closed","sticky":false,"template":"","format":"standard","meta":[],"categories":[25],"tags":[],"_links":{"self":[{"href":"http:\/\/cordobadirecto.com\/index.php\/wp-json\/wp\/v2\/posts\/34849"}],"collection":[{"href":"http:\/\/cordobadirecto.com\/index.php\/wp-json\/wp\/v2\/posts"}],"about":[{"href":"http:\/\/cordobadirecto.com\/index.php\/wp-json\/wp\/v2\/types\/post"}],"author":[{"embeddable":true,"href":"http:\/\/cordobadirecto.com\/index.php\/wp-json\/wp\/v2\/users\/1"}],"replies":[{"embeddable":true,"href":"http:\/\/cordobadirecto.com\/index.php\/wp-json\/wp\/v2\/comments?post=34849"}],"version-history":[{"count":0,"href":"http:\/\/cordobadirecto.com\/index.php\/wp-json\/wp\/v2\/posts\/34849\/revisions"}],"wp:featuredmedia":[{"embeddable":true,"href":"http:\/\/cordobadirecto.com\/index.php\/wp-json\/wp\/v2\/media\/34850"}],"wp:attachment":[{"href":"http:\/\/cordobadirecto.com\/index.php\/wp-json\/wp\/v2\/media?parent=34849"}],"wp:term":[{"taxonomy":"category","embeddable":true,"href":"http:\/\/cordobadirecto.com\/index.php\/wp-json\/wp\/v2\/categories?post=34849"},{"taxonomy":"post_tag","embeddable":true,"href":"http:\/\/cordobadirecto.com\/index.php\/wp-json\/wp\/v2\/tags?post=34849"}],"curies":[{"name":"wp","href":"https:\/\/api.w.org\/{rel}","templated":true}]}}