{"id":34852,"date":"2021-12-22T23:09:45","date_gmt":"2021-12-22T23:09:45","guid":{"rendered":"https:\/\/cordoba.gob.ar\/?p=18835"},"modified":"2021-12-22T23:09:45","modified_gmt":"2021-12-22T23:09:45","slug":"habra-asueto-administrativo-desde-el-3-de-enero-hasta-el-4-de-febrero","status":"publish","type":"post","link":"http:\/\/cordobadirecto.com\/index.php\/2021\/12\/22\/habra-asueto-administrativo-desde-el-3-de-enero-hasta-el-4-de-febrero\/","title":{"rendered":"Habr\u00e1 asueto administrativo desde el 3 de enero hasta el 4 de febrero"},"content":{"rendered":"<div><img src=\"http:\/\/cordobadirecto.com\/wp-content\/uploads\/2021\/12\/habra-asueto-administrativo-desde-el-3-de-enero-hasta-el-4-de-febrero.jpg\" class=\"ff-og-image-inserted\"><\/div>\n<p>La Municipalidad de C\u00f3rdoba informa que, conforme lo dispuesto por el art\u00edculo 86 inciso 11 de la Carta Org\u00e1nica Municipal, habr\u00e1 receso administrativo durante el per\u00edodo que se extiende entre el lunes 3 de enero de 2022 y el viernes 4 de febrero del mismo a\u00f1o.<\/p>\n<p>En los pr\u00f3ximos d\u00edas quedar\u00e1 elaborado el Plan de Contingencias que asegure la continuidad durante el receso de la prestaci\u00f3n de servicios esenciales y aquellos considerados estacionales.<\/p>\n<p>Adem\u00e1s, durante el per\u00edodo de receso los vecinos podr\u00e1n presentar tr\u00e1mites o gestiones administrativas a trav\u00e9s de las Mesas de Entradas que funcionan en la planta baja del Palacio 6 de Julio y en los Centros de Participaci\u00f3n Comunal.<\/p>\n<p>Esta medida se extiende en el \u00e1mbito de la Administraci\u00f3n P\u00fablica Municipal centralizada y descentralizada e implica, adem\u00e1s, el otorgamiento de la Licencia Remunerada Anual Ordinaria Cargo 2021 para el personal de las \u00e1reas de la Administraci\u00f3n P\u00fablica Municipal, la que deber\u00e1 materializarse a partir del 3 de enero de 2022 inclusive, con excepci\u00f3n del personal que resulte necesario afectar al cumplimiento de las tareas consideradas indispensables.<\/p>\n","protected":false},"excerpt":{"rendered":"<p>La Municipalidad de C\u00f3rdoba informa que, conforme lo dispuesto por el art\u00edculo 86 inciso 11 de la Carta Org\u00e1nica Municipal, habr\u00e1 receso administrativo durante el per\u00edodo que se extiende entre el lunes 3 de enero de 2022 y el viernes 4 de febrero del mismo a\u00f1o. En los pr\u00f3ximos d\u00edas quedar\u00e1 elaborado el Plan de [&hellip;]<\/p>\n","protected":false},"author":1,"featured_media":34853,"comment_status":"closed","ping_status":"closed","sticky":false,"template":"","format":"standard","meta":[],"categories":[44],"tags":[],"_links":{"self":[{"href":"http:\/\/cordobadirecto.com\/index.php\/wp-json\/wp\/v2\/posts\/34852"}],"collection":[{"href":"http:\/\/cordobadirecto.com\/index.php\/wp-json\/wp\/v2\/posts"}],"about":[{"href":"http:\/\/cordobadirecto.com\/index.php\/wp-json\/wp\/v2\/types\/post"}],"author":[{"embeddable":true,"href":"http:\/\/cordobadirecto.com\/index.php\/wp-json\/wp\/v2\/users\/1"}],"replies":[{"embeddable":true,"href":"http:\/\/cordobadirecto.com\/index.php\/wp-json\/wp\/v2\/comments?post=34852"}],"version-history":[{"count":0,"href":"http:\/\/cordobadirecto.com\/index.php\/wp-json\/wp\/v2\/posts\/34852\/revisions"}],"wp:featuredmedia":[{"embeddable":true,"href":"http:\/\/cordobadirecto.com\/index.php\/wp-json\/wp\/v2\/media\/34853"}],"wp:attachment":[{"href":"http:\/\/cordobadirecto.com\/index.php\/wp-json\/wp\/v2\/media?parent=34852"}],"wp:term":[{"taxonomy":"category","embeddable":true,"href":"http:\/\/cordobadirecto.com\/index.php\/wp-json\/wp\/v2\/categories?post=34852"},{"taxonomy":"post_tag","embeddable":true,"href":"http:\/\/cordobadirecto.com\/index.php\/wp-json\/wp\/v2\/tags?post=34852"}],"curies":[{"name":"wp","href":"https:\/\/api.w.org\/{rel}","templated":true}]}}