{"id":34883,"date":"2021-12-22T23:30:08","date_gmt":"2021-12-22T23:30:08","guid":{"rendered":"https:\/\/es.digitaltrends.com\/?p=903458"},"modified":"2021-12-22T23:30:08","modified_gmt":"2021-12-22T23:30:08","slug":"que-ocurrio-en-la-vida-real-con-los-personajes-de-narcos-mexico","status":"publish","type":"post","link":"http:\/\/cordobadirecto.com\/index.php\/2021\/12\/22\/que-ocurrio-en-la-vida-real-con-los-personajes-de-narcos-mexico\/","title":{"rendered":"\u00bfQu\u00e9 ocurri\u00f3 en la vida real con los personajes de Narcos: M\u00e9xico?"},"content":{"rendered":"<p>El estreno de la tercera temporada de <a href=\"https:\/\/es.digitaltrends.com\/entretenimiento\/narcos-mexico-trailer\/\">Narcos: M\u00e9xico<\/a> se convirti\u00f3 en todo una tendencia en las <a href=\"https:\/\/es.digitaltrends.com\/sociales\/\">redes sociales<\/a> y en uno de los retornos m\u00e1s esperados de <a href=\"https:\/\/es.digitaltrends.com\/entretenimiento\/mejores-documentales-netflix\/\">Netflix<\/a>.<\/p>\n<p>En las \u00faltimas semanas, la ficci\u00f3n de la plataforma ha hecho noticia ya que su creador, Carlo Bernard, inform\u00f3 que estos diez cap\u00edtulos ser\u00edan los \u00faltimos de la serie.<\/p>\n<p>\u201cPara m\u00ed, detenernos en el momento en el que hab\u00edamos entrado en el mundo en el que vivimos hoy ten\u00eda sentido, tem\u00e1tica y narrativamente. Definitivamente no queremos repetirnos\u201d, se\u00f1al\u00f3 Bernard en una entrevista con <a href=\"https:\/\/www.hollywoodreporter.com\/tv\/tv-features\/narcos-mexico-final-season-3-netflix-2-1235042502\/\" target=\"_blank\" rel=\"noopener\">The Hollywood Reporter<\/a>.<\/p>\n<p><a georiot-ignore=\"1\" href=\"https:\/\/www.netflix.com\/us-es\/title\/80997085?source=35&amp;xs=1\" rel=\"sponsored noskim noopener\" target=\"_blank\" class=\"m-aff-button h-affiliate-link legacy-affiliate-5bacf942287a37fc3853d3f8c4cf4cef9075f5f3\" data-legacy-affiliate=\"1\" data-legacy-type=\"legacy-button\" data-slot-id=\"101\" data-legacy-network=\"skimlinks\" click_id_param=\"xcust\">Ver en Netflix<\/a><\/p>\n<p>As\u00ed, <em>Narcos: M\u00e9xico<\/em> se despide de la audiencia en un buen momento, sin embargo, quedan muchas interrogantes, sobre todo qu\u00e9 ocurri\u00f3 en la vida real con los personajes que dieron vida a la producci\u00f3n y que forman parte de la historia del narcotr\u00e1fico en M\u00e9xico.<\/p>\n<h2>F\u00e9lix Gallardo: El Padrino<\/h2>\n<figure class=\"aligncenter\"><img src=\"http:\/\/cordobadirecto.com\/wp-content\/uploads\/2021\/12\/que-ocurrio-en-la-vida-real-con-los-personajes-de-narcos-mexico.gif\" data-dt-lazy-src=\"https:\/\/icdn.dtcn.com\/image\/digitaltrends_es\/miguel-angel-felix-gallardo-se___htfy7doxy_720x0__1-720x720.jpg\" onerror=\"dti_load_error(this)\" class=\" size-large wp-image-903475 dt-lazy-load dt-lazy-pending\" alt><\/figure>\n<p>Uno de los personajes m\u00e1s importantes de la primera temporada. Es interpretado por el actor mexicano Diego Luna (<em>Rogue One<\/em>).<\/p>\n<p>Gallardo, tambi\u00e9n conocido como \u201cEl jefe de jefes\u201d, es considerado uno de los pioneros en la historia del narcotr\u00e1fico en M\u00e9xico, creador del c\u00e1rtel de Guadalajara. Fue el primero en mantener contacto con los colombianos y traficar coca\u00edna a <a href=\"https:\/\/es.digitaltrends.com\/salud\/estados-unidos-viajeros-vacunados-noviembre\/\">Estados Unidos<\/a>.<\/p>\n<p>En 1989, Gallardo fue detenido y el c\u00e1rtel pas\u00f3 a ser liderado por Rafael Caro Quintero. Actualmente, El Padrino cumple condena en el penal de alta seguridad del Altiplano, en Almoloya de Ju\u00e1rez, <a href=\"https:\/\/es.digitaltrends.com\/videojuego\/ubisoft-plus-lanza-oficialmente-mexico\/\">M\u00e9xico<\/a>.<\/p>\n<h2>Amado Carrillo Fuentes: \u201cEl Se\u00f1or de los Cielos\u201d<\/h2>\n<figure class=\"aligncenter\"><img src=\"http:\/\/cordobadirecto.com\/wp-content\/uploads\/2021\/12\/que-ocurrio-en-la-vida-real-con-los-personajes-de-narcos-mexico.gif\" data-dt-lazy-src=\"https:\/\/icdn.dtcn.com\/image\/digitaltrends_es\/kuwt2hels5czhc2mhazg57muau-720x720.jpg\" onerror=\"dti_load_error(this)\" class=\" size-large wp-image-903474 dt-lazy-load dt-lazy-pending\" alt><\/figure>\n<p>Socio de Pablo Escobar y l\u00edder del c\u00e1rtel de Ju\u00e1rez. Recib\u00eda ese apodo ya que utilizaba su flota de aviones para transportar la droga, entre las que hab\u00eda varias aeronaves Boeing 727.<\/p>\n<p>Carrillo Fuentes pas\u00f3 a ser buscado intensamente por las autoridades, lo que lo forz\u00f3 a realizar una intensa huida por Sudam\u00e9rica, que lo llev\u00f3 a Chile, Argentina y Uruguay.<\/p>\n<p>De vuelta en M\u00e9xico, falleci\u00f3 en 1997 luego de someterse a una cirug\u00eda est\u00e9tica.<\/p>\n<p>Amado Carrilo es interpretado por Jos\u00e9 Mar\u00eda Yazpik en la <a href=\"https:\/\/es.digitaltrends.com\/cine\/series-peacock\/\">serie<\/a> de Netflix.<\/p>\n<h2>Ismael \u201cEl Mayo\u201d Zambada<\/h2>\n<figure class=\"aligncenter\"><img src=\"http:\/\/cordobadirecto.com\/wp-content\/uploads\/2021\/12\/que-ocurrio-en-la-vida-real-con-los-personajes-de-narcos-mexico.gif\" data-dt-lazy-src=\"https:\/\/icdn.dtcn.com\/image\/digitaltrends_es\/eu-recompensara-con-15-mdd-a-quien-de-informacion-de-720x720.jpg\" onerror=\"dti_load_error(this)\" class=\" size-large wp-image-903473 dt-lazy-load dt-lazy-pending\" alt><\/figure>\n<p>Es uno de los l\u00edderes del c\u00e1rtel de Sinaola y uno de los narcotraficantes m\u00e1s buscados en el mundo. Se estima que su muerte o captura podr\u00eda provocar un verdadero \u201cba\u00f1o de sangre\u201d por la toma de control del c\u00e1rtel de Sinaola. Seg\u00fan las autoridades, ser\u00eda una guerra \u201csin precedentes\u201d en M\u00e9xico.<\/p>\n<p>El Mayo reci\u00e9n aparece en la tercera temporada de Narcos y es interpretado por el actor Alberto Guerra.<\/p>\n<h2>Joaqu\u00edn \u201cEl Chapo Guzm\u00e1n\u201d<\/h2>\n<figure id=\"attachment_903476\" aria-describedby=\"caption-attachment-903476\" class=\"wp-caption aligncenter\"><img src=\"http:\/\/cordobadirecto.com\/wp-content\/uploads\/2021\/12\/que-ocurrio-en-la-vida-real-con-los-personajes-de-narcos-mexico.gif\" data-dt-lazy-src=\"https:\/\/icdn.dtcn.com\/image\/digitaltrends_es\/anadolu-agencys-best-pictures-of-2016-720x720.jpg\" onerror=\"dti_load_error(this)\" class=\" size-large wp-image-903476 dt-lazy-load dt-lazy-pending\" alt><figcaption id=\"caption-attachment-903476\" class=\"wp-caption-text\"><span class=\"credit\">Getty Images<\/span><\/figcaption><\/figure>\n<p>Otro de los l\u00edderes del c\u00e1rtel de Sinaola. El Chapo es considerado uno de los narcotraficantes m\u00e1s importantes y reconocidos en el mundo.<\/p>\n<p>En la tercera temporada podemos ver el conflicto que tuvo con el c\u00e1rtel de Tijuana y su primera detenci\u00f3n en 1993, sin embargo, logr\u00f3 fugarse ocho a\u00f1os despu\u00e9s.<\/p>\n<p>En ese momento, El Chapo se convirti\u00f3 en el segundo hombre m\u00e1s buscado por el <a href=\"https:\/\/es.digitaltrends.com\/computadoras\/10-hackers-mas-buscados-fbi\/\">FBI<\/a> y la Interpol luego de Osama Bin Laden.<\/p>\n<p>En 2014, Guzm\u00e1n volvi\u00f3 a ser detenido, pero nuevamente se fug\u00f3, esta vez de la c\u00e1rcel de m\u00e1xima seguridad de El Altiplano.<\/p>\n<p>Finalmente, el l\u00edder del c\u00e1rtel de Sinaola fue capturado en 2016 y extraditado a Estados Unidos.<\/p>\n<p>En la serie, El Chapo es interpretado por Alejandro Edda, quien ha sorprendido por su parecido f\u00edsico con el narcotraficante.<\/p>\n<blockquote class=\"h-lazy-embed\" data-instgrm-captioned data-instgrm-permalink=\"https:\/\/www.instagram.com\/p\/CV4ZR0OrBUo\/?utm_source=ig_embed&amp;amp;utm_campaign=loading\" data-instgrm-version=\"14\" data-initial-classes=\"instagram-media\" data-embed-name=\"instagram\" data-sdk-src=\"\/\/platform.instagram.com\/en_US\/embeds.js\"><\/blockquote>\n<h2>Benjam\u00edn Arellano F\u00e9lix<\/h2>\n<blockquote class=\"h-lazy-embed\" data-instgrm-captioned data-instgrm-permalink=\"https:\/\/www.instagram.com\/p\/CTZxTKfnLyE\/?utm_source=ig_embed&amp;amp;utm_campaign=loading\" data-instgrm-version=\"14\" data-initial-classes=\"instagram-media\" data-embed-name=\"instagram\" data-sdk-src=\"\/\/platform.instagram.com\/en_US\/embeds.js\"><\/blockquote>\n<p>Es considerado uno de los l\u00edderes y fundadores del c\u00e1rtel de Tijuana. Su importancia crece despu\u00e9s del arresto de F\u00e9lix Gallardo en 1989.<\/p>\n<p>En enero de 2012, se declara culpable de crimen organizado y conspiraci\u00f3n para lavar dinero, siendo condenado a 25 a\u00f1os de c\u00e1rcel.<\/p>\n<p>En la serie de Netflix, el personaje es interpretado por Alfonso Dosal.<\/p>\n<h2>Ram\u00f3n Arellano F\u00e9lix<\/h2>\n<figure id=\"attachment_903472\" aria-describedby=\"caption-attachment-903472\" class=\"wp-caption aligncenter\"><img src=\"http:\/\/cordobadirecto.com\/wp-content\/uploads\/2021\/12\/que-ocurrio-en-la-vida-real-con-los-personajes-de-narcos-mexico.gif\" data-dt-lazy-src=\"https:\/\/icdn.dtcn.com\/image\/digitaltrends_es\/hermanos-arellano-felix-reuters-720x720.jpg\" onerror=\"dti_load_error(this)\" class=\"size-large wp-image-903472 dt-lazy-load dt-lazy-pending\" alt><figcaption id=\"caption-attachment-903472\" class=\"wp-caption-text\"><span class=\"text\">Los hermanos Arellano F\u00e9lix.<\/span> <span class=\"credit\">Reuters<\/span><\/figcaption><\/figure>\n<p>Otro de los fundadores del c\u00e1rtel de Tijuana. Es conocido por ser uno de los personajes m\u00e1s despiadados del narcotr\u00e1fico.<\/p>\n<p>Fue asesinado en febrero de 2002, en pleno carnaval de Mazatl\u00e1n, cuando era uno de los \u201ccapos\u201d m\u00e1s buscados de M\u00e9xico.<\/p>\n<p>El actor Manuel Masalva es quien interpreta a Ram\u00f3n en la ficci\u00f3n de Netflix.<\/p>\n<h2>Enedina Arellano F\u00e9lix<\/h2>\n<figure class=\"aligncenter\"><img src=\"http:\/\/cordobadirecto.com\/wp-content\/uploads\/2021\/12\/que-ocurrio-en-la-vida-real-con-los-personajes-de-narcos-mexico.gif\" data-dt-lazy-src=\"https:\/\/icdn.dtcn.com\/image\/digitaltrends_es\/5477mmb32rdonakxr5thdbjqee-720x720.jpg\" onerror=\"dti_load_error(this)\" class=\" size-large wp-image-903471 dt-lazy-load dt-lazy-pending\" alt><\/figure>\n<p>Junto a sus hermanos, tambi\u00e9n particip\u00f3 de la fundaci\u00f3n del c\u00e1rtel de Tijuana y lleg\u00f3 a desempe\u00f1arse como contadora log\u00edstica de la organizaci\u00f3n.<\/p>\n<p>Fue considerada la mujer m\u00e1s poderosa del negocio de la droga durante los a\u00f1os noventa. De acuerdo con un informe de la DEA, Enedina es la l\u00edder de la organizaci\u00f3n a partir de 2008.<\/p>\n<p><a georiot-ignore=\"1\" href=\"https:\/\/www.netflix.com\/us-es\/title\/80997085?source=35&amp;xs=1\" rel=\"sponsored noskim noopener\" target=\"_blank\" class=\"m-aff-button h-affiliate-link legacy-affiliate-85eea15b2e0299355088262c6d02bbe47e3e4800\" data-legacy-affiliate=\"1\" data-legacy-type=\"legacy-button\" data-slot-id=\"201\" data-legacy-network=\"skimlinks\" click_id_param=\"xcust\">Ver en Netflix<\/a><\/p>\n<h4 class=\"h-editors-recs-title\"> Recomendaciones del editor\t<\/h4>\n<p> <span id=\"publisher-md\" itemprop=\"publisher\" itemscope itemtype=\"https:\/\/schema.org\/Organization\"> <span itemprop=\"url\" itemtype=\"https:\/\/schema.org\/Url\" content=\"https:\/\/es.digitaltrends.com\"> <span itemprop=\"logo\" itemscope itemtype=\"https:\/\/schema.org\/ImageObject\"> <meta itemprop=\"url\" content=\"https:\/\/cdn.dtcn.com\/dt\/dt-logo-small.png\"> <meta itemprop=\"width\" content=\"0\"> <meta itemprop=\"height\" content=\"0\"> <\/span> <meta itemprop=\"name\" content=\"Digital Trends Espa\u00f1ol\"> <\/span> <span itemprop=\"image\" itemscope itemtype=\"https:\/\/schema.org\/ImageObject\"> <meta itemprop=\"url\" content=\"https:\/\/icdn.dtcn.com\/image\/digitaltrends_es\/71-narcos-2.jpg\"> <\/span> <\/span><\/p>\n","protected":false},"excerpt":{"rendered":"<p>El estreno de la tercera temporada de Narcos: M\u00e9xico se convirti\u00f3 en todo una tendencia en las redes sociales y en uno de los retornos m\u00e1s esperados de Netflix. En las \u00faltimas semanas, la ficci\u00f3n de la plataforma ha hecho noticia ya que su creador, Carlo Bernard, inform\u00f3 que estos diez cap\u00edtulos ser\u00edan los \u00faltimos [&hellip;]<\/p>\n","protected":false},"author":1,"featured_media":34884,"comment_status":"closed","ping_status":"closed","sticky":false,"template":"","format":"standard","meta":[],"categories":[18],"tags":[],"_links":{"self":[{"href":"http:\/\/cordobadirecto.com\/index.php\/wp-json\/wp\/v2\/posts\/34883"}],"collection":[{"href":"http:\/\/cordobadirecto.com\/index.php\/wp-json\/wp\/v2\/posts"}],"about":[{"href":"http:\/\/cordobadirecto.com\/index.php\/wp-json\/wp\/v2\/types\/post"}],"author":[{"embeddable":true,"href":"http:\/\/cordobadirecto.com\/index.php\/wp-json\/wp\/v2\/users\/1"}],"replies":[{"embeddable":true,"href":"http:\/\/cordobadirecto.com\/index.php\/wp-json\/wp\/v2\/comments?post=34883"}],"version-history":[{"count":0,"href":"http:\/\/cordobadirecto.com\/index.php\/wp-json\/wp\/v2\/posts\/34883\/revisions"}],"wp:featuredmedia":[{"embeddable":true,"href":"http:\/\/cordobadirecto.com\/index.php\/wp-json\/wp\/v2\/media\/34884"}],"wp:attachment":[{"href":"http:\/\/cordobadirecto.com\/index.php\/wp-json\/wp\/v2\/media?parent=34883"}],"wp:term":[{"taxonomy":"category","embeddable":true,"href":"http:\/\/cordobadirecto.com\/index.php\/wp-json\/wp\/v2\/categories?post=34883"},{"taxonomy":"post_tag","embeddable":true,"href":"http:\/\/cordobadirecto.com\/index.php\/wp-json\/wp\/v2\/tags?post=34883"}],"curies":[{"name":"wp","href":"https:\/\/api.w.org\/{rel}","templated":true}]}}