{"id":34885,"date":"2021-12-22T23:24:00","date_gmt":"2021-12-22T23:24:00","guid":{"rendered":"http:\/\/cordobadirecto.com\/index.php\/2021\/12\/22\/espana-dispuso-la-obligatoriedad-de-tapabocas-en-exteriores\/"},"modified":"2021-12-22T23:24:00","modified_gmt":"2021-12-22T23:24:00","slug":"espana-dispuso-la-obligatoriedad-de-tapabocas-en-exteriores","status":"publish","type":"post","link":"http:\/\/cordobadirecto.com\/index.php\/2021\/12\/22\/espana-dispuso-la-obligatoriedad-de-tapabocas-en-exteriores\/","title":{"rendered":"Espa\u00f1a dispuso la obligatoriedad de tapabocas en exteriores"},"content":{"rendered":"<div class=\"video_repositive\"> <a class=\"video_sticky\" href=\"javascript:void();\" onclick=\"removeStuckVideo(true);\"><i class=\"far fa-window-close\"><\/i><\/a> <\/p>\n<div id=\"LEgBHtcN798\" class=\"video_telam\" readability=\"6\">\n<div class=\"feature_article_inner\" readability=\"32\">\n<p><h2 class=\"text-center\">Espa\u00f1a dispuso la obligatoriedad de tapabocas en exteriores por otro rebrote de coronavirus<\/h2>\n<\/p><\/div>\n<p>VER VIDEO <i class=\"fas fa-play\"><\/i><\/p>\n<\/p><\/div><\/div>\n<p>El presidente del Gobierno espa\u00f1ol, Pedro S\u00e1nchez, propuso a sus pares aut\u00f3nomos la vuelta de la obligatoriedad del uso de tapabocas en exteriores a fin de controlar el aumento explosivo de nuevos casos de coronavirus, que sum\u00f3 otro r\u00e9cord de 50.000 en las \u00faltimas 24 horas en el marco de una alarmante sexta ola agravada por la aparici\u00f3n de la temible cepa \u00d3micron.<\/p>\n<p>La medida ser\u00eda aprobada ma\u00f1ana mismo en un Consejo de Ministros extraordinario, informaron fuentes gubernamentales, aunque medios espa\u00f1oles, como el diario La Vanguardia, hablan de una imposici\u00f3n por decreto, citando fuentes gubernamentales.<\/p>\n<p>S\u00e1nchez anunci\u00f3 la medida en la Conferencia de Presidentes que se celebra de manera telem\u00e1tica para abordar junto a los mandatarios aut\u00f3nomos la situaci\u00f3n de la pandemia, que present\u00f3 un s\u00fabito incremento de contagios en los \u00faltimos d\u00edas.<\/p>\n<p>En este contexto, el jefe del Ejecutivo finalmente hizo caso a los siete gobernantes aut\u00f3nomos que hab\u00edan propuesto volver a retomar el uso obligatorio de barbijos en exteriores.<\/p>\n<figure class=\"mb-3\"><img loading=\"lazy\" src=\"http:\/\/cordobadirecto.com\/wp-content\/uploads\/2021\/12\/espana-dispuso-la-obligatoriedad-de-tapabocas-en-exteriores.jpg\" width=\"100%\" height=\"100%\" alt=\"Telam SE\"><figcaption><\/figcaption><\/figure>\n<p>El pasado 26 de junio el Gobierno central decidi\u00f3 poner fin a esa restricci\u00f3n si se cumpl\u00eda con m\u00e1s de 1,5 metros de distanciamiento f\u00edsico.<\/p>\n<p>Sin embargo, S\u00e1nchez decidi\u00f3 volver a proponer esta obligatoriedad como una medida que, a su juicio, podr\u00eda controlar el avance de la enfermedad, que se complic\u00f3 sobremanera con la irrupci\u00f3n de la cepa \u00d3micron, de supers\u00f3nica propagaci\u00f3n y muy alta contagiosidad, aunque menos mort\u00edfera que su antecesora Delta.<\/p>\n<figure class=\"mb-3\"><img loading=\"lazy\" src=\"http:\/\/cordobadirecto.com\/wp-content\/uploads\/2021\/12\/espana-dispuso-la-obligatoriedad-de-tapabocas-en-exteriores-1.jpg\" width=\"100%\" height=\"100%\" alt=\"Telam SE\"><figcaption><\/figcaption><\/figure>\n<p>Asimismo, S\u00e1nchez propuso reforzar los dispositivos de vacunaci\u00f3n con equipos de las Fuerzas Armadas y poner a disposici\u00f3n hospitales de la Red Sanitaria Militar.<\/p>\n<p>En este contexto, plante\u00f3 la intensificaci\u00f3n del proceso de inoculaci\u00f3n y puso como objetivos que el 80% de la poblaci\u00f3n entre 60 y 69 a\u00f1os est\u00e9 inyectada con la tercera dosis antes de que finalice el a\u00f1o, que mismo porcentaje de entre 50 y 59 a\u00f1os lo est\u00e9 en la semana del 24 de enero y que el 80% de entre 40 y 49 a\u00f1os tenga el remedio de refuerzo en la primera semana de marzo.<\/p>\n<p>Adem\u00e1s, que el 70% de los ni\u00f1os entre 5 y 11 a\u00f1os cuente con la primera dosis pedi\u00e1trica en la semana del 7 de febrero y que el 70% tenga la segunda en la del 19 de abril.<\/p>\n<p>Otra de las medidas trasladadas fueron la contrataci\u00f3n de personal sanitario jubilado y prejubilado y la habilitaci\u00f3n para tomar profesionales con t\u00edtulo de especialista obtenido en Estados no miembros de la Uni\u00f3n Europea, rese\u00f1\u00f3 la agencia de noticias Europa Press.<\/p>\n<p>En cuanto a las pruebas Covid, se emitir\u00e1n autorizaciones temporales para permitir la venta en farmacias de determinados test de ant\u00edgenos de uso profesional para que est\u00e9n a disposici\u00f3n de toda la poblaci\u00f3n.<\/p>\n<p>Tambi\u00e9n record\u00f3 que las personas que hayan tenido contacto directo con un contagiado no deber\u00e1n realizar la cuarentena en caso de estar vacunadas con la pauta completa, y que a partir del 1 de febrero el Certificado Covid tendr\u00e1 un caducidad de nueve meses desde la fecha de la administraci\u00f3n de la \u00faltima dosis.<\/p>\n<p>Espa\u00f1a, que atraviesa una alarmante sexta ola, suma 5.59 millones de casos y casi 89.000 muertes desde el inicio del flagelo, seg\u00fan el \u00faltimo reporte sanitario.<\/p>\n","protected":false},"excerpt":{"rendered":"<p>Espa\u00f1a dispuso la obligatoriedad de tapabocas en exteriores por otro rebrote de coronavirus VER VIDEO El presidente del Gobierno espa\u00f1ol, Pedro S\u00e1nchez, propuso a sus pares aut\u00f3nomos la vuelta de la obligatoriedad del uso de tapabocas en exteriores a fin de controlar el aumento explosivo de nuevos casos de coronavirus, que sum\u00f3 otro r\u00e9cord de [&hellip;]<\/p>\n","protected":false},"author":1,"featured_media":34886,"comment_status":"closed","ping_status":"closed","sticky":false,"template":"","format":"standard","meta":[],"categories":[24],"tags":[],"_links":{"self":[{"href":"http:\/\/cordobadirecto.com\/index.php\/wp-json\/wp\/v2\/posts\/34885"}],"collection":[{"href":"http:\/\/cordobadirecto.com\/index.php\/wp-json\/wp\/v2\/posts"}],"about":[{"href":"http:\/\/cordobadirecto.com\/index.php\/wp-json\/wp\/v2\/types\/post"}],"author":[{"embeddable":true,"href":"http:\/\/cordobadirecto.com\/index.php\/wp-json\/wp\/v2\/users\/1"}],"replies":[{"embeddable":true,"href":"http:\/\/cordobadirecto.com\/index.php\/wp-json\/wp\/v2\/comments?post=34885"}],"version-history":[{"count":0,"href":"http:\/\/cordobadirecto.com\/index.php\/wp-json\/wp\/v2\/posts\/34885\/revisions"}],"wp:featuredmedia":[{"embeddable":true,"href":"http:\/\/cordobadirecto.com\/index.php\/wp-json\/wp\/v2\/media\/34886"}],"wp:attachment":[{"href":"http:\/\/cordobadirecto.com\/index.php\/wp-json\/wp\/v2\/media?parent=34885"}],"wp:term":[{"taxonomy":"category","embeddable":true,"href":"http:\/\/cordobadirecto.com\/index.php\/wp-json\/wp\/v2\/categories?post=34885"},{"taxonomy":"post_tag","embeddable":true,"href":"http:\/\/cordobadirecto.com\/index.php\/wp-json\/wp\/v2\/tags?post=34885"}],"curies":[{"name":"wp","href":"https:\/\/api.w.org\/{rel}","templated":true}]}}