{"id":35054,"date":"2021-12-24T00:48:00","date_gmt":"2021-12-24T00:48:00","guid":{"rendered":"http:\/\/cordobadirecto.com\/index.php\/2021\/12\/24\/el-mundo-cancela-fiestas-de-fin-de-ano-y-refuerza-medidas-frente-al-alza-de-contagios\/"},"modified":"2021-12-24T00:48:00","modified_gmt":"2021-12-24T00:48:00","slug":"el-mundo-cancela-fiestas-de-fin-de-ano-y-refuerza-medidas-frente-al-alza-de-contagios","status":"publish","type":"post","link":"http:\/\/cordobadirecto.com\/index.php\/2021\/12\/24\/el-mundo-cancela-fiestas-de-fin-de-ano-y-refuerza-medidas-frente-al-alza-de-contagios\/","title":{"rendered":"El mundo cancela fiestas de fin de a\u00f1o y refuerza medidas frente al alza de contagios"},"content":{"rendered":"<figure class=\"mb-3\"><img loading=\"lazy\" src=\"http:\/\/cordobadirecto.com\/wp-content\/uploads\/2021\/12\/el-mundo-cancela-fiestas-de-fin-de-ano-y-refuerza-medidas-frente-al-alza-de-contagios.jpg\" width=\"100%\" height=\"100%\" alt=\"Gobiernos europeos incrementaron las restricciones para las fiestas Foto AFP\"><figcaption> Gobiernos europeos incrementaron las restricciones para las fiestas. Foto: AFP <\/figcaption><\/figure>\n<p>D\u00edas atr\u00e1s, el director general de la Organizaci\u00f3n Mundial de la Salud (OMS),&nbsp;Tedros Adhanom Ghebreyesus,&nbsp;alert\u00f3 que&nbsp;&#8220;Hay pruebas consistentes de que \u00d3micron se est\u00e1 propagando significativamente m\u00e1s r\u00e1pido que la variante Delta. Y es m\u00e1s probable que las personas vacunadas o recuperadas de Covid-19 puedan infectarse o reinfectarse&#8221;.<\/p>\n<p>Frente a esto,<strong> varios Gobiernos revivieron medidas que acompa\u00f1aron a cientos de miles de habitantes el a\u00f1o pasado en las fiestas.<\/strong><\/p>\n<p><a href=\"https:\/\/www.telam.com.ar\/notas\/202112\/578934-eeuu-coronavirus-peor-momento.html\" target=\"_blank\" rel=\"noopener\"><strong>Los estadounidenses, el pa\u00eds con m\u00e1s casos de coronavirus y muertes <\/strong><\/a>acumuladas por la enfermedad en el mundo -m\u00e1s de 51 millones y 809.400, respectivamente- y que recientemente ha experimentado un <strong>abrupto incremento de infecciones debido a la variante \u00d3micron, ya empezaron a sentir las cancelaciones de fiestas de fin de a\u00f1o.<\/strong><\/p>\n<p>La segunda ciudad estadounidense m\u00e1s grande, Los \u00c1ngeles, por ejemplo, cancel\u00f3 la asistencia a la fiesta de A\u00f1o Nuevo en Grand Park, aunque el evento podr\u00e1 ser visto por internet, como ocurri\u00f3 en 2020, mientras que los estados de California y Rhode Island reimpusieron tapabocas en interiores.<\/p>\n<p>En la ciudad de Nueva York, epicentro global de la pandemia en 2020 y donde un incremento en las infecciones ya afecta los espect\u00e1culos de Broadway y genera largas filas en centros de testeos, se espera esta semana el anuncio del alcalde Bill de Blasio sobre la famosa celebraci\u00f3n de A\u00f1o Nuevo en Times Square.<\/p>\n<p>En la lim\u00edtrofe <strong>Canad\u00e1, la provincia de Quebec impuso un l\u00edmite de seis personas o de dos burbujas familiares para reuniones en casas desde el 26 de diciembre, mientras que la Columbia Brit\u00e1nica cerr\u00f3 bares, discotecas y gimnasios.<\/strong><\/p>\n<h2 class>Latinoam\u00e9rica<\/h2>\n<p><\/p>\n<figure class=\"mb-3\"><img loading=\"lazy\" src=\"http:\/\/cordobadirecto.com\/wp-content\/uploads\/2021\/12\/el-mundo-cancela-fiestas-de-fin-de-ano-y-refuerza-medidas-frente-al-alza-de-contagios-1.jpg\" width=\"100%\" height=\"100%\" alt=\"En Brasil Ro de Janeiro no tendr su tradicional despedida del ao Foto Archivo\"><figcaption> En Brasil, R\u00edo de Janeiro no tendr\u00e1 su tradicional despedida del a\u00f1o. Foto: Archivo <\/figcaption><\/figure>\n<p><br open> En Am\u00e9rica Latina, donde la directora de la Organizaci\u00f3n Panamericana de la Salud, Carissa Etienne, asegur\u00f3 que este a\u00f1o hubo triple de infecciones y muertes por coronavirus&#8221;.<\/p>\n<p><strong>Brasil,<\/strong> uno de los pa\u00edses de la regi\u00f3n m\u00e1s golpeados por la pandemia con 21,2 millones de casos y 615.000 decesos, <strong>se vio obligado a extremar sus cuidados y prohibi\u00f3 el ingreso al pa\u00eds de turistas no vacunados.<\/strong><\/p>\n<p><strong>R\u00edo de Janeiro, por ejemplo, cancel\u00f3 su fiesta oficial de fin de a\u00f1o<\/strong>, a la que cada a\u00f1o acuden millones de turistas de todo el mundo, y en total, 21 de las 27 capitales brasile\u00f1as no celebrar\u00e1n fin de a\u00f1o para evitar contagios masivos de coronavirus.<\/p>\n<p>Chile, por su parte, tiene prohibido el ingreso al pa\u00eds de extranjeros no residentes que hayan estado los \u00faltimos d\u00edas en los pa\u00edses africanos de Sud\u00e1frica, Zimbabwe, Namibia, Botsuana, Lesoto, Esuatini y Mozambique.<\/p>\n<p><strong>En Per\u00fa, el Gobierno resolvi\u00f3 ampliar el horario del toque de queda que regir\u00e1 los d\u00edas de las fiestas de fin de a\u00f1o<\/strong> (los viernes 24 y 31 de diciembre) desde las 23 y no a la 1 del d\u00eda siguiente, como estaba previsto, y se extender\u00e1 hasta las 4, tal como se hab\u00eda programado originalmente.<\/p>\n<p><strong>En Ecuador, las autoridades prohibieron la celebraci\u00f3n en espacios p\u00fablicos de procesiones y fiestas por Navidad y fin de a\u00f1o, redujeron el aforo en iglesias, centros comerciales, restaurantes y playas -con apertura entre las 6 y las 18-, <\/strong>y varios sitios exigen <a href=\"https:\/\/www.telam.com.ar\/notas\/202112\/578894-ecuador-declaro-obligatoria-la-vacuna-contra-el-coronavirus.html\" target=\"_blank\" rel=\"noopener\"><strong>presentaci\u00f3n de certificados de vacunaci\u00f3n.<\/strong><\/a><\/p>\n<p><strong>En Bolivia, se proh\u00edben fiestas en lugares cerrados<\/strong> y los centros de eventos que est\u00e9s gestionando fiestas deber\u00e1n presentar autorizaci\u00f3n y, adem\u00e1s de l\u00edmite de aforo, el horario permitido ser\u00e1 desde las 5 del 31 de diciembre a las 5 del 1 de enero de 2022.<\/p>\n<h2 class>Europa<\/h2>\n<p><\/p>\n<figure class=\"mb-3\"><img loading=\"lazy\" src=\"http:\/\/cordobadirecto.com\/wp-content\/uploads\/2021\/12\/el-mundo-cancela-fiestas-de-fin-de-ano-y-refuerza-medidas-frente-al-alza-de-contagios-2.jpg\" width=\"100%\" height=\"100%\" alt=\"Varios gobiernos del mundo incrementaron las restricciones por Covid Foto Archivo\"><figcaption> Varios gobiernos del mundo incrementaron las restricciones por Covid. Foto: Archivo <\/figcaption><\/figure>\n<p><br open> La situaci\u00f3n no es mejor en Europa, donde <strong>el Centro Europeo para el Control y la Prevenci\u00f3n de Enfermedades (ECDC) asegur\u00f3 que ya existe transmisi\u00f3n comunitaria de la variante \u00d3micron, que espera &#8220;un nuevo y r\u00e1pido aumento de los casos en los pr\u00f3ximos dos meses&#8221; y que la vacunaci\u00f3n &#8220;no es suficiente&#8221;<\/strong>, por lo que exhort\u00f3 a los Gobiernos a reintroducir medidas.<\/p>\n<p><a href=\"https:\/\/www.telam.com.ar\/notas\/202112\/578867-reino-unido-120-mil-contagios.html\" target=\"_blank\" rel=\"noopener\"><strong>En el Reino Unido, el pa\u00eds m\u00e1s afectado de Europa<\/strong><\/a> por la variante \u00d3micron y que super\u00f3 por primera vez en toda la pandemia los 100.000 casos diarios el mi\u00e9rcoles \u00faltimo, el premier Boris Johnson descart\u00f3 nuevas medidas antes de Navidad, pero <strong>el alcalde de Londres, Sadiq Khan, cancel\u00f3 las celebraciones p\u00fablicas de la noche de A\u00f1o Nuevo.<\/strong><\/p>\n<p><strong>Alemania limit\u00f3 las reuniones de la noche del 24 de diciembre a 10 personas y anunci\u00f3 que a partir del 28 de diciembre todos los eventos deportivos ser\u00e1n a puerta cerrada, sin presencia del p\u00fablico.<\/strong><\/p>\n<p><strong><a href=\"https:\/\/www.telam.com.ar\/notas\/202112\/578919-francia-coronavirus-record.html\" target=\"_blank\" rel=\"noopener\">En Francia<\/a>, el Gobierno pidi\u00f3 a las alcald\u00edas anular los conciertos y fuegos artificiales <\/strong>previstos para la noche de A\u00f1o Nuevo, cancel\u00f3 el consumo de alcohol en la v\u00eda p\u00fablica y en Par\u00eds se suspendieron las celebraciones en los Campos El\u00edseos.<\/p>\n<p><strong>En Espa\u00f1a,<a href=\"https:\/\/www.telam.com.ar\/notas\/202112\/578851-pandemia-contagios-coronavirus-cataluna-espana.html\" target=\"_blank\" rel=\"noopener\"> Catalu\u00f1a se convirti\u00f3 el lunes \u00faltimo en la primera regi\u00f3n en imponer nuevas restricciones <\/a>a partir de este jueves: toque de queda de 1 a 6 de la madrugada, 50% de aforo en restaurantes<\/strong> y un l\u00edmite de 10 personas para todo tipo de reuniones sociales, mientras que otras ocho zonas presionan al gobierno nacional para que aplique medidas y que dispuso del uso obligatorio de barbijos.<\/p>\n<p><strong>En Italia, algunas ciudades ya pusieron en marcha restricciones de aforo <\/strong>debido a las compras navide\u00f1as y <a href=\"https:\/\/www.telam.com.ar\/notas\/202112\/578822-coronavirus-italia-barbijo-roma.html\" target=\"_blank\" rel=\"noopener\"><strong>el uso de barbijo al aire libre volvi\u00f3 a ser obligatorio en la regi\u00f3n de Lacio, que contiene la capital Roma<\/strong><\/a>, mientras el Gobierno nacional eval\u00faa m\u00e1s medidas.<\/p>\n<p><strong>En Grecia, del viernes 24 de diciembre al domingo 2 de enero ser\u00e1 obligatorio el uso de tapabocas.<\/strong><\/p>\n<p>En paralelo, en Alemania, donde un fuerte brote de la variante Delta comenz\u00f3 ya a remitir a golpe de restricciones, el Gobierno dijo que \u00d3micron ser\u00e1 la dominante dentro de una a tres semanas, lo que hace temer un nuevo pico y, por eso, prohibi\u00f3 el p\u00fablico en grandes eventos deportivos y limit\u00f3 a 10 el n\u00famero de personas que pueden reunirse en Nochebuena.<\/p>\n","protected":false},"excerpt":{"rendered":"<p>Gobiernos europeos incrementaron las restricciones para las fiestas. Foto: AFP D\u00edas atr\u00e1s, el director general de la Organizaci\u00f3n Mundial de la Salud (OMS),&nbsp;Tedros Adhanom Ghebreyesus,&nbsp;alert\u00f3 que&nbsp;&#8220;Hay pruebas consistentes de que \u00d3micron se est\u00e1 propagando significativamente m\u00e1s r\u00e1pido que la variante Delta. Y es m\u00e1s probable que las personas vacunadas o recuperadas de Covid-19 puedan infectarse [&hellip;]<\/p>\n","protected":false},"author":1,"featured_media":35055,"comment_status":"closed","ping_status":"closed","sticky":false,"template":"","format":"standard","meta":[],"categories":[24],"tags":[],"_links":{"self":[{"href":"http:\/\/cordobadirecto.com\/index.php\/wp-json\/wp\/v2\/posts\/35054"}],"collection":[{"href":"http:\/\/cordobadirecto.com\/index.php\/wp-json\/wp\/v2\/posts"}],"about":[{"href":"http:\/\/cordobadirecto.com\/index.php\/wp-json\/wp\/v2\/types\/post"}],"author":[{"embeddable":true,"href":"http:\/\/cordobadirecto.com\/index.php\/wp-json\/wp\/v2\/users\/1"}],"replies":[{"embeddable":true,"href":"http:\/\/cordobadirecto.com\/index.php\/wp-json\/wp\/v2\/comments?post=35054"}],"version-history":[{"count":0,"href":"http:\/\/cordobadirecto.com\/index.php\/wp-json\/wp\/v2\/posts\/35054\/revisions"}],"wp:featuredmedia":[{"embeddable":true,"href":"http:\/\/cordobadirecto.com\/index.php\/wp-json\/wp\/v2\/media\/35055"}],"wp:attachment":[{"href":"http:\/\/cordobadirecto.com\/index.php\/wp-json\/wp\/v2\/media?parent=35054"}],"wp:term":[{"taxonomy":"category","embeddable":true,"href":"http:\/\/cordobadirecto.com\/index.php\/wp-json\/wp\/v2\/categories?post=35054"},{"taxonomy":"post_tag","embeddable":true,"href":"http:\/\/cordobadirecto.com\/index.php\/wp-json\/wp\/v2\/tags?post=35054"}],"curies":[{"name":"wp","href":"https:\/\/api.w.org\/{rel}","templated":true}]}}