{"id":35056,"date":"2021-12-24T00:47:00","date_gmt":"2021-12-24T00:47:00","guid":{"rendered":"http:\/\/cordobadirecto.com\/index.php\/2021\/12\/24\/eeuu-transita-por-el-peor-momento-de-la-pandemia\/"},"modified":"2021-12-24T00:47:00","modified_gmt":"2021-12-24T00:47:00","slug":"eeuu-transita-por-el-peor-momento-de-la-pandemia","status":"publish","type":"post","link":"http:\/\/cordobadirecto.com\/index.php\/2021\/12\/24\/eeuu-transita-por-el-peor-momento-de-la-pandemia\/","title":{"rendered":"EEUU transita por el peor momento de la pandemia"},"content":{"rendered":"<figure class=\"mb-3\"><img loading=\"lazy\" src=\"http:\/\/cordobadirecto.com\/wp-content\/uploads\/2021\/12\/eeuu-transita-por-el-peor-momento-de-la-pandemia.jpg\" width=\"100%\" height=\"100%\" alt=\"Los testeos reportan un aumento creciente de casos con la llegada del invierno Foto Archivo\"><figcaption> Los testeos reportan un aumento creciente de casos con la llegada del invierno. Foto: Archivo <\/figcaption><\/figure>\n<p>Cada vez m\u00e1s afianzado en su condici\u00f3n de pa\u00eds m\u00e1s afectado por la pandemia de coronavirus, <strong>Estados Unidos notific\u00f3 este jueves 243.817 nuevos casos y 1.522 muertes<\/strong>, seg\u00fan datos de la red estatal de Centros de Prevenci\u00f3n y Control de Enfermedades (CDC).<\/p>\n<p>Desde el comienzo de la enfermedad, el n\u00famero total de infectados subi\u00f3 a 51.574.787, m\u00e1s del 15% por ciento de la poblaci\u00f3n, de acuerdo a la estad\u00edstica oficial recogida por la agencia de noticias Sputnik.<\/p>\n<p>Los estados m\u00e1s afectados son California, con 5,22 millones de contagiados, seguido de Texas (4,44 millones), Florida (3,83 millones), Nueva York (3,05 millones) e IIlinois (2,0millones). En total, 16 de los 50 estados superan el mill\u00f3n de infectados.<\/p>\n<p>Los CDC comunicaron tambi\u00e9n el deceso de otros 1.522 pacientes, lo que convierte a la primera potencia en la naci\u00f3n con m\u00e1s cantidad de fallecidos, 809.300, mientras que el total de casos asciende a 277 millones, ambas cifras las m\u00e1s elevadas del mundo, por delante de India y Brasil.<\/p>\n<p><strong>El temor crece ante la expansi\u00f3n de la nueva variante \u00d3micron<\/strong>, que ya ha sido detectada en los 50 estados, unos tres semanas despu\u00e9s de haberse presentado por primera vez, consign\u00f3 la agencia de noticias ANSA.<\/p>\n<figure class=\"mb-3\"><img loading=\"lazy\" src=\"http:\/\/cordobadirecto.com\/wp-content\/uploads\/2021\/12\/eeuu-transita-por-el-peor-momento-de-la-pandemia-1.jpg\" width=\"100%\" height=\"100%\" alt=\"Biden afirm que los inoculados no tienen que temer por micron Foto Archivo\"><figcaption> Biden afirm\u00f3 que los inoculados no tienen que temer por \u00d3micron. Foto: Archivo <\/figcaption><\/figure>\n<p><br open>Esta alarmante situaci\u00f3n puso en duda los planes de vacaciones de millones de personas que temen por la veloc\u00edsima propalaci\u00f3n de la nueva cepa originaria de Sud\u00e1frica y ya expandida a casi todo el mundo con altos \u00edndices de contagiosidad aunque menor letalidad que su predecesora Delta.<\/p>\n<p>A\u00fan as\u00ed, <strong>el presidente Joe Biden afirm\u00f3 d\u00edas atr\u00e1s que las personas con la pauta completa de vacunaci\u00f3n de dos dosis no deben alarmarse por los efectos de \u00d3micron<\/strong>, pero s\u00ed estar atentas.<\/p>\n<p>Por otro lado, <strong>La Administraci\u00f3n de Medicamentos y Alimentos (FDA) de Estados Unidos aprob\u00f3 el uso de emergencia de la p\u00edldora antiviral de la famac\u00e9utica Merck<\/strong><strong>para tratar a pacientes con coronavirus,<\/strong> un d\u00eda despu\u00e9s de hacer lo propio con la de la compa\u00f1\u00eda Pfizer.<\/p>\n<p>El medicamento desarrollado por Merck fue autorizado para su uso en adultos en riesgo de presentar s\u00edntomas graves de la enfermedad debido a su cuadro cl\u00ednico, aunque el tratamiento deber\u00e1 administrarse cuando sean leves o moderados.<\/p>\n<p>A diferencia de la de Pfizer, no podr\u00e1 ser recetada en menores de hasta doce a\u00f1os, refiri\u00f3 la agencia de noticias Europa Press.<\/p>\n<p>El molnupiravir est\u00e1 disponible solo con receta m\u00e9dica y debe iniciarse lo antes posible despu\u00e9s del diagn\u00f3stico positivo y dentro de los cinco d\u00edas posteriores al inicio de los s\u00edntomas.<\/p>\n<p>El gobierno sell\u00f3 un acuerdo con Merck valorado en 2.200 millones de d\u00f3lares a cambio de una primera remesa de alrededor de 3,1 millones de dosis, inform\u00f3 esta semana el coordinador de respuesta contra la pandemia de la Casa Blanca, Jeff Zients. <\/p>\n","protected":false},"excerpt":{"rendered":"<p>Los testeos reportan un aumento creciente de casos con la llegada del invierno. Foto: Archivo Cada vez m\u00e1s afianzado en su condici\u00f3n de pa\u00eds m\u00e1s afectado por la pandemia de coronavirus, Estados Unidos notific\u00f3 este jueves 243.817 nuevos casos y 1.522 muertes, seg\u00fan datos de la red estatal de Centros de Prevenci\u00f3n y Control de [&hellip;]<\/p>\n","protected":false},"author":1,"featured_media":35057,"comment_status":"closed","ping_status":"closed","sticky":false,"template":"","format":"standard","meta":[],"categories":[24],"tags":[],"_links":{"self":[{"href":"http:\/\/cordobadirecto.com\/index.php\/wp-json\/wp\/v2\/posts\/35056"}],"collection":[{"href":"http:\/\/cordobadirecto.com\/index.php\/wp-json\/wp\/v2\/posts"}],"about":[{"href":"http:\/\/cordobadirecto.com\/index.php\/wp-json\/wp\/v2\/types\/post"}],"author":[{"embeddable":true,"href":"http:\/\/cordobadirecto.com\/index.php\/wp-json\/wp\/v2\/users\/1"}],"replies":[{"embeddable":true,"href":"http:\/\/cordobadirecto.com\/index.php\/wp-json\/wp\/v2\/comments?post=35056"}],"version-history":[{"count":0,"href":"http:\/\/cordobadirecto.com\/index.php\/wp-json\/wp\/v2\/posts\/35056\/revisions"}],"wp:featuredmedia":[{"embeddable":true,"href":"http:\/\/cordobadirecto.com\/index.php\/wp-json\/wp\/v2\/media\/35057"}],"wp:attachment":[{"href":"http:\/\/cordobadirecto.com\/index.php\/wp-json\/wp\/v2\/media?parent=35056"}],"wp:term":[{"taxonomy":"category","embeddable":true,"href":"http:\/\/cordobadirecto.com\/index.php\/wp-json\/wp\/v2\/categories?post=35056"},{"taxonomy":"post_tag","embeddable":true,"href":"http:\/\/cordobadirecto.com\/index.php\/wp-json\/wp\/v2\/tags?post=35056"}],"curies":[{"name":"wp","href":"https:\/\/api.w.org\/{rel}","templated":true}]}}