{"id":35058,"date":"2021-12-24T00:22:03","date_gmt":"2021-12-24T00:22:03","guid":{"rendered":"http:\/\/cordobadirecto.com\/index.php\/2021\/12\/24\/la-actividad-economica-cayo-08-en-octubre-radio-suquia-96-5\/"},"modified":"2021-12-24T00:22:03","modified_gmt":"2021-12-24T00:22:03","slug":"la-actividad-economica-cayo-08-en-octubre-radio-suquia-96-5","status":"publish","type":"post","link":"http:\/\/cordobadirecto.com\/index.php\/2021\/12\/24\/la-actividad-economica-cayo-08-en-octubre-radio-suquia-96-5\/","title":{"rendered":"La actividad <b>econ\u00f3mica<\/b> cay\u00f3 0,8% en octubre &#8211; Radio Suquia 96.5"},"content":{"rendered":"<p>El Instituto Nacional de Estad\u00edstica y Censos (INDEC) dio a conocer este jueves el dato oficial del Estimador Mensual de la Actividad <b>Econ\u00f3mica<\/b>&nbsp;&#8230; <\/p>\n","protected":false},"excerpt":{"rendered":"<p>El Instituto Nacional de Estad\u00edstica y Censos (INDEC) dio a conocer este jueves el dato oficial del Estimador Mensual de la Actividad Econ\u00f3mica&nbsp;&#8230;<\/p>\n","protected":false},"author":1,"featured_media":0,"comment_status":"closed","ping_status":"closed","sticky":false,"template":"","format":"standard","meta":[],"categories":[40],"tags":[],"_links":{"self":[{"href":"http:\/\/cordobadirecto.com\/index.php\/wp-json\/wp\/v2\/posts\/35058"}],"collection":[{"href":"http:\/\/cordobadirecto.com\/index.php\/wp-json\/wp\/v2\/posts"}],"about":[{"href":"http:\/\/cordobadirecto.com\/index.php\/wp-json\/wp\/v2\/types\/post"}],"author":[{"embeddable":true,"href":"http:\/\/cordobadirecto.com\/index.php\/wp-json\/wp\/v2\/users\/1"}],"replies":[{"embeddable":true,"href":"http:\/\/cordobadirecto.com\/index.php\/wp-json\/wp\/v2\/comments?post=35058"}],"version-history":[{"count":0,"href":"http:\/\/cordobadirecto.com\/index.php\/wp-json\/wp\/v2\/posts\/35058\/revisions"}],"wp:attachment":[{"href":"http:\/\/cordobadirecto.com\/index.php\/wp-json\/wp\/v2\/media?parent=35058"}],"wp:term":[{"taxonomy":"category","embeddable":true,"href":"http:\/\/cordobadirecto.com\/index.php\/wp-json\/wp\/v2\/categories?post=35058"},{"taxonomy":"post_tag","embeddable":true,"href":"http:\/\/cordobadirecto.com\/index.php\/wp-json\/wp\/v2\/tags?post=35058"}],"curies":[{"name":"wp","href":"https:\/\/api.w.org\/{rel}","templated":true}]}}