{"id":3512,"date":"2021-03-23T01:43:04","date_gmt":"2021-03-23T01:43:04","guid":{"rendered":"http:\/\/www.bbc.com\/mundo\/noticias-internacional-56492224"},"modified":"2021-03-23T01:43:04","modified_gmt":"2021-03-23T01:43:04","slug":"ninos-migrantes-las-impactantes-primeras-imagenes-de-los-centros-de-detencion-de-menores-en-ee-uu-durante-el-gobierno-de-biden","status":"publish","type":"post","link":"http:\/\/cordobadirecto.com\/index.php\/2021\/03\/23\/ninos-migrantes-las-impactantes-primeras-imagenes-de-los-centros-de-detencion-de-menores-en-ee-uu-durante-el-gobierno-de-biden\/","title":{"rendered":"Ni\u00f1os migrantes: las impactantes primeras im\u00e1genes de los centros de detenci\u00f3n de menores en EE.UU. durante el gobierno de Biden"},"content":{"rendered":"<div dir=\"ltr\" class=\"e1j2237y6 bbc-q4ibpr e57qer20\">\n<div class=\"bbc-1atl7vu e1c9i7u14\">\n<ul role=\"list\" class=\"bbc-cdrraw e1c9i7u12\">\n<li role=\"listitem\" class=\"bbc-1a3w4ok e1c9i7u11\">Redacci\u00f3n <\/li>\n<li role=\"listitem\" class=\"bbc-1p92jtu e1c9i7u10\">BBC News Mundo<\/li>\n<\/ul>\n<\/div>\n<\/div>\n<p><time datetime=\"2021-03-23\" class=\"bbc-14xtggo e4zesg50\">26 minutos<\/time><\/p>\n<div dir=\"ltr\" class=\"bbc-1ka88fa e57qer20\">\n<figure class=\"bbc-1qdcvv9 e6bmn90\">\n<div dir=\"ltr\" class=\"bbc-172p16q e57qer20\">\n<div dir=\"ltr\" class=\"bbc-189y18v e57qer20\" readability=\"6.5\">\n<div data-e2e=\"image-placeholder\" class=\"bbc-1k5hvrj e1whu0\" readability=\"8\"><img srcset=\"http:\/\/cordobadirecto.com\/wp-content\/uploads\/2021\/03\/ninos-migrantes-las-impactantes-primeras-imagenes-de-los-centros-de-detencion-de-menores-en-ee-uu-durante-el-gobierno-de-biden-6.jpg 240w, http:\/\/cordobadirecto.com\/wp-content\/uploads\/2021\/03\/ninos-migrantes-las-impactantes-primeras-imagenes-de-los-centros-de-detencion-de-menores-en-ee-uu-durante-el-gobierno-de-biden-7.jpg 320w, http:\/\/cordobadirecto.com\/wp-content\/uploads\/2021\/03\/ninos-migrantes-las-impactantes-primeras-imagenes-de-los-centros-de-detencion-de-menores-en-ee-uu-durante-el-gobierno-de-biden-8.jpg 480w, http:\/\/cordobadirecto.com\/wp-content\/uploads\/2021\/03\/ninos-migrantes-las-impactantes-primeras-imagenes-de-los-centros-de-detencion-de-menores-en-ee-uu-durante-el-gobierno-de-biden-9.jpg 624w, http:\/\/cordobadirecto.com\/wp-content\/uploads\/2021\/03\/ninos-migrantes-las-impactantes-primeras-imagenes-de-los-centros-de-detencion-de-menores-en-ee-uu-durante-el-gobierno-de-biden-10.jpg 800w\" alt=\"Migrantes en un centro de detenci\u00f3n temporal en la ciudad de Donna (Texas).\" src=\"http:\/\/cordobadirecto.com\/wp-content\/uploads\/2021\/03\/ninos-migrantes-las-impactantes-primeras-imagenes-de-los-centros-de-detencion-de-menores-en-ee-uu-durante-el-gobierno-de-biden.jpg\" width=\"976\" class=\"bbc-fat2bc e1enwo3v0\"><\/p>\n<p role=\"text\" class=\"bbc-1s1cxbv etq3yw90\"><span class=\"bbc-1gnhmg2 e1yt7oin0\">Fuente de la imagen, <\/span><span lang=\"en-GB\">Reuters<\/span><\/p>\n<\/div>\n<\/div>\n<div dir=\"ltr\" class=\"bbc-3edg7g e57qer20\" readability=\"6.5\"><figcaption dir=\"ltr\" class=\"bbc-1t9zlwf eede9f50\" readability=\"3\"><span class=\"bbc-1gnhmg2 e1yt7oin0\">Pie de foto, <\/span><\/p>\n<p>Estas im\u00e1genes han generado preocupaci\u00f3n sobre las condiciones de los centros de detenci\u00f3n de migrantes en la frontera con M\u00e9xico.<\/p>\n<\/figcaption><\/div>\n<\/div>\n<\/figure>\n<\/div>\n<div dir=\"ltr\" class=\"bbc-19j92fr e57qer20\" readability=\"8\">\n<p dir=\"ltr\" class=\"bbc-bm53ic e1cc2ql70\"><b>Las im\u00e1genes muestran a ni\u00f1os acurrucados en el suelo bajo mantas de aluminio en habitaciones improvisadas llenas de gente.<\/b><\/p>\n<\/div>\n<div dir=\"ltr\" class=\"bbc-19j92fr e57qer20\" readability=\"8\">\n<p dir=\"ltr\" class=\"bbc-bm53ic e1cc2ql70\">Fueron capturadas en un centro de detenci\u00f3n de migrantes en Texas y son las primeras en mostrar las condiciones de este tipo de centros desde que Joe Biden lleg\u00f3 a la presidencia de Estados Unidos.<\/p>\n<\/div>\n<div dir=\"ltr\" class=\"bbc-19j92fr e57qer20\" readability=\"11\">\n<p dir=\"ltr\" class=\"bbc-bm53ic e1cc2ql70\">Divulgadas este lunes por el congresista por Texas Henry Cuellar, las fotos son del interior de un centro de inmigrantes en Donna -en la frontera con M\u00e9xico-, que se estima alberga unas 1.000 personas.<\/p>\n<\/div>\n<div dir=\"ltr\" class=\"bbc-19j92fr e57qer20\" readability=\"8\">\n<p dir=\"ltr\" class=\"bbc-bm53ic e1cc2ql70\"><b>Criticos de Biden le responsabilizan por el incremento en la llegada de inmigrantes indocumentados<\/b> a Estados Unidos que se ha producido en las \u00faltimas semanas.<\/p>\n<\/div>\n<div dir=\"ltr\" class=\"bbc-19j92fr e57qer20\" readability=\"10\">\n<p dir=\"ltr\" class=\"bbc-bm53ic e1cc2ql70\">Desde que asumi\u00f3 el cargo en enero, Biden ha eliminado algunas de las restricciones migratorias introducidas por su predecesor, Donald Trump.<\/p>\n<\/div>\n<div dir=\"ltr\" class=\"bbc-19j92fr e57qer20\" readability=\"10\">\n<p dir=\"ltr\" class=\"bbc-bm53ic e1cc2ql70\">En concreto, el gobierno de Biden suprimi\u00f3 la pol\u00edtica de devolver a M\u00e9xico a los menores no acompa\u00f1ados, cuyos casos ahora son procesados dentro de territorio estadounidense.<\/p>\n<\/div>\n<div dir=\"ltr\" class=\"bbc-19j92fr e57qer20\" readability=\"10\">\n<p dir=\"ltr\" class=\"bbc-bm53ic e1cc2ql70\">Pero durante meses, Trump fue criticado por la severidad con que eran tratados los menores que llegaban a la frontera. Y se form\u00f3 un gran esc\u00e1ndalo por la situaci\u00f3n de los que fueron separados de sus familias.<\/p>\n<\/div>\n<div dir=\"ltr\" class=\"bbc-19j92fr e57qer20\" readability=\"8\">\n<p dir=\"ltr\" class=\"bbc-bm53ic e1cc2ql70\">El gobierno de Biden dijo la semana pasada que las condiciones en algunas instalaciones &#8220;no eran aceptables&#8221;.<\/p>\n<\/div>\n<div dir=\"ltr\" class=\"bbc-1ka88fa e57qer20\">\n<figure class=\"bbc-1qdcvv9 e6bmn90\">\n<div dir=\"ltr\" class=\"bbc-172p16q e57qer20\">\n<div dir=\"ltr\" class=\"bbc-189y18v e57qer20\" readability=\"6.5\">\n<div data-e2e=\"image-placeholder\" class=\"bbc-1u7v96l e1whu0\" readability=\"8\"><noscript><img srcset=\"http:\/\/cordobadirecto.com\/wp-content\/uploads\/2021\/03\/ninos-migrantes-las-impactantes-primeras-imagenes-de-los-centros-de-detencion-de-menores-en-ee-uu-durante-el-gobierno-de-biden-11.jpg 240w, http:\/\/cordobadirecto.com\/wp-content\/uploads\/2021\/03\/ninos-migrantes-las-impactantes-primeras-imagenes-de-los-centros-de-detencion-de-menores-en-ee-uu-durante-el-gobierno-de-biden-12.jpg 320w, http:\/\/cordobadirecto.com\/wp-content\/uploads\/2021\/03\/ninos-migrantes-las-impactantes-primeras-imagenes-de-los-centros-de-detencion-de-menores-en-ee-uu-durante-el-gobierno-de-biden-13.jpg 480w, http:\/\/cordobadirecto.com\/wp-content\/uploads\/2021\/03\/ninos-migrantes-las-impactantes-primeras-imagenes-de-los-centros-de-detencion-de-menores-en-ee-uu-durante-el-gobierno-de-biden-14.jpg 624w, http:\/\/cordobadirecto.com\/wp-content\/uploads\/2021\/03\/ninos-migrantes-las-impactantes-primeras-imagenes-de-los-centros-de-detencion-de-menores-en-ee-uu-durante-el-gobierno-de-biden-15.jpg 800w\" alt=\"Migrantes en un centro de detenci\u00f3n temporal en la ciudad de Donna (Texas).\" src=\"http:\/\/cordobadirecto.com\/wp-content\/uploads\/2021\/03\/ninos-migrantes-las-impactantes-primeras-imagenes-de-los-centros-de-detencion-de-menores-en-ee-uu-durante-el-gobierno-de-biden-1.jpg\" width=\"976\" class=\"bbc-fat2bc e1enwo3v0\"><\/noscript><\/p>\n<p role=\"text\" class=\"bbc-1s1cxbv etq3yw90\"><span class=\"bbc-1gnhmg2 e1yt7oin0\">Fuente de la imagen, <\/span><span lang=\"en-GB\">Reuters<\/span><\/p>\n<\/div>\n<\/div>\n<div dir=\"ltr\" class=\"bbc-3edg7g e57qer20\" readability=\"6.5\"><figcaption dir=\"ltr\" class=\"bbc-1t9zlwf eede9f50\" readability=\"3\"><span class=\"bbc-1gnhmg2 e1yt7oin0\">Pie de foto, <\/span><\/p>\n<p>Los j\u00f3venes migrantes son mantenidos en \u00e1reas atestadas, separadas por cortinas de pl\u00e1stico.<\/p>\n<\/figcaption><\/div>\n<\/div>\n<\/figure>\n<\/div>\n<div dir=\"ltr\" class=\"bbc-19j92fr e57qer20\" readability=\"10\">\n<p dir=\"ltr\" class=\"bbc-bm53ic e1cc2ql70\">El gobierno de Estados Unidos ha dicho que quiere trabajar con M\u00e9xico y Guatemala para abordar las causas fundamentales del problema, que incluyen la pobreza y la violencia generalizadas en Centroam\u00e9rica.<\/p>\n<\/div>\n<div dir=\"ltr\" class=\"bbc-19j92fr e57qer20\" readability=\"12\">\n<p dir=\"ltr\" class=\"bbc-bm53ic e1cc2ql70\">Las im\u00e1genes de Donna, supuestamente capturadas el fin de semana, <b>muestran a los <\/b><b>menores sentados juntos, lo que genera preocupaci\u00f3n por una posible falta de distanciamiento social<\/b> durante la pandemia de coronavirus.<\/p>\n<\/div>\n<div dir=\"ltr\" class=\"bbc-1ka88fa e57qer20\">\n<figure class=\"bbc-1qdcvv9 e6bmn90\">\n<div dir=\"ltr\" class=\"bbc-172p16q e57qer20\">\n<div dir=\"ltr\" class=\"bbc-189y18v e57qer20\" readability=\"6.5\">\n<div data-e2e=\"image-placeholder\" class=\"bbc-1k5hvrj e1whu0\" readability=\"8\"><noscript><img srcset=\"http:\/\/cordobadirecto.com\/wp-content\/uploads\/2021\/03\/ninos-migrantes-las-impactantes-primeras-imagenes-de-los-centros-de-detencion-de-menores-en-ee-uu-durante-el-gobierno-de-biden-16.jpg 240w, http:\/\/cordobadirecto.com\/wp-content\/uploads\/2021\/03\/ninos-migrantes-las-impactantes-primeras-imagenes-de-los-centros-de-detencion-de-menores-en-ee-uu-durante-el-gobierno-de-biden-17.jpg 320w, http:\/\/cordobadirecto.com\/wp-content\/uploads\/2021\/03\/ninos-migrantes-las-impactantes-primeras-imagenes-de-los-centros-de-detencion-de-menores-en-ee-uu-durante-el-gobierno-de-biden-18.jpg 480w, http:\/\/cordobadirecto.com\/wp-content\/uploads\/2021\/03\/ninos-migrantes-las-impactantes-primeras-imagenes-de-los-centros-de-detencion-de-menores-en-ee-uu-durante-el-gobierno-de-biden-19.jpg 624w, http:\/\/cordobadirecto.com\/wp-content\/uploads\/2021\/03\/ninos-migrantes-las-impactantes-primeras-imagenes-de-los-centros-de-detencion-de-menores-en-ee-uu-durante-el-gobierno-de-biden-20.jpg 800w\" alt=\"Migrantes en un centro de detenci\u00f3n temporal en la ciudad de Donna (Texas).\" src=\"http:\/\/cordobadirecto.com\/wp-content\/uploads\/2021\/03\/ninos-migrantes-las-impactantes-primeras-imagenes-de-los-centros-de-detencion-de-menores-en-ee-uu-durante-el-gobierno-de-biden-2.jpg\" width=\"976\" class=\"bbc-fat2bc e1enwo3v0\"><\/noscript><\/p>\n<p role=\"text\" class=\"bbc-1s1cxbv etq3yw90\"><span class=\"bbc-1gnhmg2 e1yt7oin0\">Fuente de la imagen, <\/span><span lang=\"en-GB\">Reuters<\/span><\/p>\n<\/div>\n<\/div>\n<div dir=\"ltr\" class=\"bbc-3edg7g e57qer20\" readability=\"6\"><figcaption dir=\"ltr\" class=\"bbc-1t9zlwf eede9f50\" readability=\"2\"><span class=\"bbc-1gnhmg2 e1yt7oin0\">Pie de foto, <\/span><\/p>\n<p>Los inmigrantes se encuentran recluidos en lugares atestados.<\/p>\n<\/figcaption><\/div>\n<\/div>\n<\/figure>\n<\/div>\n<div dir=\"ltr\" class=\"bbc-19j92fr e57qer20\" readability=\"11\">\n<p dir=\"ltr\" class=\"bbc-bm53ic e1cc2ql70\">Cuellar, quien fue electo por el Partido Dem\u00f3crata, dijo que las personas en el centro de detenci\u00f3n est\u00e1n separadas en ocho &#8220;c\u00e1psulas&#8221; de pl\u00e1stico y <b>dorm\u00edan en el suelo sobre colchones delgados<\/b>.<\/p>\n<\/div>\n<div dir=\"ltr\" class=\"bbc-19j92fr e57qer20\" readability=\"8\">\n<p dir=\"ltr\" class=\"bbc-bm53ic e1cc2ql70\">Activistas proinmigrantes tambi\u00e9n han dicho que las personas alojadas en el lugar no han tenido acceso adecuado a jab\u00f3n o alimentos.<\/p>\n<\/div>\n<div dir=\"ltr\" class=\"bbc-19j92fr e57qer20\" readability=\"12\">\n<p dir=\"ltr\" class=\"bbc-bm53ic e1cc2ql70\">Durante una rueda de prensa el lunes, la secretaria de Prensa de la Casa Blanca, Jen Psaki, dijo que hay una preocupaci\u00f3n especial sobre el aumento en la llegada a Estados Unidos de menores no acompa\u00f1ados por adultos.<\/p>\n<\/div>\n<div dir=\"ltr\" class=\"bbc-1ka88fa e57qer20\">\n<figure class=\"bbc-1qdcvv9 e6bmn90\">\n<div dir=\"ltr\" class=\"bbc-172p16q e57qer20\">\n<div dir=\"ltr\" class=\"bbc-189y18v e57qer20\" readability=\"6.5\">\n<div data-e2e=\"image-placeholder\" class=\"bbc-1k5hvrj e1whu0\" readability=\"8\"><noscript><img srcset=\"http:\/\/cordobadirecto.com\/wp-content\/uploads\/2021\/03\/ninos-migrantes-las-impactantes-primeras-imagenes-de-los-centros-de-detencion-de-menores-en-ee-uu-durante-el-gobierno-de-biden-21.jpg 240w, http:\/\/cordobadirecto.com\/wp-content\/uploads\/2021\/03\/ninos-migrantes-las-impactantes-primeras-imagenes-de-los-centros-de-detencion-de-menores-en-ee-uu-durante-el-gobierno-de-biden-22.jpg 320w, http:\/\/cordobadirecto.com\/wp-content\/uploads\/2021\/03\/ninos-migrantes-las-impactantes-primeras-imagenes-de-los-centros-de-detencion-de-menores-en-ee-uu-durante-el-gobierno-de-biden-23.jpg 480w, http:\/\/cordobadirecto.com\/wp-content\/uploads\/2021\/03\/ninos-migrantes-las-impactantes-primeras-imagenes-de-los-centros-de-detencion-de-menores-en-ee-uu-durante-el-gobierno-de-biden-24.jpg 624w, http:\/\/cordobadirecto.com\/wp-content\/uploads\/2021\/03\/ninos-migrantes-las-impactantes-primeras-imagenes-de-los-centros-de-detencion-de-menores-en-ee-uu-durante-el-gobierno-de-biden-25.jpg 800w\" alt=\"Migrantes en un centro de detenci\u00f3n temporal en la ciudad de Donna (Texas).\" src=\"http:\/\/cordobadirecto.com\/wp-content\/uploads\/2021\/03\/ninos-migrantes-las-impactantes-primeras-imagenes-de-los-centros-de-detencion-de-menores-en-ee-uu-durante-el-gobierno-de-biden-3.jpg\" width=\"976\" class=\"bbc-fat2bc e1enwo3v0\"><\/noscript><\/p>\n<p role=\"text\" class=\"bbc-1s1cxbv etq3yw90\"><span class=\"bbc-1gnhmg2 e1yt7oin0\">Fuente de la imagen, <\/span><span lang=\"en-GB\">Reuters<\/span><\/p>\n<\/div>\n<\/div>\n<div dir=\"ltr\" class=\"bbc-3edg7g e57qer20\" readability=\"6\"><figcaption dir=\"ltr\" class=\"bbc-1t9zlwf eede9f50\" readability=\"2\"><span class=\"bbc-1gnhmg2 e1yt7oin0\">Pie de foto, <\/span><\/p>\n<p>El n\u00famero de menores no acompa\u00f1ados que llegan a la frontera ha aumentado en los \u00faltimos meses.<\/p>\n<\/figcaption><\/div>\n<\/div>\n<\/figure>\n<\/div>\n<div dir=\"ltr\" class=\"bbc-19j92fr e57qer20\" readability=\"7\">\n<p dir=\"ltr\" class=\"bbc-bm53ic e1cc2ql70\">Psaki dijo que Estados Unidos quer\u00eda abordar las causas de la migraci\u00f3n.<\/p>\n<\/div>\n<div dir=\"ltr\" class=\"bbc-19j92fr e57qer20\" readability=\"12\">\n<p dir=\"ltr\" class=\"bbc-bm53ic e1cc2ql70\">&#8220;Los ni\u00f1os que se presentan en nuestra frontera huyendo de la violencia, huyendo de la persecuci\u00f3n, huyendo de situaciones terribles, no se trata de una crisis&#8221;, dijo.<\/p>\n<\/div>\n<div dir=\"ltr\" class=\"bbc-19j92fr e57qer20\" readability=\"9\">\n<p dir=\"ltr\" class=\"bbc-bm53ic e1cc2ql70\">&#8220;Creemos que <b>es nuestra responsabilidad abordar con humanidad esta circunstancia<\/b> y asegurarnos de que se les ponga en condiciones que sean seguras&#8221;, agreg\u00f3.<\/p>\n<\/div>\n<div dir=\"ltr\" class=\"bbc-1ka88fa e57qer20\">\n<figure class=\"bbc-1qdcvv9 e6bmn90\">\n<div dir=\"ltr\" class=\"bbc-172p16q e57qer20\">\n<div dir=\"ltr\" class=\"bbc-189y18v e57qer20\" readability=\"6.5\">\n<div data-e2e=\"image-placeholder\" class=\"bbc-1k5hvrj e1whu0\" readability=\"8\"><noscript><img srcset=\"http:\/\/cordobadirecto.com\/wp-content\/uploads\/2021\/03\/ninos-migrantes-las-impactantes-primeras-imagenes-de-los-centros-de-detencion-de-menores-en-ee-uu-durante-el-gobierno-de-biden-26.jpg 240w, http:\/\/cordobadirecto.com\/wp-content\/uploads\/2021\/03\/ninos-migrantes-las-impactantes-primeras-imagenes-de-los-centros-de-detencion-de-menores-en-ee-uu-durante-el-gobierno-de-biden-27.jpg 320w, http:\/\/cordobadirecto.com\/wp-content\/uploads\/2021\/03\/ninos-migrantes-las-impactantes-primeras-imagenes-de-los-centros-de-detencion-de-menores-en-ee-uu-durante-el-gobierno-de-biden-28.jpg 480w, http:\/\/cordobadirecto.com\/wp-content\/uploads\/2021\/03\/ninos-migrantes-las-impactantes-primeras-imagenes-de-los-centros-de-detencion-de-menores-en-ee-uu-durante-el-gobierno-de-biden-29.jpg 624w, http:\/\/cordobadirecto.com\/wp-content\/uploads\/2021\/03\/ninos-migrantes-las-impactantes-primeras-imagenes-de-los-centros-de-detencion-de-menores-en-ee-uu-durante-el-gobierno-de-biden-30.jpg 800w\" alt=\"El centro de detenci\u00f3n de migrantes en la ciudad de Donna est\u00e1 ubicado cerca de la frontera con M\u00e9xico.\" src=\"http:\/\/cordobadirecto.com\/wp-content\/uploads\/2021\/03\/ninos-migrantes-las-impactantes-primeras-imagenes-de-los-centros-de-detencion-de-menores-en-ee-uu-durante-el-gobierno-de-biden-4.jpg\" width=\"976\" class=\"bbc-fat2bc e1enwo3v0\"><\/noscript><\/p>\n<p role=\"text\" class=\"bbc-1s1cxbv etq3yw90\"><span class=\"bbc-1gnhmg2 e1yt7oin0\">Fuente de la imagen, <\/span><span lang=\"en-GB\">Reuters<\/span><\/p>\n<\/div>\n<\/div>\n<div dir=\"ltr\" class=\"bbc-3edg7g e57qer20\" readability=\"6.5\"><figcaption dir=\"ltr\" class=\"bbc-1t9zlwf eede9f50\" readability=\"3\"><span class=\"bbc-1gnhmg2 e1yt7oin0\">Pie de foto, <\/span><\/p>\n<p>El centro de detenci\u00f3n de migrantes en la ciudad de Donna est\u00e1 ubicado cerca de la frontera con M\u00e9xico.<\/p>\n<\/figcaption><\/div>\n<\/div>\n<\/figure>\n<\/div>\n<div dir=\"ltr\" class=\"bbc-19j92fr e57qer20\" readability=\"8\">\n<p dir=\"ltr\" class=\"bbc-bm53ic e1cc2ql70\">Centenares de menores no acompa\u00f1ados han llegado a la frontera sur de Estados Unidos desde que Biden lleg\u00f3 a la Casa Blanca y est\u00e1n siendo llevados a centros de detenci\u00f3n.<\/p>\n<\/div>\n<div dir=\"ltr\" class=\"bbc-19j92fr e57qer20\" readability=\"9\">\n<p dir=\"ltr\" class=\"bbc-bm53ic e1cc2ql70\">Desde su toma de posesi\u00f3n, Biden orden\u00f3 la reunificaci\u00f3n de los menores migrantes con sus familias y detuvo la construcci\u00f3n del muro fronterizo con M\u00e9xico.<\/p>\n<\/div>\n<div dir=\"ltr\" class=\"bbc-19j92fr e57qer20\" readability=\"10\">\n<p dir=\"ltr\" class=\"bbc-bm53ic e1cc2ql70\">Durante su mandato, el expresidente <b>Trump fue muy criticado por las condiciones en las que funcionaban los centros de inmigrantes<\/b> donde albergaban a los menores,<\/p>\n<\/div>\n<div dir=\"ltr\" class=\"bbc-19j92fr e57qer20\" readability=\"7\">\n<p dir=\"ltr\" class=\"bbc-bm53ic e1cc2ql70\">Algunas de estas instalaciones -ahora renovadas- est\u00e1n siendo utilizadas de nuevo.<\/p>\n<\/div>\n<div dir=\"ltr\" class=\"bbc-19j92fr e57qer20\" readability=\"10\">\n<p dir=\"ltr\" class=\"bbc-bm53ic e1cc2ql70\">Pese a las preocupaciones por el coronavirus, funcionarios de los Centros para el Control y la Prevenci\u00f3n de Enfermedades de Estados Unidos afirman que esas instalaciones pueden operar al 100% de su capacidad.<\/p>\n<\/div>\n<div dir=\"ltr\" class=\"bbc-1ka88fa e57qer20\">\n<figure class=\"bbc-1qdcvv9 e6bmn90\">\n<div dir=\"ltr\" class=\"bbc-172p16q e57qer20\">\n<div dir=\"ltr\" class=\"bbc-189y18v e57qer20\">\n<div data-e2e=\"image-placeholder\" class=\"bbc-uhmmqj e1whu0\"><noscript><img srcset=\"http:\/\/cordobadirecto.com\/wp-content\/uploads\/2021\/03\/ninos-migrantes-las-impactantes-primeras-imagenes-de-los-centros-de-detencion-de-menores-en-ee-uu-durante-el-gobierno-de-biden.png 240w, http:\/\/cordobadirecto.com\/wp-content\/uploads\/2021\/03\/ninos-migrantes-las-impactantes-primeras-imagenes-de-los-centros-de-detencion-de-menores-en-ee-uu-durante-el-gobierno-de-biden-31.jpg 320w, http:\/\/cordobadirecto.com\/wp-content\/uploads\/2021\/03\/ninos-migrantes-las-impactantes-primeras-imagenes-de-los-centros-de-detencion-de-menores-en-ee-uu-durante-el-gobierno-de-biden-32.jpg 480w, http:\/\/cordobadirecto.com\/wp-content\/uploads\/2021\/03\/ninos-migrantes-las-impactantes-primeras-imagenes-de-los-centros-de-detencion-de-menores-en-ee-uu-durante-el-gobierno-de-biden-33.jpg 624w\" alt=\"line\" src=\"http:\/\/cordobadirecto.com\/wp-content\/uploads\/2021\/03\/ninos-migrantes-las-impactantes-primeras-imagenes-de-los-centros-de-detencion-de-menores-en-ee-uu-durante-el-gobierno-de-biden-5.jpg\" width=\"624\" class=\"bbc-fat2bc e1enwo3v0\"><\/noscript><\/div>\n<\/div>\n<\/div>\n<\/figure>\n<\/div>\n<div dir=\"ltr\" class=\"bbc-19j92fr e57qer20\" readability=\"8\">\n<p dir=\"ltr\" class=\"bbc-bm53ic e1cc2ql70\"><i class=\"bbc-h1y5j7 ewc4zcb0\">Ahora puedes recibir notificaciones de BBC Mundo. Descarga la nueva versi\u00f3n de nuestra app y act\u00edvalas para no perderte nuestro mejor contenido.<\/i><\/p>\n<\/div>\n","protected":false},"excerpt":{"rendered":"<p>Redacci\u00f3n BBC News Mundo 26 minutos Fuente de la imagen, Reuters Pie de foto, Estas im\u00e1genes han generado preocupaci\u00f3n sobre las condiciones de los centros de detenci\u00f3n de migrantes en la frontera con M\u00e9xico. Las im\u00e1genes muestran a ni\u00f1os acurrucados en el suelo bajo mantas de aluminio en habitaciones improvisadas llenas de gente. Fueron capturadas [&hellip;]<\/p>\n","protected":false},"author":1,"featured_media":3513,"comment_status":"closed","ping_status":"closed","sticky":false,"template":"","format":"standard","meta":[],"categories":[24],"tags":[],"_links":{"self":[{"href":"http:\/\/cordobadirecto.com\/index.php\/wp-json\/wp\/v2\/posts\/3512"}],"collection":[{"href":"http:\/\/cordobadirecto.com\/index.php\/wp-json\/wp\/v2\/posts"}],"about":[{"href":"http:\/\/cordobadirecto.com\/index.php\/wp-json\/wp\/v2\/types\/post"}],"author":[{"embeddable":true,"href":"http:\/\/cordobadirecto.com\/index.php\/wp-json\/wp\/v2\/users\/1"}],"replies":[{"embeddable":true,"href":"http:\/\/cordobadirecto.com\/index.php\/wp-json\/wp\/v2\/comments?post=3512"}],"version-history":[{"count":0,"href":"http:\/\/cordobadirecto.com\/index.php\/wp-json\/wp\/v2\/posts\/3512\/revisions"}],"wp:featuredmedia":[{"embeddable":true,"href":"http:\/\/cordobadirecto.com\/index.php\/wp-json\/wp\/v2\/media\/3513"}],"wp:attachment":[{"href":"http:\/\/cordobadirecto.com\/index.php\/wp-json\/wp\/v2\/media?parent=3512"}],"wp:term":[{"taxonomy":"category","embeddable":true,"href":"http:\/\/cordobadirecto.com\/index.php\/wp-json\/wp\/v2\/categories?post=3512"},{"taxonomy":"post_tag","embeddable":true,"href":"http:\/\/cordobadirecto.com\/index.php\/wp-json\/wp\/v2\/tags?post=3512"}],"curies":[{"name":"wp","href":"https:\/\/api.w.org\/{rel}","templated":true}]}}