{"id":35160,"date":"2021-12-24T11:26:54","date_gmt":"2021-12-24T11:26:54","guid":{"rendered":"http:\/\/cordobadirecto.com\/index.php\/2021\/12\/24\/el-chaqueno-los-tekis-y-sergio-galleguillo-en-el-festival-de-los-valles-calchaquies\/"},"modified":"2021-12-24T11:26:54","modified_gmt":"2021-12-24T11:26:54","slug":"el-chaqueno-los-tekis-y-sergio-galleguillo-en-el-festival-de-los-valles-calchaquies","status":"publish","type":"post","link":"http:\/\/cordobadirecto.com\/index.php\/2021\/12\/24\/el-chaqueno-los-tekis-y-sergio-galleguillo-en-el-festival-de-los-valles-calchaquies\/","title":{"rendered":"El Chaque\u00f1o, Los Tekis y Sergio Galleguillo en el Festival de los Valles Calchaqu\u00edes"},"content":{"rendered":"<figure class=\"mb-3\"><img loading=\"lazy\" src=\"http:\/\/cordobadirecto.com\/wp-content\/uploads\/2021\/12\/el-chaqueno-los-tekis-y-sergio-galleguillo-en-el-festival-de-los-valles-calchaquies.jpg\" width=\"100%\" height=\"100%\" alt=\"El anuncio de este jueves en la Pea Boliche Balderrama de Salta capital\"><figcaption> El anuncio de este jueves en la Pe\u00f1a Boliche Balderrama de Salta capital. <\/figcaption><\/figure>\n<p><strong>Los Tekis, Oscar Chaque\u00f1o Palavecino y Sergio Galleguillo<\/strong> actuar\u00e1n junto a otros artistas folcl\u00f3ricos en la <strong>41 edici\u00f3n del Festival de los Valles Calchaqu\u00edes<\/strong>, que se realizar\u00e1 en la localidad salte\u00f1a de San Carlos, durante los fines de semana del <strong>7 y 8, y 14 y 15 de enero.<\/strong><\/p>\n<p><strong>\u201cEs uno de los primeros festivales folcl\u00f3ricos de los Valles Calchaqu\u00edes que tiene la posibilidad de mostrarle al mundo todo lo que tenemos, porque adem\u00e1s de nuestros artistas tambi\u00e9n est\u00e1n nuestros artesanos\u201d,<\/strong> expres\u00f3 el intendente de San Carlos, <strong>H\u00e9ctor Vargas<\/strong> al presentar hoy el encuentro musical en una conferencia de prensa en la Pe\u00f1a Boliche Balderrama, de la capital provincial.<\/p>\n<p>El encuentro est\u00e1 programado para los d\u00edas 7 y 8, y 14 y 15 de enero, en San Carlos, ubicada a 200 kil\u00f3metros de la ciudad de Salta.<\/p>\n<p>Los Tekis, el Chaque\u00f1o Palavecino, <strong>Jacinta Condor\u00ed, L\u00e1zaro Caballero<\/strong> y Sergio Galleguillo ser\u00e1n algunas de las figuras que participar\u00e1n de este evento folcl\u00f3rico en San Carlos, que cuenta con todos los servicios tur\u00edsticos habilitados y preparados para la recepci\u00f3n de los visitantes.<\/p>\n<figure class=\"mb-3\"><img loading=\"lazy\" src=\"http:\/\/cordobadirecto.com\/wp-content\/uploads\/2021\/12\/el-chaqueno-los-tekis-y-sergio-galleguillo-en-el-festival-de-los-valles-calchaquies-1.jpg\" width=\"100%\" height=\"100%\" alt=\"El Chaqueo Palavecino una de las importantes presencias del festival\"><figcaption> El Chaque\u00f1o Palavecino, una de las importantes presencias del festival. <\/figcaption><\/figure>\n<p>En el marco del festival folcl\u00f3rico, <strong>se podr\u00e1n recorrer diversas ferias donde se expondr\u00e1n artesan\u00edas, vinos, cervezas artesanales y productos de la zona, adem\u00e1s de una exposici\u00f3n de los productores, un encuentro de copleras y una muestra de ropa artesanal realizada por las Redes de Turismo Rural Comunitario de Amblayo y de Isonza.<\/strong><\/p>\n<p>El intendente destac\u00f3 que <strong>\u201cestas actividades incrementan el turismo y los ingresos econ\u00f3micos que \u00e9ste implica\u201d,<\/strong> y resalt\u00f3 que <strong>\u201ctodos los servicios tur\u00edsticos cuentan con las habilitaciones correspondientes\u201d<\/strong>.<\/p>\n<p>El calendario tur\u00edstico de San Carlos, que es uno de los denominados Lugares M\u00e1gicos de Salta, contempla numerosas actividades hasta marzo: <strong>el 29 de enero se realizar\u00e1 el desentierro del carnaval, en febrero se desarrollar\u00e1 la Fiesta Patronal en honor de la Virgen de la Candelaria, y en marzo tendr\u00e1 lugar en Isonza la Fiesta Patronal por el Se\u00f1or y la Virgen del Milagro<\/strong>. <\/p>\n","protected":false},"excerpt":{"rendered":"<p>El anuncio de este jueves en la Pe\u00f1a Boliche Balderrama de Salta capital. Los Tekis, Oscar Chaque\u00f1o Palavecino y Sergio Galleguillo actuar\u00e1n junto a otros artistas folcl\u00f3ricos en la 41 edici\u00f3n del Festival de los Valles Calchaqu\u00edes, que se realizar\u00e1 en la localidad salte\u00f1a de San Carlos, durante los fines de semana del 7 y [&hellip;]<\/p>\n","protected":false},"author":1,"featured_media":35161,"comment_status":"closed","ping_status":"closed","sticky":false,"template":"","format":"standard","meta":[],"categories":[20],"tags":[],"_links":{"self":[{"href":"http:\/\/cordobadirecto.com\/index.php\/wp-json\/wp\/v2\/posts\/35160"}],"collection":[{"href":"http:\/\/cordobadirecto.com\/index.php\/wp-json\/wp\/v2\/posts"}],"about":[{"href":"http:\/\/cordobadirecto.com\/index.php\/wp-json\/wp\/v2\/types\/post"}],"author":[{"embeddable":true,"href":"http:\/\/cordobadirecto.com\/index.php\/wp-json\/wp\/v2\/users\/1"}],"replies":[{"embeddable":true,"href":"http:\/\/cordobadirecto.com\/index.php\/wp-json\/wp\/v2\/comments?post=35160"}],"version-history":[{"count":0,"href":"http:\/\/cordobadirecto.com\/index.php\/wp-json\/wp\/v2\/posts\/35160\/revisions"}],"wp:featuredmedia":[{"embeddable":true,"href":"http:\/\/cordobadirecto.com\/index.php\/wp-json\/wp\/v2\/media\/35161"}],"wp:attachment":[{"href":"http:\/\/cordobadirecto.com\/index.php\/wp-json\/wp\/v2\/media?parent=35160"}],"wp:term":[{"taxonomy":"category","embeddable":true,"href":"http:\/\/cordobadirecto.com\/index.php\/wp-json\/wp\/v2\/categories?post=35160"},{"taxonomy":"post_tag","embeddable":true,"href":"http:\/\/cordobadirecto.com\/index.php\/wp-json\/wp\/v2\/tags?post=35160"}],"curies":[{"name":"wp","href":"https:\/\/api.w.org\/{rel}","templated":true}]}}