{"id":35191,"date":"2021-12-23T20:22:33","date_gmt":"2021-12-23T20:22:33","guid":{"rendered":"https:\/\/www.ole.com.ar\/autos\/stc2000-calendario_0_neDjgVh6v.html"},"modified":"2021-12-23T20:22:33","modified_gmt":"2021-12-23T20:22:33","slug":"calendario-a-la-vista","status":"publish","type":"post","link":"http:\/\/cordobadirecto.com\/index.php\/2021\/12\/23\/calendario-a-la-vista\/","title":{"rendered":"\u00a1Calendario a la vista!"},"content":{"rendered":"<p>El S\u00faper TC2000 ya piensa en lo que ser\u00e1 su temporada 2022 y por eso dio a conocer el calendario del a\u00f1o que viene.<mark> La cita apertura ser\u00e1 el 20 de febrero en el Oscar Cabal\u00e9n de Alta Gracia.<\/mark><\/p>\n<div class=\"sp__SM\">\n<div class=\"content-new \">\n<span class=\"tit-mobile\">Mir\u00e1 tambi\u00e9n<\/span><\/p>\n<div class=\"mg\">\n<div class=\"wrap-figure\">\n<picture>\n<a href=\"https:\/\/www.ole.com.ar\/autos\/ardusso-continuidad_0_P3tWwqv5u.html\" target=\"_self\" rel=\"noopener\"><br \/>\n<img class=\"img-responsive\" alt=\"Ardusso: &quot;Estoy feliz de seguir en Honda&quot;\" src=\"http:\/\/cordobadirecto.com\/wp-content\/uploads\/2021\/12\/calendario-a-la-vista.jpg\" loading=\"lazy\"><br \/>\n<\/a>\n<\/picture>\n<\/div>\n<\/div><\/div>\n<\/div>\n<p>El campeonato del pr\u00f3ximo a\u00f1o tendr\u00e1 doce fechas y el arranque ser\u00e1 el 20 de febrero en el aut\u00f3dromo Oscar Cabal\u00e9n de la provincia de C\u00f3rdoba.<mark> La segunda cita se disputar\u00e1 en Rosario, mientras que la tercera se har\u00e1 en Bah\u00eda Blanca, escenario que visitar\u00e1 nuevamente la divisional luego de su remodelaci\u00f3n en 2019. <\/mark>En tanto, el 13 de noviembre se concretar\u00e1 el Gran Premio Coronaci\u00f3n, donde se proclamar\u00e1 el nuevo campe\u00f3n de la divisional.<\/p>\n<p><mark>En los pr\u00f3ximos d\u00edas se comunicar\u00e1n los escenarios que recibir\u00e1n el resto de los compromisos del calendario 2022<\/mark>, el cual ser\u00e1 m\u00e1s federal y que visitar\u00e1 circuitos hist\u00f3ricos para la categor\u00eda.<\/p>\n<p>Al igual que en a\u00f1os anteriores, <mark>el S\u00faper TC2000 compartir\u00e1 el evento con la F\u00f3rmula 2.0, el TC2000 y la Fiat Competizione.<\/mark><\/p>\n<div class=\"sp__SM\">\n<div class=\"content-new \">\n<span class=\"tit-mobile\">Mir\u00e1 tambi\u00e9n<\/span><\/p>\n<div class=\"mg\">\n<div class=\"wrap-figure\">\n<picture>\n<a href=\"https:\/\/www.ole.com.ar\/autos\/pernia-2022-stc2000_0_SZNdMWXR9.html\" target=\"_self\" rel=\"noopener\"><br \/>\n<img class=\"img-responsive\" alt=\"&quot;Esta nueva etapa significa un desaf\u00edo grande&quot;\" src=\"http:\/\/cordobadirecto.com\/wp-content\/uploads\/2021\/12\/calendario-a-la-vista-1.jpg\" loading=\"lazy\"><br \/>\n<\/a>\n<\/picture>\n<\/div>\n<\/div><\/div>\n<\/div>\n<p><mark>A continuaci\u00f3n, el calendario 2022 del S\u00faper TC2000:<\/mark><\/p>\n<p> 1ra. Fecha: 20 de febrero &#8211; Aut\u00f3dromo Oscar Cabal\u00e9n (C\u00f3rdoba).<\/p>\n<p> 2da. Fecha: 13 de marzo \u2013 Aut\u00f3dromo Municipal de Rosario (Santa Fe).<\/p>\n<p> 3ra. Fecha: 10 de abril &#8211; Aut\u00f3dromo Ezequiel Crisol (Bahia Blanca).<\/p>\n<p>4ta. Fecha: 1 de mayo<\/p>\n<p>5ta. Fecha: 22 de mayo<\/p>\n<p>6ta. Fecha: 12 de junio<\/p>\n<p>7ma. Fecha: 3 de julio<\/p>\n<p>8va. Fecha: 14 de agosto<\/p>\n<p>9na. Fecha: 11 de septiembre<\/p>\n<p>10ma. Fecha: 2 de octubre<\/p>\n<p>11ma. Fecha: 23 de octubre<\/p>\n<p> 12ma. Fecha: 13 de noviembre<\/p>\n<div class=\"entry-tags\">\n<h2>TEMAS QUE APARECEN EN ESTA NOTA<\/h2>\n<\/p><\/div>\n","protected":false},"excerpt":{"rendered":"<p>El S\u00faper TC2000 ya piensa en lo que ser\u00e1 su temporada 2022 y por eso dio a conocer el calendario del a\u00f1o que viene. La cita apertura ser\u00e1 el 20 de febrero en el Oscar Cabal\u00e9n de Alta Gracia. Mir\u00e1 tambi\u00e9n El campeonato del pr\u00f3ximo a\u00f1o tendr\u00e1 doce fechas y el arranque ser\u00e1 el 20 [&hellip;]<\/p>\n","protected":false},"author":1,"featured_media":35192,"comment_status":"closed","ping_status":"closed","sticky":false,"template":"","format":"standard","meta":[],"categories":[21],"tags":[],"_links":{"self":[{"href":"http:\/\/cordobadirecto.com\/index.php\/wp-json\/wp\/v2\/posts\/35191"}],"collection":[{"href":"http:\/\/cordobadirecto.com\/index.php\/wp-json\/wp\/v2\/posts"}],"about":[{"href":"http:\/\/cordobadirecto.com\/index.php\/wp-json\/wp\/v2\/types\/post"}],"author":[{"embeddable":true,"href":"http:\/\/cordobadirecto.com\/index.php\/wp-json\/wp\/v2\/users\/1"}],"replies":[{"embeddable":true,"href":"http:\/\/cordobadirecto.com\/index.php\/wp-json\/wp\/v2\/comments?post=35191"}],"version-history":[{"count":0,"href":"http:\/\/cordobadirecto.com\/index.php\/wp-json\/wp\/v2\/posts\/35191\/revisions"}],"wp:featuredmedia":[{"embeddable":true,"href":"http:\/\/cordobadirecto.com\/index.php\/wp-json\/wp\/v2\/media\/35192"}],"wp:attachment":[{"href":"http:\/\/cordobadirecto.com\/index.php\/wp-json\/wp\/v2\/media?parent=35191"}],"wp:term":[{"taxonomy":"category","embeddable":true,"href":"http:\/\/cordobadirecto.com\/index.php\/wp-json\/wp\/v2\/categories?post=35191"},{"taxonomy":"post_tag","embeddable":true,"href":"http:\/\/cordobadirecto.com\/index.php\/wp-json\/wp\/v2\/tags?post=35191"}],"curies":[{"name":"wp","href":"https:\/\/api.w.org\/{rel}","templated":true}]}}