{"id":35195,"date":"2021-12-24T11:37:03","date_gmt":"2021-12-24T11:37:03","guid":{"rendered":"https:\/\/www.ole.com.ar\/futbol-ascenso\/p-nacional-leo-buter-nota-barracas_0_owbsEtK1c.html"},"modified":"2021-12-24T11:37:03","modified_gmt":"2021-12-24T11:37:03","slug":"buter-con-ole-su-fallido-debut-en-independiente-y-el-ascenso-en-el-cilindro","status":"publish","type":"post","link":"http:\/\/cordobadirecto.com\/index.php\/2021\/12\/24\/buter-con-ole-su-fallido-debut-en-independiente-y-el-ascenso-en-el-cilindro\/","title":{"rendered":"Buter con Ol\u00e9: su fallido debut en Independiente y el ascenso en el Cilindro"},"content":{"rendered":"<p> En noviembre del 2012, Leonel Buter, luego de su paso por la Selecci\u00f3n Sub-20, debut\u00f3 en Independiente, club donde se form\u00f3. Pero no fue como lo esper\u00f3. En aquel partido frente a Lan\u00fas, con Am\u00e9rico Gallego en el banco, el delantero sufri\u00f3 la rotura de ligamentos cruzados. \u201cFue un momento muy lindo mi debut, por todo el trabajo en inferiores. L\u00e1stima que se vio opacado por la lesi\u00f3n, la cual me hizo tocar fondo. Dej\u00e9 de jugar al f\u00fatbol m\u00e1s de un a\u00f1o. En su momento la pas\u00e9 muy mal, pero hoy me siento m\u00e1s fuerte que nunca\u201d, le dijo a Ol\u00e9.<\/p>\n<div class=\"sp__SM\">\n<div class=\"content-new \">\n<span class=\"tit-mobile\">Mir\u00e1 tambi\u00e9n<\/span><\/p>\n<div class=\"mg\">\n<div class=\"wrap-figure\">\n<picture>\n<a href=\"https:\/\/www.ole.com.ar\/futbol-ascenso\/almirante-italia-parma_0_Fs-jOvwZ0.html\" target=\"_self\" rel=\"noopener\"><br \/>\n<img class=\"img-responsive\" alt=\"A D\u00e1ttola lo quiere el Parma: \u00bfse va?\" src=\"http:\/\/cordobadirecto.com\/wp-content\/uploads\/2021\/12\/buter-con-ole-su-fallido-debut-en-independiente-y-el-ascenso-en-el-cilindro.jpg\" loading=\"lazy\"><br \/>\n<\/a>\n<\/picture>\n<\/div>\n<\/div><\/div>\n<\/div>\n<p>Pese a ese duro momento, el atacante de 28 de a\u00f1os record\u00f3 de la mejor manera al Rojo y mantiene la ilusi\u00f3n de alguna vez pegar la vuelta a Avellaneda: \u201cMe gustar\u00eda volver. Es mi casa y soy hincha. Lo sigo a todos lados. Veremos qu\u00e9 depara el futuro. La espina de volver a Independiente est\u00e1, porque ah\u00ed me form\u00e9 como persona. Me ha dejado much\u00edsimas cosas. Todos sue\u00f1an con jugar en el Libertadores de Am\u00e9rica\u201d.<\/p>\n<div class=\"sp__SM\">\n<div class=\"content-new \">\n<span class=\"tit-mobile\">Mir\u00e1 tambi\u00e9n<\/span><\/p>\n<div class=\"mg\">\n<div class=\"wrap-figure\">\n<picture>\n<a href=\"https:\/\/www.ole.com.ar\/boca-juniors\/figura-central-cordoba-boca-festejar_0_G0-mBSsaS.html\" target=\"_self\" rel=\"noopener\"><br \/>\n<img class=\"img-responsive\" alt=\"La figura del rival de Boca en Copa Argentina: &quot;Es un partido que hay que disfrutar&quot;\" src=\"http:\/\/cordobadirecto.com\/wp-content\/uploads\/2021\/12\/buter-con-ole-su-fallido-debut-en-independiente-y-el-ascenso-en-el-cilindro-1.jpg\" loading=\"lazy\"><br \/>\n<\/a>\n<\/picture>\n<\/div>\n<\/div><\/div>\n<\/div>\n<p>Y lo que son las vueltas de la vida. Las vueltas del f\u00fatbol, mejor dicho. El pasado martes, Leonel ascendi\u00f3 con Barracas Central a la m\u00e1xima categor\u00eda del f\u00fatbol argentino. Lo hizo, ni m\u00e1s ni menos, que en la cancha de Racing\u2026 \u201cFue hermoso ascender en ese estadio. Lo disfrut\u00e9 mucho. Quer\u00eda ser parte de esto. Es muy lindo poder festejar en esa cancha, ja\u201d. Por otro lado, habl\u00f3 del ascenso: \u201cEs una gran alegr\u00eda y desahogo. Son muchos sentimientos juntos. Fue un a\u00f1o muy largo. Reci\u00e9n el 22 de diciembre pudimos decir termin\u00f3\u201d.<\/p>\n<div class=\"sp__SM\">\n<div class=\"content-new \">\n<span class=\"tit-mobile\">Mir\u00e1 tambi\u00e9n<\/span><\/p>\n<div class=\"mg\">\n<div class=\"wrap-figure\">\n<picture>\n<a href=\"https:\/\/www.ole.com.ar\/fuera-de-juego\/papa-barracas-central-ascenso_0_uK3hzDSer.html\" target=\"_self\" rel=\"noopener\"><br \/>\n<img class=\"img-responsive\" alt=\"\u00a1Hasta el Papa se enter\u00f3 que ascendi\u00f3 Barracas Central!\" src=\"http:\/\/cordobadirecto.com\/wp-content\/uploads\/2021\/12\/buter-con-ole-su-fallido-debut-en-independiente-y-el-ascenso-en-el-cilindro-2.jpg\" loading=\"lazy\"><br \/>\n<\/a>\n<\/picture>\n<\/div>\n<\/div><\/div>\n<\/div>\n<p>Por \u00faltimo, se refiri\u00f3 a los duros comentarios sobre el Guapo, los cuales acusan que fue beneficiando en el torneo: \u201cLas cr\u00edticas a otro grupo podr\u00edan haberlo afectado. A nosotros nos fortaleci\u00f3. Nos ha dolido, pero nos dio fuerza. Toc\u00f3 el orgullo y nos dio impotencia, porque nosotros tenemos un muy buen f\u00fatbol. Hicimos grandes partidos y siempre se le buscaba el pelo al huevo, pero es parte de la idiosincrasia de este mundo\u201d.<\/p>\n<div class=\"sp__SM\">\n<div class=\"content-new \">\n<span class=\"tit-mobile\">Mir\u00e1 tambi\u00e9n<\/span><\/p>\n<div class=\"mg\">\n<div class=\"wrap-figure\">\n<picture>\n<a href=\"https:\/\/www.ole.com.ar\/futbol-ascenso\/ascensos-equipos-categorias_0_B8qWpkF0B.html\" target=\"_self\" rel=\"noopener\"><br \/>\n<img class=\"img-responsive\" alt=\"Regalos anticipados: as\u00ed quedaron los ascensos\" src=\"http:\/\/cordobadirecto.com\/wp-content\/uploads\/2021\/12\/buter-con-ole-su-fallido-debut-en-independiente-y-el-ascenso-en-el-cilindro-3.jpg\" loading=\"lazy\"><br \/>\n<\/a>\n<\/picture>\n<\/div>\n<\/div><\/div>\n<\/div>\n<div class=\"sp__SM\">\n<div class=\"content-new \">\n<span class=\"tit-mobile\">Mir\u00e1 tambi\u00e9n<\/span><\/p>\n<div class=\"mg\">\n<div class=\"wrap-figure\">\n<picture>\n<a href=\"https:\/\/www.ole.com.ar\/futbol-ascenso\/migliore-deportivo-espanol-mensaje_0_PR-5RtH9z.html\" target=\"_self\" rel=\"noopener\"><br \/>\n<img class=\"img-responsive\" alt=\"Pablo Migliore regresa al f\u00fatbol: jugar\u00e1 en la C\" src=\"http:\/\/cordobadirecto.com\/wp-content\/uploads\/2021\/12\/buter-con-ole-su-fallido-debut-en-independiente-y-el-ascenso-en-el-cilindro-4.jpg\" loading=\"lazy\"><br \/>\n<\/a>\n<\/picture>\n<\/div>\n<\/div><\/div>\n<\/div>\n<div class=\"sp__SM\">\n<div class=\"content-new \">\n<span class=\"tit-mobile\">Mir\u00e1 tambi\u00e9n<\/span><\/p>\n<div class=\"mg\">\n<div class=\"wrap-figure\">\n<picture>\n<a href=\"https:\/\/www.ole.com.ar\/fuera-de-juego\/video-pina-asistente-linea-liga_0_SNQodjf0N.html\" target=\"_self\" rel=\"noopener\"><br \/>\n<img class=\"img-responsive\" alt=\"Video: tremenda pi\u00f1a a un juez de l\u00ednea en el Interior\" src=\"http:\/\/cordobadirecto.com\/wp-content\/uploads\/2021\/12\/buter-con-ole-su-fallido-debut-en-independiente-y-el-ascenso-en-el-cilindro-5.jpg\" loading=\"lazy\"><br \/>\n<\/a>\n<\/picture>\n<\/div>\n<\/div><\/div>\n<\/div>\n<div class=\"entry-tags\">\n<h2>TEMAS QUE APARECEN EN ESTA NOTA<\/h2>\n<\/p><\/div>\n","protected":false},"excerpt":{"rendered":"<p>En noviembre del 2012, Leonel Buter, luego de su paso por la Selecci\u00f3n Sub-20, debut\u00f3 en Independiente, club donde se form\u00f3. Pero no fue como lo esper\u00f3. En aquel partido frente a Lan\u00fas, con Am\u00e9rico Gallego en el banco, el delantero sufri\u00f3 la rotura de ligamentos cruzados. \u201cFue un momento muy lindo mi debut, por [&hellip;]<\/p>\n","protected":false},"author":1,"featured_media":35196,"comment_status":"closed","ping_status":"closed","sticky":false,"template":"","format":"standard","meta":[],"categories":[21],"tags":[],"_links":{"self":[{"href":"http:\/\/cordobadirecto.com\/index.php\/wp-json\/wp\/v2\/posts\/35195"}],"collection":[{"href":"http:\/\/cordobadirecto.com\/index.php\/wp-json\/wp\/v2\/posts"}],"about":[{"href":"http:\/\/cordobadirecto.com\/index.php\/wp-json\/wp\/v2\/types\/post"}],"author":[{"embeddable":true,"href":"http:\/\/cordobadirecto.com\/index.php\/wp-json\/wp\/v2\/users\/1"}],"replies":[{"embeddable":true,"href":"http:\/\/cordobadirecto.com\/index.php\/wp-json\/wp\/v2\/comments?post=35195"}],"version-history":[{"count":0,"href":"http:\/\/cordobadirecto.com\/index.php\/wp-json\/wp\/v2\/posts\/35195\/revisions"}],"wp:featuredmedia":[{"embeddable":true,"href":"http:\/\/cordobadirecto.com\/index.php\/wp-json\/wp\/v2\/media\/35196"}],"wp:attachment":[{"href":"http:\/\/cordobadirecto.com\/index.php\/wp-json\/wp\/v2\/media?parent=35195"}],"wp:term":[{"taxonomy":"category","embeddable":true,"href":"http:\/\/cordobadirecto.com\/index.php\/wp-json\/wp\/v2\/categories?post=35195"},{"taxonomy":"post_tag","embeddable":true,"href":"http:\/\/cordobadirecto.com\/index.php\/wp-json\/wp\/v2\/tags?post=35195"}],"curies":[{"name":"wp","href":"https:\/\/api.w.org\/{rel}","templated":true}]}}