{"id":35325,"date":"2021-12-25T11:37:59","date_gmt":"2021-12-25T11:37:59","guid":{"rendered":"http:\/\/cordobadirecto.com\/index.php\/2021\/12\/25\/tinelli-denuncio-un-intento-de-golpe-de-algunos-dirigentes-de-la-lpf\/"},"modified":"2021-12-25T11:37:59","modified_gmt":"2021-12-25T11:37:59","slug":"tinelli-denuncio-un-intento-de-golpe-de-algunos-dirigentes-de-la-lpf","status":"publish","type":"post","link":"http:\/\/cordobadirecto.com\/index.php\/2021\/12\/25\/tinelli-denuncio-un-intento-de-golpe-de-algunos-dirigentes-de-la-lpf\/","title":{"rendered":"Tinelli denunci\u00f3 un intento de &#8220;golpe&#8221; de algunos dirigentes de la LPF"},"content":{"rendered":"<figure class=\"mb-3\"><img loading=\"lazy\" src=\"http:\/\/cordobadirecto.com\/wp-content\/uploads\/2021\/12\/tinelli-denuncio-un-intento-de-golpe-de-algunos-dirigentes-de-la-lpf.jpg\" width=\"100%\" height=\"100%\" alt=\"Foto Archivo\"><figcaption> Foto: Archivo <\/figcaption><\/figure>\n<p>El presidente de la Liga Profesional de F\u00fatbol (LPF), <strong>Marcelo Tinelli<\/strong>, denunci\u00f3 este viernes un <strong>intento de &#8220;desestabilizaci\u00f3n institucional&#8221;<\/strong> por parte de algunos dirigentes de clubes, a lo que calific\u00f3 como <strong>&#8220;un golpe artero&#8221;<\/strong>, y dej\u00f3 abierta la posibilidad de llamar a elecciones &#8220;en caso de que la instituci\u00f3n lo considere necesario&#8221;.<\/p>\n<p>Las expresiones de Tinelli (presidente de San Lorenzo pero en licencia hasta mayo), difundidas a trav\u00e9s de una <strong>carta<\/strong>, fueron la respuesta a versiones sobre un <strong>posible malestar de varios dirigentes respecto de su manejo al frente de la LPF<\/strong> y a la idea que impulsan para <strong>reemplazarlo &#8220;en los primeros d\u00edas de 2022&#8221;<\/strong>.<\/p>\n<p>Seg\u00fan esas mismas versiones, el reclamo principal estar\u00eda vinculado a la generaci\u00f3n de ingresos por la venta de los derechos televisivos del certamen y a su posterior reparto; y el presidente de la AFA, <strong>Claudio &#8220;Chiqui&#8221; Tapia<\/strong>, apoyar\u00eda a los dirigentes que plantean la necesidad de una renovaci\u00f3n al frente de la Liga.<\/p>\n<div class=\"jumbotron pt-4 mt-3\" readability=\"50\">\n<h3 class=\"module-title\">La carta enviada a los clubes<\/h3>\n<p>&#8220;A los clubes integrantes de la Primera Divisi\u00f3n de la LPF. En los \u00faltimos d\u00edas hemos asistido -con sorpresa e incredulidad- a un movimiento iniciado por algunos clubes, ciertos de \u00e9stos maliciosamente inducidos a partir de informaci\u00f3n falsa e incorrecta, que se arrogan la representaci\u00f3n del conjunto de las instituciones que integran la Liga Profesional de F\u00fatbol&#8221;.<\/p>\n<p>&#8220;Este grupo reducido nunca me manifest\u00f3 sus diferencias en forma personal, ni las plante\u00f3 institucionalmente, en un debate con sus pares en las reuniones de Comit\u00e9 Ejecutivo de nuestra Liga, que es el lugar en donde deben plantearse las diferentes cuestiones que ata\u00f1en a nuestra actividad&#8221;.<\/p>\n<p>&#8220;Por mi formaci\u00f3n y mis valores, considero a la desestabilizaci\u00f3n institucional un golpe artero, no s\u00f3lo a las autoridades que fueron leg\u00edtimamente electas en forma oportuna, sino tambi\u00e9n a la vida de la organizaci\u00f3n que se trata de violentar&#8221;.<\/p>\n<p>&#8220;No comparto los m\u00e9todos ni los valores de las personas que llevan adelante esta aventura, y creo firmemente en la democracia en todos los niveles de nuestra vida institucional y en la legitimidad que deben tener quienes nos representan&#8221;.<\/p>\n<p>&#8220;En virtud de ello, y de las conversaciones que he mantenido con todos los Clubes, en mi car\u00e1cter de Presidente de la LPF los convoco a una reuni\u00f3n del Comit\u00e9 Ejecutivo a llevarse a cabo el 11 de enero de 2022, inmediatamente despu\u00e9s del sorteo del fixture de los torneos del pr\u00f3ximo a\u00f1o (el cual est\u00e1 pautado para el 11\/01\/2022 a las 15 hs en el Hotel Hilton)&#8221;.<\/p>\n<p>&#8220;All\u00ed trataremos especialmente cualquier asunto relativo a las autoridades vigentes de la Liga como tambi\u00e9n consideraremos el llamado a elecciones de Presidente y Mesa Directiva, en caso que el m\u00e1ximo \u00f3rgano de nuestra instituci\u00f3n lo considere necesario&#8221;.<\/p>\n<p>&#8220;Nuevamente, lamento dirigirme a Ustedes en este momento del a\u00f1o por estas circunstancias, hubiera deseado que esta nota fuera para compartir lo mucho que se logr\u00f3 trabajando en equipo en un a\u00f1o tan dif\u00edcil como fue 2021&#8221;.<\/p>\n<\/p><\/div>\n<p>M\u00e1s all\u00e1 del empresario y periodista, la estructura de la LPF se sostiene en su CEO, Francisco Duarte; en su director honorario, Eduardo Spinoza (Banfield); y en sus vices: Cristian Malaspina (Argentinos), Sergio Rapisarda (V\u00e9lez) y Hern\u00e1n Arboleya (Lan\u00fas).<\/p>\n<p>La Liga Profesional de F\u00fatbol reemplaz\u00f3 en 2020 a la Superliga Argentina, surgida en 2017 y que estaba conducida por Mariano Elizondo, justamente cercano a Tinelli.<\/p>\n","protected":false},"excerpt":{"rendered":"<p>Foto: Archivo El presidente de la Liga Profesional de F\u00fatbol (LPF), Marcelo Tinelli, denunci\u00f3 este viernes un intento de &#8220;desestabilizaci\u00f3n institucional&#8221; por parte de algunos dirigentes de clubes, a lo que calific\u00f3 como &#8220;un golpe artero&#8221;, y dej\u00f3 abierta la posibilidad de llamar a elecciones &#8220;en caso de que la instituci\u00f3n lo considere necesario&#8221;. Las [&hellip;]<\/p>\n","protected":false},"author":1,"featured_media":35326,"comment_status":"closed","ping_status":"closed","sticky":false,"template":"","format":"standard","meta":[],"categories":[21],"tags":[],"_links":{"self":[{"href":"http:\/\/cordobadirecto.com\/index.php\/wp-json\/wp\/v2\/posts\/35325"}],"collection":[{"href":"http:\/\/cordobadirecto.com\/index.php\/wp-json\/wp\/v2\/posts"}],"about":[{"href":"http:\/\/cordobadirecto.com\/index.php\/wp-json\/wp\/v2\/types\/post"}],"author":[{"embeddable":true,"href":"http:\/\/cordobadirecto.com\/index.php\/wp-json\/wp\/v2\/users\/1"}],"replies":[{"embeddable":true,"href":"http:\/\/cordobadirecto.com\/index.php\/wp-json\/wp\/v2\/comments?post=35325"}],"version-history":[{"count":0,"href":"http:\/\/cordobadirecto.com\/index.php\/wp-json\/wp\/v2\/posts\/35325\/revisions"}],"wp:featuredmedia":[{"embeddable":true,"href":"http:\/\/cordobadirecto.com\/index.php\/wp-json\/wp\/v2\/media\/35326"}],"wp:attachment":[{"href":"http:\/\/cordobadirecto.com\/index.php\/wp-json\/wp\/v2\/media?parent=35325"}],"wp:term":[{"taxonomy":"category","embeddable":true,"href":"http:\/\/cordobadirecto.com\/index.php\/wp-json\/wp\/v2\/categories?post=35325"},{"taxonomy":"post_tag","embeddable":true,"href":"http:\/\/cordobadirecto.com\/index.php\/wp-json\/wp\/v2\/tags?post=35325"}],"curies":[{"name":"wp","href":"https:\/\/api.w.org\/{rel}","templated":true}]}}