{"id":35363,"date":"2021-12-24T15:21:33","date_gmt":"2021-12-24T15:21:33","guid":{"rendered":"https:\/\/www.ole.com.ar\/autos\/mercedes-puso-marcha-w13_0_rpVTc21ox.html"},"modified":"2021-12-24T15:21:33","modified_gmt":"2021-12-24T15:21:33","slug":"lo-puso-en-marcha","status":"publish","type":"post","link":"http:\/\/cordobadirecto.com\/index.php\/2021\/12\/24\/lo-puso-en-marcha\/","title":{"rendered":"Lo puso en marcha"},"content":{"rendered":"<p>Despu\u00e9s de lo que fue la apasionante definici\u00f3n de la temporada 2021 de F\u00f3rmula 1, donde Lewis Hamilton perdi\u00f3 el campeonato. <mark>Parece ser que la escuder\u00eda Mercedes dej\u00f3 ese mal trago en el pasado, ya que puso en marcha por primera vez el motor del W13, el auto que competir\u00e1 en el 2022 de la M\u00e1xima.<\/mark><\/p>\n<div class=\"sp__SM\">\n<div class=\"content-new \">\n<span class=\"tit-mobile\">Mir\u00e1 tambi\u00e9n<\/span><\/p>\n<div class=\"mg\">\n<div class=\"wrap-figure\">\n<picture>\n<a href=\"https:\/\/www.ole.com.ar\/autos\/latifi-recibio-amenazas_0_W7-izbqmH.html\" target=\"_self\" rel=\"noopener\"><br \/>\n<img class=\"img-responsive\" alt=\"Latifi recibi\u00f3 amenazas de muerte tras Abu Dhabi\" src=\"http:\/\/cordobadirecto.com\/wp-content\/uploads\/2021\/12\/lo-puso-en-marcha.jpg\" loading=\"lazy\"><br \/>\n<\/a>\n<\/picture>\n<\/div>\n<\/div><\/div>\n<\/div>\n<p>Mercedes comparti\u00f3 en sus redes sociales las im\u00e1genes de la primera puesta en marcha del impulsor que llevar\u00e1 su auto W13 la pr\u00f3xima temporada.<\/p>\n<div class=\"sp__SM\">\n<div class=\"content-new \">\n<span class=\"tit-mobile\">Mir\u00e1 tambi\u00e9n<\/span><\/p>\n<div class=\"mg\">\n<div class=\"wrap-figure\">\n<picture>\n<a href=\"https:\/\/www.ole.com.ar\/autos\/lewis-hamilton-retira-formula-1_0_9jubD9rcB.html\" target=\"_self\" rel=\"noopener\"><br \/>\n<img class=\"img-responsive\" alt=\"\u00bfLewis Hamilton se retira de la F\u00f3rmula 1?\" src=\"http:\/\/cordobadirecto.com\/wp-content\/uploads\/2021\/12\/lo-puso-en-marcha-1.jpg\" loading=\"lazy\"><br \/>\n<\/a>\n<\/picture>\n<\/div>\n<\/div><\/div>\n<\/div>\n<p><mark>El video que public\u00f3 el equipo dura 48 segundos y no se puede ver mucho del flamante auto y podr\u00eda destacarse la ausencia de Toto Wolff en el lugar<\/mark>, aunque el jefe del equipo dijo presente a trav\u00e9s de una videollamada donde se lo ve sonreir.<\/p>\n<div class=\"entry-tags\">\n<h2>TEMAS QUE APARECEN EN ESTA NOTA<\/h2>\n<\/p><\/div>\n","protected":false},"excerpt":{"rendered":"<p>Despu\u00e9s de lo que fue la apasionante definici\u00f3n de la temporada 2021 de F\u00f3rmula 1, donde Lewis Hamilton perdi\u00f3 el campeonato. Parece ser que la escuder\u00eda Mercedes dej\u00f3 ese mal trago en el pasado, ya que puso en marcha por primera vez el motor del W13, el auto que competir\u00e1 en el 2022 de la [&hellip;]<\/p>\n","protected":false},"author":1,"featured_media":35364,"comment_status":"closed","ping_status":"closed","sticky":false,"template":"","format":"standard","meta":[],"categories":[21],"tags":[],"_links":{"self":[{"href":"http:\/\/cordobadirecto.com\/index.php\/wp-json\/wp\/v2\/posts\/35363"}],"collection":[{"href":"http:\/\/cordobadirecto.com\/index.php\/wp-json\/wp\/v2\/posts"}],"about":[{"href":"http:\/\/cordobadirecto.com\/index.php\/wp-json\/wp\/v2\/types\/post"}],"author":[{"embeddable":true,"href":"http:\/\/cordobadirecto.com\/index.php\/wp-json\/wp\/v2\/users\/1"}],"replies":[{"embeddable":true,"href":"http:\/\/cordobadirecto.com\/index.php\/wp-json\/wp\/v2\/comments?post=35363"}],"version-history":[{"count":0,"href":"http:\/\/cordobadirecto.com\/index.php\/wp-json\/wp\/v2\/posts\/35363\/revisions"}],"wp:featuredmedia":[{"embeddable":true,"href":"http:\/\/cordobadirecto.com\/index.php\/wp-json\/wp\/v2\/media\/35364"}],"wp:attachment":[{"href":"http:\/\/cordobadirecto.com\/index.php\/wp-json\/wp\/v2\/media?parent=35363"}],"wp:term":[{"taxonomy":"category","embeddable":true,"href":"http:\/\/cordobadirecto.com\/index.php\/wp-json\/wp\/v2\/categories?post=35363"},{"taxonomy":"post_tag","embeddable":true,"href":"http:\/\/cordobadirecto.com\/index.php\/wp-json\/wp\/v2\/tags?post=35363"}],"curies":[{"name":"wp","href":"https:\/\/api.w.org\/{rel}","templated":true}]}}